{"id":1084,"date":"2021-09-22T21:57:38","date_gmt":"2021-09-22T18:57:38","guid":{"rendered":"https:\/\/tfk.fi\/wp1\/?p=1084"},"modified":"2021-09-23T21:02:36","modified_gmt":"2021-09-23T18:02:36","slug":"verdin-requiem-valmiina-lavalle","status":"publish","type":"post","link":"https:\/\/tfk.fi\/wp1\/verdin-requiem-valmiina-lavalle\/","title":{"rendered":"Verdin Requiem valmiina lavalle"},"content":{"rendered":"\n<figure class=\"wp-block-image size-large\"><img loading=\"lazy\" decoding=\"async\" width=\"1024\" height=\"653\" src=\"https:\/\/tfk.fi\/wp1\/wp-content\/uploads\/2021\/09\/Verdi_harkat_22092021-1024x653.jpg\" alt=\"\" class=\"wp-image-1085\" srcset=\"https:\/\/tfk.fi\/wp1\/wp-content\/uploads\/2021\/09\/Verdi_harkat_22092021-1024x653.jpg 1024w, https:\/\/tfk.fi\/wp1\/wp-content\/uploads\/2021\/09\/Verdi_harkat_22092021-300x191.jpg 300w, https:\/\/tfk.fi\/wp1\/wp-content\/uploads\/2021\/09\/Verdi_harkat_22092021-768x490.jpg 768w, https:\/\/tfk.fi\/wp1\/wp-content\/uploads\/2021\/09\/Verdi_harkat_22092021-1536x980.jpg 1536w, https:\/\/tfk.fi\/wp1\/wp-content\/uploads\/2021\/09\/Verdi_harkat_22092021-2048x1307.jpg 2048w, https:\/\/tfk.fi\/wp1\/wp-content\/uploads\/2021\/09\/Verdi_harkat_22092021-960x613.jpg 960w\" sizes=\"auto, (max-width: 1024px) 100vw, 1024px\" \/><figcaption><em>Kuoromestari Jouni Rissanen ja korrepetiittori Tuuli Wirkkula Tampereen Filharmonisen Kuoron ja Oopperakuoron yhteisharjoituksessa keskiviikkona 22.9.2021.<\/em> <\/figcaption><\/figure>\n\n\n\n<p>Verdin parhaimmaksi oopperaksi kutsuttu Requiem toteutuu 8. ja 9. lokakuuta yhteisty\u00f6n\u00e4 Tampere Filharmonian, Tampereen Filharmonisen Kuoron, Tampereen Oopperan kuoron ja nelj\u00e4n solistin voimin. Teoksen johtaa ylikapellimestari Santtu-Matias Rouvali ja solisteina vierailevat sopraano Marjukka Tepponen, altto Maiju Vaahtoluoto,  tenori Andrea Shin ja basso Giorgi Kirof.<\/p>\n\n\n\n<p>Tampereen Filharmoninen kuoro ja Tampereen Oopperan kuoro viimeisteliv\u00e4t teoksen yksityiskohtia keskiviikkona 22. Tampere-talon Maestrossa.<\/p>\n\n\n\n<p>Koronarajoitusten poistuttua konsertteihin on saatavilla viel\u00e4 lippuja. Lis\u00e4tietoja: <a href=\"https:\/\/www.tampere-talo.fi\/tapahtumat\/verdi-requiem\/\" target=\"_blank\" rel=\"noreferrer noopener\">https:\/\/www.tampere-talo.fi\/tapahtumat\/verdi-requiem\/<\/a><\/p>\n","protected":false},"excerpt":{"rendered":"<p>Verdin parhaimmaksi oopperaksi kutsuttu Requiem toteutuu 8. ja 9. lokakuuta yhteisty\u00f6n\u00e4 Tampere Filharmonian, Tampereen Filharmonisen Kuoron, Tampereen Oopperan kuoron ja nelj\u00e4n solistin voimin. Teoksen johtaa ylikapellimestari Santtu-Matias Rouvali ja solisteina vierailevat sopraano Marjukka Tepponen, altto Maiju Vaahtoluoto, tenori Andrea Shin ja basso Giorgi Kirof. Tampereen Filharmoninen kuoro ja Tampereen Oopperan kuoro viimeisteliv\u00e4t teoksen yksityiskohtia keskiviikkona <a href=\"https:\/\/tfk.fi\/wp1\/verdin-requiem-valmiina-lavalle\/\" class=\"more-link\">...jatka lukemista<span class=\"screen-reader-text\"> \"Verdin Requiem valmiina lavalle\"<\/span><\/a><\/p>\n","protected":false},"author":6,"featured_media":0,"comment_status":"closed","ping_status":"closed","sticky":false,"template":"","format":"standard","meta":{"footnotes":""},"categories":[5],"tags":[],"class_list":{"0":"post-1084","1":"post","2":"type-post","3":"status-publish","4":"format-standard","6":"category-ajankohtaista","7":"h-entry","8":"hentry","9":"h-as-article"},"yoast_head":"<!-- This site is optimized with the Yoast SEO plugin v23.4 - https:\/\/yoast.com\/wordpress\/plugins\/seo\/ -->\n<title>Verdin Requiem valmiina lavalle - TAMPEREEN FILHARMONINEN KUORO<\/title>\n<meta name=\"robots\" content=\"index, follow, max-snippet:-1, max-image-preview:large, max-video-preview:-1\" \/>\n<link rel=\"canonical\" href=\"https:\/\/tfk.fi\/wp1\/verdin-requiem-valmiina-lavalle\/\" \/>\n<meta property=\"og:locale\" content=\"fi_FI\" \/>\n<meta property=\"og:type\" content=\"article\" \/>\n<meta property=\"og:title\" content=\"Verdin Requiem valmiina lavalle - TAMPEREEN FILHARMONINEN KUORO\" \/>\n<meta property=\"og:description\" content=\"Verdin parhaimmaksi oopperaksi kutsuttu Requiem toteutuu 8. ja 9. lokakuuta yhteisty\u00f6n\u00e4 Tampere Filharmonian, Tampereen Filharmonisen Kuoron, Tampereen Oopperan kuoron ja nelj\u00e4n solistin voimin. Teoksen johtaa ylikapellimestari Santtu-Matias Rouvali ja solisteina vierailevat sopraano Marjukka Tepponen, altto Maiju Vaahtoluoto, tenori Andrea Shin ja basso Giorgi Kirof. Tampereen Filharmoninen kuoro ja Tampereen Oopperan kuoro viimeisteliv\u00e4t teoksen yksityiskohtia keskiviikkona ...jatka lukemista &quot;Verdin Requiem valmiina lavalle&quot;\" \/>\n<meta property=\"og:url\" content=\"https:\/\/tfk.fi\/wp1\/verdin-requiem-valmiina-lavalle\/\" \/>\n<meta property=\"og:site_name\" content=\"TAMPEREEN FILHARMONINEN KUORO\" \/>\n<meta property=\"article:publisher\" content=\"https:\/\/fi-fi.facebook.com\/TampereenFilharmoninenKuoro\/\" \/>\n<meta property=\"article:published_time\" content=\"2021-09-22T18:57:38+00:00\" \/>\n<meta property=\"article:modified_time\" content=\"2021-09-23T18:02:36+00:00\" \/>\n<meta property=\"og:image\" content=\"https:\/\/tfk.fi\/wp1\/wp-content\/uploads\/2021\/09\/Verdi_harkat_22092021-1024x653.jpg\" \/>\n<meta name=\"author\" content=\"mattisalmenkangas\" \/>\n<meta name=\"twitter:card\" content=\"summary_large_image\" \/>\n<meta name=\"twitter:creator\" content=\"@tfk_tampere\" \/>\n<meta name=\"twitter:site\" content=\"@tfk_tampere\" \/>\n<meta name=\"twitter:label1\" content=\"Kirjoittanut\" \/>\n\t<meta name=\"twitter:data1\" content=\"mattisalmenkangas\" \/>\n\t<meta name=\"twitter:label2\" content=\"Arvioitu lukuaika\" \/>\n\t<meta name=\"twitter:data2\" content=\"1 minuutti\" \/>\n<script type=\"application\/ld+json\" class=\"yoast-schema-graph\">{\"@context\":\"https:\/\/schema.org\",\"@graph\":[{\"@type\":\"Article\",\"@id\":\"https:\/\/tfk.fi\/wp1\/verdin-requiem-valmiina-lavalle\/#article\",\"isPartOf\":{\"@id\":\"https:\/\/tfk.fi\/wp1\/verdin-requiem-valmiina-lavalle\/\"},\"author\":{\"name\":\"mattisalmenkangas\",\"@id\":\"https:\/\/tfk.fi\/wp1\/#\/schema\/person\/450050e359af6258fdfe3782f654cbc9\"},\"headline\":\"Verdin Requiem valmiina lavalle\",\"datePublished\":\"2021-09-22T18:57:38+00:00\",\"dateModified\":\"2021-09-23T18:02:36+00:00\",\"mainEntityOfPage\":{\"@id\":\"https:\/\/tfk.fi\/wp1\/verdin-requiem-valmiina-lavalle\/\"},\"wordCount\":91,\"publisher\":{\"@id\":\"https:\/\/tfk.fi\/wp1\/#organization\"},\"image\":{\"@id\":\"https:\/\/tfk.fi\/wp1\/verdin-requiem-valmiina-lavalle\/#primaryimage\"},\"thumbnailUrl\":\"https:\/\/tfk.fi\/wp1\/wp-content\/uploads\/2021\/09\/Verdi_harkat_22092021-1024x653.jpg\",\"articleSection\":[\"Ajankohtaista\"],\"inLanguage\":\"fi\"},{\"@type\":\"WebPage\",\"@id\":\"https:\/\/tfk.fi\/wp1\/verdin-requiem-valmiina-lavalle\/\",\"url\":\"https:\/\/tfk.fi\/wp1\/verdin-requiem-valmiina-lavalle\/\",\"name\":\"Verdin Requiem valmiina lavalle - TAMPEREEN FILHARMONINEN KUORO\",\"isPartOf\":{\"@id\":\"https:\/\/tfk.fi\/wp1\/#website\"},\"primaryImageOfPage\":{\"@id\":\"https:\/\/tfk.fi\/wp1\/verdin-requiem-valmiina-lavalle\/#primaryimage\"},\"image\":{\"@id\":\"https:\/\/tfk.fi\/wp1\/verdin-requiem-valmiina-lavalle\/#primaryimage\"},\"thumbnailUrl\":\"https:\/\/tfk.fi\/wp1\/wp-content\/uploads\/2021\/09\/Verdi_harkat_22092021-1024x653.jpg\",\"datePublished\":\"2021-09-22T18:57:38+00:00\",\"dateModified\":\"2021-09-23T18:02:36+00:00\",\"breadcrumb\":{\"@id\":\"https:\/\/tfk.fi\/wp1\/verdin-requiem-valmiina-lavalle\/#breadcrumb\"},\"inLanguage\":\"fi\",\"potentialAction\":[{\"@type\":\"ReadAction\",\"target\":[\"https:\/\/tfk.fi\/wp1\/verdin-requiem-valmiina-lavalle\/\"]}]},{\"@type\":\"ImageObject\",\"inLanguage\":\"fi\",\"@id\":\"https:\/\/tfk.fi\/wp1\/verdin-requiem-valmiina-lavalle\/#primaryimage\",\"url\":\"https:\/\/tfk.fi\/wp1\/wp-content\/uploads\/2021\/09\/Verdi_harkat_22092021.jpg\",\"contentUrl\":\"https:\/\/tfk.fi\/wp1\/wp-content\/uploads\/2021\/09\/Verdi_harkat_22092021.jpg\",\"width\":2200,\"height\":1404},{\"@type\":\"BreadcrumbList\",\"@id\":\"https:\/\/tfk.fi\/wp1\/verdin-requiem-valmiina-lavalle\/#breadcrumb\",\"itemListElement\":[{\"@type\":\"ListItem\",\"position\":1,\"name\":\"Home\",\"item\":\"https:\/\/tfk.fi\/wp1\/\"},{\"@type\":\"ListItem\",\"position\":2,\"name\":\"Verdin Requiem valmiina lavalle\"}]},{\"@type\":\"WebSite\",\"@id\":\"https:\/\/tfk.fi\/wp1\/#website\",\"url\":\"https:\/\/tfk.fi\/wp1\/\",\"name\":\"TAMPEREEN FILHARMONINEN KUORO\",\"description\":\"Tampere Philharmonic Choir\",\"publisher\":{\"@id\":\"https:\/\/tfk.fi\/wp1\/#organization\"},\"potentialAction\":[{\"@type\":\"SearchAction\",\"target\":{\"@type\":\"EntryPoint\",\"urlTemplate\":\"https:\/\/tfk.fi\/wp1\/?s={search_term_string}\"},\"query-input\":{\"@type\":\"PropertyValueSpecification\",\"valueRequired\":true,\"valueName\":\"search_term_string\"}}],\"inLanguage\":\"fi\"},{\"@type\":\"Organization\",\"@id\":\"https:\/\/tfk.fi\/wp1\/#organization\",\"name\":\"Tampereen Filharmoninen Kuoro\",\"url\":\"https:\/\/tfk.fi\/wp1\/\",\"logo\":{\"@type\":\"ImageObject\",\"inLanguage\":\"fi\",\"@id\":\"https:\/\/tfk.fi\/wp1\/#\/schema\/logo\/image\/\",\"url\":\"https:\/\/tfk.fi\/wp1\/wp-content\/uploads\/2018\/08\/TFK-logo_100x50.jpg\",\"contentUrl\":\"https:\/\/tfk.fi\/wp1\/wp-content\/uploads\/2018\/08\/TFK-logo_100x50.jpg\",\"width\":100,\"height\":53,\"caption\":\"Tampereen Filharmoninen Kuoro\"},\"image\":{\"@id\":\"https:\/\/tfk.fi\/wp1\/#\/schema\/logo\/image\/\"},\"sameAs\":[\"https:\/\/fi-fi.facebook.com\/TampereenFilharmoninenKuoro\/\",\"https:\/\/x.com\/tfk_tampere\",\"https:\/\/www.instagram.com\/tampereenfilharmoninenkuoro\/?hl=fi\",\"https:\/\/www.youtube.com\/channel\/UCHNsgug_VXv_-TiyOBP5_cg\/featured\",\"https:\/\/fi.wikipedia.org\/wiki\/Tampereen_Filharmoninen_Kuoro\"]},{\"@type\":\"Person\",\"@id\":\"https:\/\/tfk.fi\/wp1\/#\/schema\/person\/450050e359af6258fdfe3782f654cbc9\",\"name\":\"mattisalmenkangas\",\"image\":{\"@type\":\"ImageObject\",\"inLanguage\":\"fi\",\"@id\":\"https:\/\/tfk.fi\/wp1\/#\/schema\/person\/image\/\",\"url\":\"https:\/\/secure.gravatar.com\/avatar\/4e5df962cb625e5a45162236525aff2b9aa36416eadc7115421044673d338b1b?s=96&d=mm&r=g\",\"contentUrl\":\"https:\/\/secure.gravatar.com\/avatar\/4e5df962cb625e5a45162236525aff2b9aa36416eadc7115421044673d338b1b?s=96&d=mm&r=g\",\"caption\":\"mattisalmenkangas\"},\"url\":\"https:\/\/tfk.fi\/wp1\/author\/mattisalmenkangas\/\"}]}<\/script>\n<!-- \/ Yoast SEO plugin. -->","yoast_head_json":{"title":"Verdin Requiem valmiina lavalle - TAMPEREEN FILHARMONINEN KUORO","robots":{"index":"index","follow":"follow","max-snippet":"max-snippet:-1","max-image-preview":"max-image-preview:large","max-video-preview":"max-video-preview:-1"},"canonical":"https:\/\/tfk.fi\/wp1\/verdin-requiem-valmiina-lavalle\/","og_locale":"fi_FI","og_type":"article","og_title":"Verdin Requiem valmiina lavalle - TAMPEREEN FILHARMONINEN KUORO","og_description":"Verdin parhaimmaksi oopperaksi kutsuttu Requiem toteutuu 8. ja 9. lokakuuta yhteisty\u00f6n\u00e4 Tampere Filharmonian, Tampereen Filharmonisen Kuoron, Tampereen Oopperan kuoron ja nelj\u00e4n solistin voimin. Teoksen johtaa ylikapellimestari Santtu-Matias Rouvali ja solisteina vierailevat sopraano Marjukka Tepponen, altto Maiju Vaahtoluoto, tenori Andrea Shin ja basso Giorgi Kirof. Tampereen Filharmoninen kuoro ja Tampereen Oopperan kuoro viimeisteliv\u00e4t teoksen yksityiskohtia keskiviikkona ...jatka lukemista \"Verdin Requiem valmiina lavalle\"","og_url":"https:\/\/tfk.fi\/wp1\/verdin-requiem-valmiina-lavalle\/","og_site_name":"TAMPEREEN FILHARMONINEN KUORO","article_publisher":"https:\/\/fi-fi.facebook.com\/TampereenFilharmoninenKuoro\/","article_published_time":"2021-09-22T18:57:38+00:00","article_modified_time":"2021-09-23T18:02:36+00:00","og_image":[{"url":"https:\/\/tfk.fi\/wp1\/wp-content\/uploads\/2021\/09\/Verdi_harkat_22092021-1024x653.jpg"}],"author":"mattisalmenkangas","twitter_card":"summary_large_image","twitter_creator":"@tfk_tampere","twitter_site":"@tfk_tampere","twitter_misc":{"Kirjoittanut":"mattisalmenkangas","Arvioitu lukuaika":"1 minuutti"},"schema":{"@context":"https:\/\/schema.org","@graph":[{"@type":"Article","@id":"https:\/\/tfk.fi\/wp1\/verdin-requiem-valmiina-lavalle\/#article","isPartOf":{"@id":"https:\/\/tfk.fi\/wp1\/verdin-requiem-valmiina-lavalle\/"},"author":{"name":"mattisalmenkangas","@id":"https:\/\/tfk.fi\/wp1\/#\/schema\/person\/450050e359af6258fdfe3782f654cbc9"},"headline":"Verdin Requiem valmiina lavalle","datePublished":"2021-09-22T18:57:38+00:00","dateModified":"2021-09-23T18:02:36+00:00","mainEntityOfPage":{"@id":"https:\/\/tfk.fi\/wp1\/verdin-requiem-valmiina-lavalle\/"},"wordCount":91,"publisher":{"@id":"https:\/\/tfk.fi\/wp1\/#organization"},"image":{"@id":"https:\/\/tfk.fi\/wp1\/verdin-requiem-valmiina-lavalle\/#primaryimage"},"thumbnailUrl":"https:\/\/tfk.fi\/wp1\/wp-content\/uploads\/2021\/09\/Verdi_harkat_22092021-1024x653.jpg","articleSection":["Ajankohtaista"],"inLanguage":"fi"},{"@type":"WebPage","@id":"https:\/\/tfk.fi\/wp1\/verdin-requiem-valmiina-lavalle\/","url":"https:\/\/tfk.fi\/wp1\/verdin-requiem-valmiina-lavalle\/","name":"Verdin Requiem valmiina lavalle - TAMPEREEN FILHARMONINEN KUORO","isPartOf":{"@id":"https:\/\/tfk.fi\/wp1\/#website"},"primaryImageOfPage":{"@id":"https:\/\/tfk.fi\/wp1\/verdin-requiem-valmiina-lavalle\/#primaryimage"},"image":{"@id":"https:\/\/tfk.fi\/wp1\/verdin-requiem-valmiina-lavalle\/#primaryimage"},"thumbnailUrl":"https:\/\/tfk.fi\/wp1\/wp-content\/uploads\/2021\/09\/Verdi_harkat_22092021-1024x653.jpg","datePublished":"2021-09-22T18:57:38+00:00","dateModified":"2021-09-23T18:02:36+00:00","breadcrumb":{"@id":"https:\/\/tfk.fi\/wp1\/verdin-requiem-valmiina-lavalle\/#breadcrumb"},"inLanguage":"fi","potentialAction":[{"@type":"ReadAction","target":["https:\/\/tfk.fi\/wp1\/verdin-requiem-valmiina-lavalle\/"]}]},{"@type":"ImageObject","inLanguage":"fi","@id":"https:\/\/tfk.fi\/wp1\/verdin-requiem-valmiina-lavalle\/#primaryimage","url":"https:\/\/tfk.fi\/wp1\/wp-content\/uploads\/2021\/09\/Verdi_harkat_22092021.jpg","contentUrl":"https:\/\/tfk.fi\/wp1\/wp-content\/uploads\/2021\/09\/Verdi_harkat_22092021.jpg","width":2200,"height":1404},{"@type":"BreadcrumbList","@id":"https:\/\/tfk.fi\/wp1\/verdin-requiem-valmiina-lavalle\/#breadcrumb","itemListElement":[{"@type":"ListItem","position":1,"name":"Home","item":"https:\/\/tfk.fi\/wp1\/"},{"@type":"ListItem","position":2,"name":"Verdin Requiem valmiina lavalle"}]},{"@type":"WebSite","@id":"https:\/\/tfk.fi\/wp1\/#website","url":"https:\/\/tfk.fi\/wp1\/","name":"TAMPEREEN FILHARMONINEN KUORO","description":"Tampere Philharmonic Choir","publisher":{"@id":"https:\/\/tfk.fi\/wp1\/#organization"},"potentialAction":[{"@type":"SearchAction","target":{"@type":"EntryPoint","urlTemplate":"https:\/\/tfk.fi\/wp1\/?s={search_term_string}"},"query-input":{"@type":"PropertyValueSpecification","valueRequired":true,"valueName":"search_term_string"}}],"inLanguage":"fi"},{"@type":"Organization","@id":"https:\/\/tfk.fi\/wp1\/#organization","name":"Tampereen Filharmoninen Kuoro","url":"https:\/\/tfk.fi\/wp1\/","logo":{"@type":"ImageObject","inLanguage":"fi","@id":"https:\/\/tfk.fi\/wp1\/#\/schema\/logo\/image\/","url":"https:\/\/tfk.fi\/wp1\/wp-content\/uploads\/2018\/08\/TFK-logo_100x50.jpg","contentUrl":"https:\/\/tfk.fi\/wp1\/wp-content\/uploads\/2018\/08\/TFK-logo_100x50.jpg","width":100,"height":53,"caption":"Tampereen Filharmoninen Kuoro"},"image":{"@id":"https:\/\/tfk.fi\/wp1\/#\/schema\/logo\/image\/"},"sameAs":["https:\/\/fi-fi.facebook.com\/TampereenFilharmoninenKuoro\/","https:\/\/x.com\/tfk_tampere","https:\/\/www.instagram.com\/tampereenfilharmoninenkuoro\/?hl=fi","https:\/\/www.youtube.com\/channel\/UCHNsgug_VXv_-TiyOBP5_cg\/featured","https:\/\/fi.wikipedia.org\/wiki\/Tampereen_Filharmoninen_Kuoro"]},{"@type":"Person","@id":"https:\/\/tfk.fi\/wp1\/#\/schema\/person\/450050e359af6258fdfe3782f654cbc9","name":"mattisalmenkangas","image":{"@type":"ImageObject","inLanguage":"fi","@id":"https:\/\/tfk.fi\/wp1\/#\/schema\/person\/image\/","url":"https:\/\/secure.gravatar.com\/avatar\/4e5df962cb625e5a45162236525aff2b9aa36416eadc7115421044673d338b1b?s=96&d=mm&r=g","contentUrl":"https:\/\/secure.gravatar.com\/avatar\/4e5df962cb625e5a45162236525aff2b9aa36416eadc7115421044673d338b1b?s=96&d=mm&r=g","caption":"mattisalmenkangas"},"url":"https:\/\/tfk.fi\/wp1\/author\/mattisalmenkangas\/"}]}},"_links":{"self":[{"href":"https:\/\/tfk.fi\/wp1\/wp-json\/wp\/v2\/posts\/1084","targetHints":{"allow":["GET"]}}],"collection":[{"href":"https:\/\/tfk.fi\/wp1\/wp-json\/wp\/v2\/posts"}],"about":[{"href":"https:\/\/tfk.fi\/wp1\/wp-json\/wp\/v2\/types\/post"}],"author":[{"embeddable":true,"href":"https:\/\/tfk.fi\/wp1\/wp-json\/wp\/v2\/users\/6"}],"replies":[{"embeddable":true,"href":"https:\/\/tfk.fi\/wp1\/wp-json\/wp\/v2\/comments?post=1084"}],"version-history":[{"count":8,"href":"https:\/\/tfk.fi\/wp1\/wp-json\/wp\/v2\/posts\/1084\/revisions"}],"predecessor-version":[{"id":1093,"href":"https:\/\/tfk.fi\/wp1\/wp-json\/wp\/v2\/posts\/1084\/revisions\/1093"}],"wp:attachment":[{"href":"https:\/\/tfk.fi\/wp1\/wp-json\/wp\/v2\/media?parent=1084"}],"wp:term":[{"taxonomy":"category","embeddable":true,"href":"https:\/\/tfk.fi\/wp1\/wp-json\/wp\/v2\/categories?post=1084"},{"taxonomy":"post_tag","embeddable":true,"href":"https:\/\/tfk.fi\/wp1\/wp-json\/wp\/v2\/tags?post=1084"}],"curies":[{"name":"wp","href":"https:\/\/api.w.org\/{rel}","templated":true}]}}