{"id":1114,"date":"2021-10-11T12:42:34","date_gmt":"2021-10-11T09:42:34","guid":{"rendered":"https:\/\/tfk.fi\/wp1\/?p=1114"},"modified":"2021-11-05T12:19:32","modified_gmt":"2021-11-05T10:19:32","slug":"verdin-requiem-sykahdytti","status":"publish","type":"post","link":"https:\/\/tfk.fi\/wp1\/verdin-requiem-sykahdytti\/","title":{"rendered":"Verdin Requiem syk\u00e4hdytti"},"content":{"rendered":"\n<figure class=\"wp-block-image size-large\"><img loading=\"lazy\" decoding=\"async\" width=\"1024\" height=\"388\" src=\"https:\/\/tfk.fi\/wp1\/wp-content\/uploads\/2021\/10\/TFK_2021-1024x388.jpg\" alt=\"\" class=\"wp-image-1115\" srcset=\"https:\/\/tfk.fi\/wp1\/wp-content\/uploads\/2021\/10\/TFK_2021-1024x388.jpg 1024w, https:\/\/tfk.fi\/wp1\/wp-content\/uploads\/2021\/10\/TFK_2021-300x114.jpg 300w, https:\/\/tfk.fi\/wp1\/wp-content\/uploads\/2021\/10\/TFK_2021-768x291.jpg 768w, https:\/\/tfk.fi\/wp1\/wp-content\/uploads\/2021\/10\/TFK_2021-1536x582.jpg 1536w, https:\/\/tfk.fi\/wp1\/wp-content\/uploads\/2021\/10\/TFK_2021-960x364.jpg 960w, https:\/\/tfk.fi\/wp1\/wp-content\/uploads\/2021\/10\/TFK_2021.jpg 2000w\" sizes=\"auto, (max-width: 1024px) 100vw, 1024px\" \/><figcaption><em>Tampereen Filharmoninen Kuoro ja Tampereen Oopperakuoro orkesteriharjoituksessa keskiviikkona 6.10. Tampere-talossa.<\/em><\/figcaption><\/figure>\n\n\n\n<p>Puolentoista vuoden piinaavan odotuksen j\u00e4lkeen Verdin Requiem sai esityksens\u00e4. Tyytyv\u00e4isi\u00e4 olivat niin kuulijat kuin laulajat ja soittajatkin. Kritiikeist\u00e4 p\u00e4\u00e4tellen esitt\u00e4misen ilo v\u00e4littyi my\u00f6s yleis\u00f6\u00f6n. <br><a href=\"https:\/\/www.aamulehti.fi\/kulttuuri\/art-2000008321618.html\">Aamulehden arvio &gt;&gt;.<\/a><br><a href=\"https:\/\/kulttuuritoimitus.fi\/kritiikit\/kritiikit-konsertit\/kuinka-paljon-aanta-mahtuu-tampere-taloon-santtu-matias-rouvali-orkesteri-kuorot-ja-solistit-tekivat-taydellisen-verdin-sielunmessun\/\">Kulttuuritoimituksen arvio &gt;&gt;<\/a>.<\/p>\n\n\n\n<p>Valmistautuminen Yl\u00f6j\u00e4rven kirkon joulukonserttiin 15.12. alkaa saman tien. <\/p>\n\n\n\n<p>  <\/p>\n","protected":false},"excerpt":{"rendered":"<p>Puolentoista vuoden piinaavan odotuksen j\u00e4lkeen Verdin Requiem sai esityksens\u00e4. Tyytyv\u00e4isi\u00e4 olivat niin kuulijat kuin laulajat ja soittajatkin. Kritiikeist\u00e4 p\u00e4\u00e4tellen esitt\u00e4misen ilo v\u00e4littyi my\u00f6s yleis\u00f6\u00f6n. Aamulehden arvio &gt;&gt;.Kulttuuritoimituksen arvio &gt;&gt;. Valmistautuminen Yl\u00f6j\u00e4rven kirkon joulukonserttiin 15.12. alkaa saman tien.<\/p>\n","protected":false},"author":1,"featured_media":0,"comment_status":"closed","ping_status":"closed","sticky":false,"template":"","format":"standard","meta":{"footnotes":""},"categories":[5],"tags":[],"class_list":{"0":"post-1114","1":"post","2":"type-post","3":"status-publish","4":"format-standard","6":"category-ajankohtaista","7":"h-entry","8":"hentry","9":"h-as-article"},"yoast_head":"<!-- This site is optimized with the Yoast SEO plugin v23.4 - https:\/\/yoast.com\/wordpress\/plugins\/seo\/ -->\n<title>Verdin Requiem syk\u00e4hdytti - TAMPEREEN FILHARMONINEN KUORO<\/title>\n<meta name=\"robots\" content=\"index, follow, max-snippet:-1, max-image-preview:large, max-video-preview:-1\" \/>\n<link rel=\"canonical\" href=\"https:\/\/tfk.fi\/wp1\/verdin-requiem-sykahdytti\/\" \/>\n<meta property=\"og:locale\" content=\"fi_FI\" \/>\n<meta property=\"og:type\" content=\"article\" \/>\n<meta property=\"og:title\" content=\"Verdin Requiem syk\u00e4hdytti - TAMPEREEN FILHARMONINEN KUORO\" \/>\n<meta property=\"og:description\" content=\"Puolentoista vuoden piinaavan odotuksen j\u00e4lkeen Verdin Requiem sai esityksens\u00e4. Tyytyv\u00e4isi\u00e4 olivat niin kuulijat kuin laulajat ja soittajatkin. Kritiikeist\u00e4 p\u00e4\u00e4tellen esitt\u00e4misen ilo v\u00e4littyi my\u00f6s yleis\u00f6\u00f6n. Aamulehden arvio &gt;&gt;.Kulttuuritoimituksen arvio &gt;&gt;. Valmistautuminen Yl\u00f6j\u00e4rven kirkon joulukonserttiin 15.12. alkaa saman tien.\" \/>\n<meta property=\"og:url\" content=\"https:\/\/tfk.fi\/wp1\/verdin-requiem-sykahdytti\/\" \/>\n<meta property=\"og:site_name\" content=\"TAMPEREEN FILHARMONINEN KUORO\" \/>\n<meta property=\"article:publisher\" content=\"https:\/\/fi-fi.facebook.com\/TampereenFilharmoninenKuoro\/\" \/>\n<meta property=\"article:published_time\" content=\"2021-10-11T09:42:34+00:00\" \/>\n<meta property=\"article:modified_time\" content=\"2021-11-05T10:19:32+00:00\" \/>\n<meta property=\"og:image\" content=\"https:\/\/tfk.fi\/wp1\/wp-content\/uploads\/2021\/10\/TFK_2021-1024x388.jpg\" \/>\n<meta name=\"author\" content=\"by admin\" \/>\n<meta name=\"twitter:card\" content=\"summary_large_image\" \/>\n<meta name=\"twitter:creator\" content=\"@tfk_tampere\" \/>\n<meta name=\"twitter:site\" content=\"@tfk_tampere\" \/>\n<meta name=\"twitter:label1\" content=\"Kirjoittanut\" \/>\n\t<meta name=\"twitter:data1\" content=\"by admin\" \/>\n\t<meta name=\"twitter:label2\" content=\"Arvioitu lukuaika\" \/>\n\t<meta name=\"twitter:data2\" content=\"1 minuutti\" \/>\n<script type=\"application\/ld+json\" class=\"yoast-schema-graph\">{\"@context\":\"https:\/\/schema.org\",\"@graph\":[{\"@type\":\"Article\",\"@id\":\"https:\/\/tfk.fi\/wp1\/verdin-requiem-sykahdytti\/#article\",\"isPartOf\":{\"@id\":\"https:\/\/tfk.fi\/wp1\/verdin-requiem-sykahdytti\/\"},\"author\":{\"name\":\"by admin\",\"@id\":\"https:\/\/tfk.fi\/wp1\/#\/schema\/person\/62082e74fe9513a38b7374d5d9ce95c2\"},\"headline\":\"Verdin Requiem syk\u00e4hdytti\",\"datePublished\":\"2021-10-11T09:42:34+00:00\",\"dateModified\":\"2021-11-05T10:19:32+00:00\",\"mainEntityOfPage\":{\"@id\":\"https:\/\/tfk.fi\/wp1\/verdin-requiem-sykahdytti\/\"},\"wordCount\":61,\"publisher\":{\"@id\":\"https:\/\/tfk.fi\/wp1\/#organization\"},\"image\":{\"@id\":\"https:\/\/tfk.fi\/wp1\/verdin-requiem-sykahdytti\/#primaryimage\"},\"thumbnailUrl\":\"https:\/\/tfk.fi\/wp1\/wp-content\/uploads\/2021\/10\/TFK_2021-1024x388.jpg\",\"articleSection\":[\"Ajankohtaista\"],\"inLanguage\":\"fi\"},{\"@type\":\"WebPage\",\"@id\":\"https:\/\/tfk.fi\/wp1\/verdin-requiem-sykahdytti\/\",\"url\":\"https:\/\/tfk.fi\/wp1\/verdin-requiem-sykahdytti\/\",\"name\":\"Verdin Requiem syk\u00e4hdytti - TAMPEREEN FILHARMONINEN KUORO\",\"isPartOf\":{\"@id\":\"https:\/\/tfk.fi\/wp1\/#website\"},\"primaryImageOfPage\":{\"@id\":\"https:\/\/tfk.fi\/wp1\/verdin-requiem-sykahdytti\/#primaryimage\"},\"image\":{\"@id\":\"https:\/\/tfk.fi\/wp1\/verdin-requiem-sykahdytti\/#primaryimage\"},\"thumbnailUrl\":\"https:\/\/tfk.fi\/wp1\/wp-content\/uploads\/2021\/10\/TFK_2021-1024x388.jpg\",\"datePublished\":\"2021-10-11T09:42:34+00:00\",\"dateModified\":\"2021-11-05T10:19:32+00:00\",\"breadcrumb\":{\"@id\":\"https:\/\/tfk.fi\/wp1\/verdin-requiem-sykahdytti\/#breadcrumb\"},\"inLanguage\":\"fi\",\"potentialAction\":[{\"@type\":\"ReadAction\",\"target\":[\"https:\/\/tfk.fi\/wp1\/verdin-requiem-sykahdytti\/\"]}]},{\"@type\":\"ImageObject\",\"inLanguage\":\"fi\",\"@id\":\"https:\/\/tfk.fi\/wp1\/verdin-requiem-sykahdytti\/#primaryimage\",\"url\":\"https:\/\/tfk.fi\/wp1\/wp-content\/uploads\/2021\/10\/TFK_2021.jpg\",\"contentUrl\":\"https:\/\/tfk.fi\/wp1\/wp-content\/uploads\/2021\/10\/TFK_2021.jpg\",\"width\":2000,\"height\":758},{\"@type\":\"BreadcrumbList\",\"@id\":\"https:\/\/tfk.fi\/wp1\/verdin-requiem-sykahdytti\/#breadcrumb\",\"itemListElement\":[{\"@type\":\"ListItem\",\"position\":1,\"name\":\"Home\",\"item\":\"https:\/\/tfk.fi\/wp1\/\"},{\"@type\":\"ListItem\",\"position\":2,\"name\":\"Verdin Requiem syk\u00e4hdytti\"}]},{\"@type\":\"WebSite\",\"@id\":\"https:\/\/tfk.fi\/wp1\/#website\",\"url\":\"https:\/\/tfk.fi\/wp1\/\",\"name\":\"TAMPEREEN FILHARMONINEN KUORO\",\"description\":\"Tampere Philharmonic Choir\",\"publisher\":{\"@id\":\"https:\/\/tfk.fi\/wp1\/#organization\"},\"potentialAction\":[{\"@type\":\"SearchAction\",\"target\":{\"@type\":\"EntryPoint\",\"urlTemplate\":\"https:\/\/tfk.fi\/wp1\/?s={search_term_string}\"},\"query-input\":{\"@type\":\"PropertyValueSpecification\",\"valueRequired\":true,\"valueName\":\"search_term_string\"}}],\"inLanguage\":\"fi\"},{\"@type\":\"Organization\",\"@id\":\"https:\/\/tfk.fi\/wp1\/#organization\",\"name\":\"Tampereen Filharmoninen Kuoro\",\"url\":\"https:\/\/tfk.fi\/wp1\/\",\"logo\":{\"@type\":\"ImageObject\",\"inLanguage\":\"fi\",\"@id\":\"https:\/\/tfk.fi\/wp1\/#\/schema\/logo\/image\/\",\"url\":\"https:\/\/tfk.fi\/wp1\/wp-content\/uploads\/2018\/08\/TFK-logo_100x50.jpg\",\"contentUrl\":\"https:\/\/tfk.fi\/wp1\/wp-content\/uploads\/2018\/08\/TFK-logo_100x50.jpg\",\"width\":100,\"height\":53,\"caption\":\"Tampereen Filharmoninen Kuoro\"},\"image\":{\"@id\":\"https:\/\/tfk.fi\/wp1\/#\/schema\/logo\/image\/\"},\"sameAs\":[\"https:\/\/fi-fi.facebook.com\/TampereenFilharmoninenKuoro\/\",\"https:\/\/x.com\/tfk_tampere\",\"https:\/\/www.instagram.com\/tampereenfilharmoninenkuoro\/?hl=fi\",\"https:\/\/www.youtube.com\/channel\/UCHNsgug_VXv_-TiyOBP5_cg\/featured\",\"https:\/\/fi.wikipedia.org\/wiki\/Tampereen_Filharmoninen_Kuoro\"]},{\"@type\":\"Person\",\"@id\":\"https:\/\/tfk.fi\/wp1\/#\/schema\/person\/62082e74fe9513a38b7374d5d9ce95c2\",\"name\":\"by admin\",\"image\":{\"@type\":\"ImageObject\",\"inLanguage\":\"fi\",\"@id\":\"https:\/\/tfk.fi\/wp1\/#\/schema\/person\/image\/\",\"url\":\"https:\/\/secure.gravatar.com\/avatar\/255b2f2603a7bd1c61703ab5cf309e5426051a054a79f7d27a6296e4276329c9?s=96&d=mm&r=g\",\"contentUrl\":\"https:\/\/secure.gravatar.com\/avatar\/255b2f2603a7bd1c61703ab5cf309e5426051a054a79f7d27a6296e4276329c9?s=96&d=mm&r=g\",\"caption\":\"by admin\"},\"url\":\"https:\/\/tfk.fi\/wp1\/author\/admin\/\"}]}<\/script>\n<!-- \/ Yoast SEO plugin. -->","yoast_head_json":{"title":"Verdin Requiem syk\u00e4hdytti - TAMPEREEN FILHARMONINEN KUORO","robots":{"index":"index","follow":"follow","max-snippet":"max-snippet:-1","max-image-preview":"max-image-preview:large","max-video-preview":"max-video-preview:-1"},"canonical":"https:\/\/tfk.fi\/wp1\/verdin-requiem-sykahdytti\/","og_locale":"fi_FI","og_type":"article","og_title":"Verdin Requiem syk\u00e4hdytti - TAMPEREEN FILHARMONINEN KUORO","og_description":"Puolentoista vuoden piinaavan odotuksen j\u00e4lkeen Verdin Requiem sai esityksens\u00e4. Tyytyv\u00e4isi\u00e4 olivat niin kuulijat kuin laulajat ja soittajatkin. Kritiikeist\u00e4 p\u00e4\u00e4tellen esitt\u00e4misen ilo v\u00e4littyi my\u00f6s yleis\u00f6\u00f6n. Aamulehden arvio &gt;&gt;.Kulttuuritoimituksen arvio &gt;&gt;. Valmistautuminen Yl\u00f6j\u00e4rven kirkon joulukonserttiin 15.12. alkaa saman tien.","og_url":"https:\/\/tfk.fi\/wp1\/verdin-requiem-sykahdytti\/","og_site_name":"TAMPEREEN FILHARMONINEN KUORO","article_publisher":"https:\/\/fi-fi.facebook.com\/TampereenFilharmoninenKuoro\/","article_published_time":"2021-10-11T09:42:34+00:00","article_modified_time":"2021-11-05T10:19:32+00:00","og_image":[{"url":"https:\/\/tfk.fi\/wp1\/wp-content\/uploads\/2021\/10\/TFK_2021-1024x388.jpg"}],"author":"by admin","twitter_card":"summary_large_image","twitter_creator":"@tfk_tampere","twitter_site":"@tfk_tampere","twitter_misc":{"Kirjoittanut":"by admin","Arvioitu lukuaika":"1 minuutti"},"schema":{"@context":"https:\/\/schema.org","@graph":[{"@type":"Article","@id":"https:\/\/tfk.fi\/wp1\/verdin-requiem-sykahdytti\/#article","isPartOf":{"@id":"https:\/\/tfk.fi\/wp1\/verdin-requiem-sykahdytti\/"},"author":{"name":"by admin","@id":"https:\/\/tfk.fi\/wp1\/#\/schema\/person\/62082e74fe9513a38b7374d5d9ce95c2"},"headline":"Verdin Requiem syk\u00e4hdytti","datePublished":"2021-10-11T09:42:34+00:00","dateModified":"2021-11-05T10:19:32+00:00","mainEntityOfPage":{"@id":"https:\/\/tfk.fi\/wp1\/verdin-requiem-sykahdytti\/"},"wordCount":61,"publisher":{"@id":"https:\/\/tfk.fi\/wp1\/#organization"},"image":{"@id":"https:\/\/tfk.fi\/wp1\/verdin-requiem-sykahdytti\/#primaryimage"},"thumbnailUrl":"https:\/\/tfk.fi\/wp1\/wp-content\/uploads\/2021\/10\/TFK_2021-1024x388.jpg","articleSection":["Ajankohtaista"],"inLanguage":"fi"},{"@type":"WebPage","@id":"https:\/\/tfk.fi\/wp1\/verdin-requiem-sykahdytti\/","url":"https:\/\/tfk.fi\/wp1\/verdin-requiem-sykahdytti\/","name":"Verdin Requiem syk\u00e4hdytti - TAMPEREEN FILHARMONINEN KUORO","isPartOf":{"@id":"https:\/\/tfk.fi\/wp1\/#website"},"primaryImageOfPage":{"@id":"https:\/\/tfk.fi\/wp1\/verdin-requiem-sykahdytti\/#primaryimage"},"image":{"@id":"https:\/\/tfk.fi\/wp1\/verdin-requiem-sykahdytti\/#primaryimage"},"thumbnailUrl":"https:\/\/tfk.fi\/wp1\/wp-content\/uploads\/2021\/10\/TFK_2021-1024x388.jpg","datePublished":"2021-10-11T09:42:34+00:00","dateModified":"2021-11-05T10:19:32+00:00","breadcrumb":{"@id":"https:\/\/tfk.fi\/wp1\/verdin-requiem-sykahdytti\/#breadcrumb"},"inLanguage":"fi","potentialAction":[{"@type":"ReadAction","target":["https:\/\/tfk.fi\/wp1\/verdin-requiem-sykahdytti\/"]}]},{"@type":"ImageObject","inLanguage":"fi","@id":"https:\/\/tfk.fi\/wp1\/verdin-requiem-sykahdytti\/#primaryimage","url":"https:\/\/tfk.fi\/wp1\/wp-content\/uploads\/2021\/10\/TFK_2021.jpg","contentUrl":"https:\/\/tfk.fi\/wp1\/wp-content\/uploads\/2021\/10\/TFK_2021.jpg","width":2000,"height":758},{"@type":"BreadcrumbList","@id":"https:\/\/tfk.fi\/wp1\/verdin-requiem-sykahdytti\/#breadcrumb","itemListElement":[{"@type":"ListItem","position":1,"name":"Home","item":"https:\/\/tfk.fi\/wp1\/"},{"@type":"ListItem","position":2,"name":"Verdin Requiem syk\u00e4hdytti"}]},{"@type":"WebSite","@id":"https:\/\/tfk.fi\/wp1\/#website","url":"https:\/\/tfk.fi\/wp1\/","name":"TAMPEREEN FILHARMONINEN KUORO","description":"Tampere Philharmonic Choir","publisher":{"@id":"https:\/\/tfk.fi\/wp1\/#organization"},"potentialAction":[{"@type":"SearchAction","target":{"@type":"EntryPoint","urlTemplate":"https:\/\/tfk.fi\/wp1\/?s={search_term_string}"},"query-input":{"@type":"PropertyValueSpecification","valueRequired":true,"valueName":"search_term_string"}}],"inLanguage":"fi"},{"@type":"Organization","@id":"https:\/\/tfk.fi\/wp1\/#organization","name":"Tampereen Filharmoninen Kuoro","url":"https:\/\/tfk.fi\/wp1\/","logo":{"@type":"ImageObject","inLanguage":"fi","@id":"https:\/\/tfk.fi\/wp1\/#\/schema\/logo\/image\/","url":"https:\/\/tfk.fi\/wp1\/wp-content\/uploads\/2018\/08\/TFK-logo_100x50.jpg","contentUrl":"https:\/\/tfk.fi\/wp1\/wp-content\/uploads\/2018\/08\/TFK-logo_100x50.jpg","width":100,"height":53,"caption":"Tampereen Filharmoninen Kuoro"},"image":{"@id":"https:\/\/tfk.fi\/wp1\/#\/schema\/logo\/image\/"},"sameAs":["https:\/\/fi-fi.facebook.com\/TampereenFilharmoninenKuoro\/","https:\/\/x.com\/tfk_tampere","https:\/\/www.instagram.com\/tampereenfilharmoninenkuoro\/?hl=fi","https:\/\/www.youtube.com\/channel\/UCHNsgug_VXv_-TiyOBP5_cg\/featured","https:\/\/fi.wikipedia.org\/wiki\/Tampereen_Filharmoninen_Kuoro"]},{"@type":"Person","@id":"https:\/\/tfk.fi\/wp1\/#\/schema\/person\/62082e74fe9513a38b7374d5d9ce95c2","name":"by admin","image":{"@type":"ImageObject","inLanguage":"fi","@id":"https:\/\/tfk.fi\/wp1\/#\/schema\/person\/image\/","url":"https:\/\/secure.gravatar.com\/avatar\/255b2f2603a7bd1c61703ab5cf309e5426051a054a79f7d27a6296e4276329c9?s=96&d=mm&r=g","contentUrl":"https:\/\/secure.gravatar.com\/avatar\/255b2f2603a7bd1c61703ab5cf309e5426051a054a79f7d27a6296e4276329c9?s=96&d=mm&r=g","caption":"by admin"},"url":"https:\/\/tfk.fi\/wp1\/author\/admin\/"}]}},"_links":{"self":[{"href":"https:\/\/tfk.fi\/wp1\/wp-json\/wp\/v2\/posts\/1114","targetHints":{"allow":["GET"]}}],"collection":[{"href":"https:\/\/tfk.fi\/wp1\/wp-json\/wp\/v2\/posts"}],"about":[{"href":"https:\/\/tfk.fi\/wp1\/wp-json\/wp\/v2\/types\/post"}],"author":[{"embeddable":true,"href":"https:\/\/tfk.fi\/wp1\/wp-json\/wp\/v2\/users\/1"}],"replies":[{"embeddable":true,"href":"https:\/\/tfk.fi\/wp1\/wp-json\/wp\/v2\/comments?post=1114"}],"version-history":[{"count":2,"href":"https:\/\/tfk.fi\/wp1\/wp-json\/wp\/v2\/posts\/1114\/revisions"}],"predecessor-version":[{"id":1128,"href":"https:\/\/tfk.fi\/wp1\/wp-json\/wp\/v2\/posts\/1114\/revisions\/1128"}],"wp:attachment":[{"href":"https:\/\/tfk.fi\/wp1\/wp-json\/wp\/v2\/media?parent=1114"}],"wp:term":[{"taxonomy":"category","embeddable":true,"href":"https:\/\/tfk.fi\/wp1\/wp-json\/wp\/v2\/categories?post=1114"},{"taxonomy":"post_tag","embeddable":true,"href":"https:\/\/tfk.fi\/wp1\/wp-json\/wp\/v2\/tags?post=1114"}],"curies":[{"name":"wp","href":"https:\/\/api.w.org\/{rel}","templated":true}]}}