{"id":1129,"date":"2021-11-05T14:23:28","date_gmt":"2021-11-05T12:23:28","guid":{"rendered":"https:\/\/tfk.fi\/wp1\/?p=1129"},"modified":"2021-12-08T20:15:09","modified_gmt":"2021-12-08T18:15:09","slug":"joulu-ilta-ylojarvella-ke-15-12","status":"publish","type":"post","link":"https:\/\/tfk.fi\/wp1\/joulu-ilta-ylojarvella-ke-15-12\/","title":{"rendered":"Joulu-ilta -konsertti siirtyy vuodella"},"content":{"rendered":"\n<figure class=\"wp-block-image size-large\"><img loading=\"lazy\" decoding=\"async\" width=\"1024\" height=\"390\" src=\"https:\/\/tfk.fi\/wp1\/wp-content\/uploads\/2021\/11\/TFK_joulu_2022_banner_820x312-1024x390.jpg\" alt=\"\" class=\"wp-image-1148\" srcset=\"https:\/\/tfk.fi\/wp1\/wp-content\/uploads\/2021\/11\/TFK_joulu_2022_banner_820x312-1024x390.jpg 1024w, https:\/\/tfk.fi\/wp1\/wp-content\/uploads\/2021\/11\/TFK_joulu_2022_banner_820x312-300x114.jpg 300w, https:\/\/tfk.fi\/wp1\/wp-content\/uploads\/2021\/11\/TFK_joulu_2022_banner_820x312-768x292.jpg 768w, https:\/\/tfk.fi\/wp1\/wp-content\/uploads\/2021\/11\/TFK_joulu_2022_banner_820x312-1536x584.jpg 1536w, https:\/\/tfk.fi\/wp1\/wp-content\/uploads\/2021\/11\/TFK_joulu_2022_banner_820x312-2048x779.jpg 2048w, https:\/\/tfk.fi\/wp1\/wp-content\/uploads\/2021\/11\/TFK_joulu_2022_banner_820x312-960x365.jpg 960w\" sizes=\"auto, (max-width: 1024px) 100vw, 1024px\" \/><\/figure>\n\n\n\n<p>Tampereen Filharmonisen Kuoron Joulu-ilta -konsertti siirtyy jouluksi 2022 heikentyneen koronatilanteen vuoksi. <\/p>\n\n\n\n<p>Hienoa esityst\u00e4 ehdit\u00e4\u00e4n harjoitella siis kokonainen vuosi. Silloin p\u00e4\u00e4sev\u00e4t esiin sek\u00e4 perinteiset ett\u00e4 uudet joululaulut, perinteisi\u00e4 my\u00f6s uusina sovituksina. Konsertin johtavat kuoron taiteellinen johtaja <strong>Ruut Kiiski<\/strong> ja kuoromestari <strong>Jouni Rissanen<\/strong>.<\/p>\n\n\n\n<p>Perinteisist\u00e4 teoksista mainittakoon Benjamin Brittenin A Ceremony of Carols. Teoksen s\u00e4est\u00e4\u00e4 harpisti <strong>Hanna Kentt\u00e4mies<\/strong>, joka esitt\u00e4\u00e4 konsertissa my\u00f6s harppusoolon.<\/p>\n\n\n\n<p>Nykyaikaa edustaa puolestaan Ville Matvejeffin Joulu-ilta, jonka teksti perustuu Aleksis Kiven vuonna 1866 julkaistuun Kanervalan kolmanteen runoon. <\/p>\n\n\n\n<p>Konsertti alkaa <strong>Yl\u00f6j\u00e4rven kirkossa keskiviikkona <span style=\"text-decoration: underline;\">14.12.2022<\/span> kello 19<\/strong>. <\/p>\n\n\n\n<p><\/p>\n","protected":false},"excerpt":{"rendered":"<p>Tampereen Filharmonisen Kuoron Joulu-ilta -konsertti siirtyy jouluksi 2022 heikentyneen koronatilanteen vuoksi. Hienoa esityst\u00e4 ehdit\u00e4\u00e4n harjoitella siis kokonainen vuosi. Silloin p\u00e4\u00e4sev\u00e4t esiin sek\u00e4 perinteiset ett\u00e4 uudet joululaulut, perinteisi\u00e4 my\u00f6s uusina sovituksina. Konsertin johtavat kuoron taiteellinen johtaja Ruut Kiiski ja kuoromestari Jouni Rissanen. Perinteisist\u00e4 teoksista mainittakoon Benjamin Brittenin A Ceremony of Carols. Teoksen s\u00e4est\u00e4\u00e4 harpisti Hanna Kentt\u00e4mies, <a href=\"https:\/\/tfk.fi\/wp1\/joulu-ilta-ylojarvella-ke-15-12\/\" class=\"more-link\">...jatka lukemista<span class=\"screen-reader-text\"> \"Joulu-ilta -konsertti siirtyy vuodella\"<\/span><\/a><\/p>\n","protected":false},"author":1,"featured_media":0,"comment_status":"closed","ping_status":"closed","sticky":false,"template":"","format":"standard","meta":{"footnotes":""},"categories":[5],"tags":[],"class_list":{"0":"post-1129","1":"post","2":"type-post","3":"status-publish","4":"format-standard","6":"category-ajankohtaista","7":"h-entry","8":"hentry","9":"h-as-article"},"yoast_head":"<!-- This site is optimized with the Yoast SEO plugin v23.4 - https:\/\/yoast.com\/wordpress\/plugins\/seo\/ -->\n<title>Joulu-ilta -konsertti siirtyy vuodella - TAMPEREEN FILHARMONINEN KUORO<\/title>\n<meta name=\"robots\" content=\"index, follow, max-snippet:-1, max-image-preview:large, max-video-preview:-1\" \/>\n<link rel=\"canonical\" href=\"https:\/\/tfk.fi\/wp1\/joulu-ilta-ylojarvella-ke-15-12\/\" \/>\n<meta property=\"og:locale\" content=\"fi_FI\" \/>\n<meta property=\"og:type\" content=\"article\" \/>\n<meta property=\"og:title\" content=\"Joulu-ilta -konsertti siirtyy vuodella - TAMPEREEN FILHARMONINEN KUORO\" \/>\n<meta property=\"og:description\" content=\"Tampereen Filharmonisen Kuoron Joulu-ilta -konsertti siirtyy jouluksi 2022 heikentyneen koronatilanteen vuoksi. Hienoa esityst\u00e4 ehdit\u00e4\u00e4n harjoitella siis kokonainen vuosi. Silloin p\u00e4\u00e4sev\u00e4t esiin sek\u00e4 perinteiset ett\u00e4 uudet joululaulut, perinteisi\u00e4 my\u00f6s uusina sovituksina. Konsertin johtavat kuoron taiteellinen johtaja Ruut Kiiski ja kuoromestari Jouni Rissanen. Perinteisist\u00e4 teoksista mainittakoon Benjamin Brittenin A Ceremony of Carols. Teoksen s\u00e4est\u00e4\u00e4 harpisti Hanna Kentt\u00e4mies, ...jatka lukemista &quot;Joulu-ilta -konsertti siirtyy vuodella&quot;\" \/>\n<meta property=\"og:url\" content=\"https:\/\/tfk.fi\/wp1\/joulu-ilta-ylojarvella-ke-15-12\/\" \/>\n<meta property=\"og:site_name\" content=\"TAMPEREEN FILHARMONINEN KUORO\" \/>\n<meta property=\"article:publisher\" content=\"https:\/\/fi-fi.facebook.com\/TampereenFilharmoninenKuoro\/\" \/>\n<meta property=\"article:published_time\" content=\"2021-11-05T12:23:28+00:00\" \/>\n<meta property=\"article:modified_time\" content=\"2021-12-08T18:15:09+00:00\" \/>\n<meta property=\"og:image\" content=\"https:\/\/tfk.fi\/wp1\/wp-content\/uploads\/2021\/11\/TFK_joulu_2022_banner_820x312-1024x390.jpg\" \/>\n<meta name=\"author\" content=\"by admin\" \/>\n<meta name=\"twitter:card\" content=\"summary_large_image\" \/>\n<meta name=\"twitter:creator\" content=\"@tfk_tampere\" \/>\n<meta name=\"twitter:site\" content=\"@tfk_tampere\" \/>\n<meta name=\"twitter:label1\" content=\"Kirjoittanut\" \/>\n\t<meta name=\"twitter:data1\" content=\"by admin\" \/>\n\t<meta name=\"twitter:label2\" content=\"Arvioitu lukuaika\" \/>\n\t<meta name=\"twitter:data2\" content=\"1 minuutti\" \/>\n<script type=\"application\/ld+json\" class=\"yoast-schema-graph\">{\"@context\":\"https:\/\/schema.org\",\"@graph\":[{\"@type\":\"Article\",\"@id\":\"https:\/\/tfk.fi\/wp1\/joulu-ilta-ylojarvella-ke-15-12\/#article\",\"isPartOf\":{\"@id\":\"https:\/\/tfk.fi\/wp1\/joulu-ilta-ylojarvella-ke-15-12\/\"},\"author\":{\"name\":\"by admin\",\"@id\":\"https:\/\/tfk.fi\/wp1\/#\/schema\/person\/62082e74fe9513a38b7374d5d9ce95c2\"},\"headline\":\"Joulu-ilta -konsertti siirtyy vuodella\",\"datePublished\":\"2021-11-05T12:23:28+00:00\",\"dateModified\":\"2021-12-08T18:15:09+00:00\",\"mainEntityOfPage\":{\"@id\":\"https:\/\/tfk.fi\/wp1\/joulu-ilta-ylojarvella-ke-15-12\/\"},\"wordCount\":94,\"publisher\":{\"@id\":\"https:\/\/tfk.fi\/wp1\/#organization\"},\"image\":{\"@id\":\"https:\/\/tfk.fi\/wp1\/joulu-ilta-ylojarvella-ke-15-12\/#primaryimage\"},\"thumbnailUrl\":\"https:\/\/tfk.fi\/wp1\/wp-content\/uploads\/2021\/11\/TFK_joulu_2022_banner_820x312-1024x390.jpg\",\"articleSection\":[\"Ajankohtaista\"],\"inLanguage\":\"fi\"},{\"@type\":\"WebPage\",\"@id\":\"https:\/\/tfk.fi\/wp1\/joulu-ilta-ylojarvella-ke-15-12\/\",\"url\":\"https:\/\/tfk.fi\/wp1\/joulu-ilta-ylojarvella-ke-15-12\/\",\"name\":\"Joulu-ilta -konsertti siirtyy vuodella - TAMPEREEN FILHARMONINEN KUORO\",\"isPartOf\":{\"@id\":\"https:\/\/tfk.fi\/wp1\/#website\"},\"primaryImageOfPage\":{\"@id\":\"https:\/\/tfk.fi\/wp1\/joulu-ilta-ylojarvella-ke-15-12\/#primaryimage\"},\"image\":{\"@id\":\"https:\/\/tfk.fi\/wp1\/joulu-ilta-ylojarvella-ke-15-12\/#primaryimage\"},\"thumbnailUrl\":\"https:\/\/tfk.fi\/wp1\/wp-content\/uploads\/2021\/11\/TFK_joulu_2022_banner_820x312-1024x390.jpg\",\"datePublished\":\"2021-11-05T12:23:28+00:00\",\"dateModified\":\"2021-12-08T18:15:09+00:00\",\"breadcrumb\":{\"@id\":\"https:\/\/tfk.fi\/wp1\/joulu-ilta-ylojarvella-ke-15-12\/#breadcrumb\"},\"inLanguage\":\"fi\",\"potentialAction\":[{\"@type\":\"ReadAction\",\"target\":[\"https:\/\/tfk.fi\/wp1\/joulu-ilta-ylojarvella-ke-15-12\/\"]}]},{\"@type\":\"ImageObject\",\"inLanguage\":\"fi\",\"@id\":\"https:\/\/tfk.fi\/wp1\/joulu-ilta-ylojarvella-ke-15-12\/#primaryimage\",\"url\":\"https:\/\/tfk.fi\/wp1\/wp-content\/uploads\/2021\/11\/TFK_joulu_2022_banner_820x312.jpg\",\"contentUrl\":\"https:\/\/tfk.fi\/wp1\/wp-content\/uploads\/2021\/11\/TFK_joulu_2022_banner_820x312.jpg\",\"width\":2324,\"height\":884},{\"@type\":\"BreadcrumbList\",\"@id\":\"https:\/\/tfk.fi\/wp1\/joulu-ilta-ylojarvella-ke-15-12\/#breadcrumb\",\"itemListElement\":[{\"@type\":\"ListItem\",\"position\":1,\"name\":\"Home\",\"item\":\"https:\/\/tfk.fi\/wp1\/\"},{\"@type\":\"ListItem\",\"position\":2,\"name\":\"Joulu-ilta -konsertti siirtyy vuodella\"}]},{\"@type\":\"WebSite\",\"@id\":\"https:\/\/tfk.fi\/wp1\/#website\",\"url\":\"https:\/\/tfk.fi\/wp1\/\",\"name\":\"TAMPEREEN FILHARMONINEN KUORO\",\"description\":\"Tampere Philharmonic Choir\",\"publisher\":{\"@id\":\"https:\/\/tfk.fi\/wp1\/#organization\"},\"potentialAction\":[{\"@type\":\"SearchAction\",\"target\":{\"@type\":\"EntryPoint\",\"urlTemplate\":\"https:\/\/tfk.fi\/wp1\/?s={search_term_string}\"},\"query-input\":{\"@type\":\"PropertyValueSpecification\",\"valueRequired\":true,\"valueName\":\"search_term_string\"}}],\"inLanguage\":\"fi\"},{\"@type\":\"Organization\",\"@id\":\"https:\/\/tfk.fi\/wp1\/#organization\",\"name\":\"Tampereen Filharmoninen Kuoro\",\"url\":\"https:\/\/tfk.fi\/wp1\/\",\"logo\":{\"@type\":\"ImageObject\",\"inLanguage\":\"fi\",\"@id\":\"https:\/\/tfk.fi\/wp1\/#\/schema\/logo\/image\/\",\"url\":\"https:\/\/tfk.fi\/wp1\/wp-content\/uploads\/2018\/08\/TFK-logo_100x50.jpg\",\"contentUrl\":\"https:\/\/tfk.fi\/wp1\/wp-content\/uploads\/2018\/08\/TFK-logo_100x50.jpg\",\"width\":100,\"height\":53,\"caption\":\"Tampereen Filharmoninen Kuoro\"},\"image\":{\"@id\":\"https:\/\/tfk.fi\/wp1\/#\/schema\/logo\/image\/\"},\"sameAs\":[\"https:\/\/fi-fi.facebook.com\/TampereenFilharmoninenKuoro\/\",\"https:\/\/x.com\/tfk_tampere\",\"https:\/\/www.instagram.com\/tampereenfilharmoninenkuoro\/?hl=fi\",\"https:\/\/www.youtube.com\/channel\/UCHNsgug_VXv_-TiyOBP5_cg\/featured\",\"https:\/\/fi.wikipedia.org\/wiki\/Tampereen_Filharmoninen_Kuoro\"]},{\"@type\":\"Person\",\"@id\":\"https:\/\/tfk.fi\/wp1\/#\/schema\/person\/62082e74fe9513a38b7374d5d9ce95c2\",\"name\":\"by admin\",\"image\":{\"@type\":\"ImageObject\",\"inLanguage\":\"fi\",\"@id\":\"https:\/\/tfk.fi\/wp1\/#\/schema\/person\/image\/\",\"url\":\"https:\/\/secure.gravatar.com\/avatar\/255b2f2603a7bd1c61703ab5cf309e5426051a054a79f7d27a6296e4276329c9?s=96&d=mm&r=g\",\"contentUrl\":\"https:\/\/secure.gravatar.com\/avatar\/255b2f2603a7bd1c61703ab5cf309e5426051a054a79f7d27a6296e4276329c9?s=96&d=mm&r=g\",\"caption\":\"by admin\"},\"url\":\"https:\/\/tfk.fi\/wp1\/author\/admin\/\"}]}<\/script>\n<!-- \/ Yoast SEO plugin. -->","yoast_head_json":{"title":"Joulu-ilta -konsertti siirtyy vuodella - TAMPEREEN FILHARMONINEN KUORO","robots":{"index":"index","follow":"follow","max-snippet":"max-snippet:-1","max-image-preview":"max-image-preview:large","max-video-preview":"max-video-preview:-1"},"canonical":"https:\/\/tfk.fi\/wp1\/joulu-ilta-ylojarvella-ke-15-12\/","og_locale":"fi_FI","og_type":"article","og_title":"Joulu-ilta -konsertti siirtyy vuodella - TAMPEREEN FILHARMONINEN KUORO","og_description":"Tampereen Filharmonisen Kuoron Joulu-ilta -konsertti siirtyy jouluksi 2022 heikentyneen koronatilanteen vuoksi. Hienoa esityst\u00e4 ehdit\u00e4\u00e4n harjoitella siis kokonainen vuosi. Silloin p\u00e4\u00e4sev\u00e4t esiin sek\u00e4 perinteiset ett\u00e4 uudet joululaulut, perinteisi\u00e4 my\u00f6s uusina sovituksina. Konsertin johtavat kuoron taiteellinen johtaja Ruut Kiiski ja kuoromestari Jouni Rissanen. Perinteisist\u00e4 teoksista mainittakoon Benjamin Brittenin A Ceremony of Carols. Teoksen s\u00e4est\u00e4\u00e4 harpisti Hanna Kentt\u00e4mies, ...jatka lukemista \"Joulu-ilta -konsertti siirtyy vuodella\"","og_url":"https:\/\/tfk.fi\/wp1\/joulu-ilta-ylojarvella-ke-15-12\/","og_site_name":"TAMPEREEN FILHARMONINEN KUORO","article_publisher":"https:\/\/fi-fi.facebook.com\/TampereenFilharmoninenKuoro\/","article_published_time":"2021-11-05T12:23:28+00:00","article_modified_time":"2021-12-08T18:15:09+00:00","og_image":[{"url":"https:\/\/tfk.fi\/wp1\/wp-content\/uploads\/2021\/11\/TFK_joulu_2022_banner_820x312-1024x390.jpg"}],"author":"by admin","twitter_card":"summary_large_image","twitter_creator":"@tfk_tampere","twitter_site":"@tfk_tampere","twitter_misc":{"Kirjoittanut":"by admin","Arvioitu lukuaika":"1 minuutti"},"schema":{"@context":"https:\/\/schema.org","@graph":[{"@type":"Article","@id":"https:\/\/tfk.fi\/wp1\/joulu-ilta-ylojarvella-ke-15-12\/#article","isPartOf":{"@id":"https:\/\/tfk.fi\/wp1\/joulu-ilta-ylojarvella-ke-15-12\/"},"author":{"name":"by admin","@id":"https:\/\/tfk.fi\/wp1\/#\/schema\/person\/62082e74fe9513a38b7374d5d9ce95c2"},"headline":"Joulu-ilta -konsertti siirtyy vuodella","datePublished":"2021-11-05T12:23:28+00:00","dateModified":"2021-12-08T18:15:09+00:00","mainEntityOfPage":{"@id":"https:\/\/tfk.fi\/wp1\/joulu-ilta-ylojarvella-ke-15-12\/"},"wordCount":94,"publisher":{"@id":"https:\/\/tfk.fi\/wp1\/#organization"},"image":{"@id":"https:\/\/tfk.fi\/wp1\/joulu-ilta-ylojarvella-ke-15-12\/#primaryimage"},"thumbnailUrl":"https:\/\/tfk.fi\/wp1\/wp-content\/uploads\/2021\/11\/TFK_joulu_2022_banner_820x312-1024x390.jpg","articleSection":["Ajankohtaista"],"inLanguage":"fi"},{"@type":"WebPage","@id":"https:\/\/tfk.fi\/wp1\/joulu-ilta-ylojarvella-ke-15-12\/","url":"https:\/\/tfk.fi\/wp1\/joulu-ilta-ylojarvella-ke-15-12\/","name":"Joulu-ilta -konsertti siirtyy vuodella - TAMPEREEN FILHARMONINEN KUORO","isPartOf":{"@id":"https:\/\/tfk.fi\/wp1\/#website"},"primaryImageOfPage":{"@id":"https:\/\/tfk.fi\/wp1\/joulu-ilta-ylojarvella-ke-15-12\/#primaryimage"},"image":{"@id":"https:\/\/tfk.fi\/wp1\/joulu-ilta-ylojarvella-ke-15-12\/#primaryimage"},"thumbnailUrl":"https:\/\/tfk.fi\/wp1\/wp-content\/uploads\/2021\/11\/TFK_joulu_2022_banner_820x312-1024x390.jpg","datePublished":"2021-11-05T12:23:28+00:00","dateModified":"2021-12-08T18:15:09+00:00","breadcrumb":{"@id":"https:\/\/tfk.fi\/wp1\/joulu-ilta-ylojarvella-ke-15-12\/#breadcrumb"},"inLanguage":"fi","potentialAction":[{"@type":"ReadAction","target":["https:\/\/tfk.fi\/wp1\/joulu-ilta-ylojarvella-ke-15-12\/"]}]},{"@type":"ImageObject","inLanguage":"fi","@id":"https:\/\/tfk.fi\/wp1\/joulu-ilta-ylojarvella-ke-15-12\/#primaryimage","url":"https:\/\/tfk.fi\/wp1\/wp-content\/uploads\/2021\/11\/TFK_joulu_2022_banner_820x312.jpg","contentUrl":"https:\/\/tfk.fi\/wp1\/wp-content\/uploads\/2021\/11\/TFK_joulu_2022_banner_820x312.jpg","width":2324,"height":884},{"@type":"BreadcrumbList","@id":"https:\/\/tfk.fi\/wp1\/joulu-ilta-ylojarvella-ke-15-12\/#breadcrumb","itemListElement":[{"@type":"ListItem","position":1,"name":"Home","item":"https:\/\/tfk.fi\/wp1\/"},{"@type":"ListItem","position":2,"name":"Joulu-ilta -konsertti siirtyy vuodella"}]},{"@type":"WebSite","@id":"https:\/\/tfk.fi\/wp1\/#website","url":"https:\/\/tfk.fi\/wp1\/","name":"TAMPEREEN FILHARMONINEN KUORO","description":"Tampere Philharmonic Choir","publisher":{"@id":"https:\/\/tfk.fi\/wp1\/#organization"},"potentialAction":[{"@type":"SearchAction","target":{"@type":"EntryPoint","urlTemplate":"https:\/\/tfk.fi\/wp1\/?s={search_term_string}"},"query-input":{"@type":"PropertyValueSpecification","valueRequired":true,"valueName":"search_term_string"}}],"inLanguage":"fi"},{"@type":"Organization","@id":"https:\/\/tfk.fi\/wp1\/#organization","name":"Tampereen Filharmoninen Kuoro","url":"https:\/\/tfk.fi\/wp1\/","logo":{"@type":"ImageObject","inLanguage":"fi","@id":"https:\/\/tfk.fi\/wp1\/#\/schema\/logo\/image\/","url":"https:\/\/tfk.fi\/wp1\/wp-content\/uploads\/2018\/08\/TFK-logo_100x50.jpg","contentUrl":"https:\/\/tfk.fi\/wp1\/wp-content\/uploads\/2018\/08\/TFK-logo_100x50.jpg","width":100,"height":53,"caption":"Tampereen Filharmoninen Kuoro"},"image":{"@id":"https:\/\/tfk.fi\/wp1\/#\/schema\/logo\/image\/"},"sameAs":["https:\/\/fi-fi.facebook.com\/TampereenFilharmoninenKuoro\/","https:\/\/x.com\/tfk_tampere","https:\/\/www.instagram.com\/tampereenfilharmoninenkuoro\/?hl=fi","https:\/\/www.youtube.com\/channel\/UCHNsgug_VXv_-TiyOBP5_cg\/featured","https:\/\/fi.wikipedia.org\/wiki\/Tampereen_Filharmoninen_Kuoro"]},{"@type":"Person","@id":"https:\/\/tfk.fi\/wp1\/#\/schema\/person\/62082e74fe9513a38b7374d5d9ce95c2","name":"by admin","image":{"@type":"ImageObject","inLanguage":"fi","@id":"https:\/\/tfk.fi\/wp1\/#\/schema\/person\/image\/","url":"https:\/\/secure.gravatar.com\/avatar\/255b2f2603a7bd1c61703ab5cf309e5426051a054a79f7d27a6296e4276329c9?s=96&d=mm&r=g","contentUrl":"https:\/\/secure.gravatar.com\/avatar\/255b2f2603a7bd1c61703ab5cf309e5426051a054a79f7d27a6296e4276329c9?s=96&d=mm&r=g","caption":"by admin"},"url":"https:\/\/tfk.fi\/wp1\/author\/admin\/"}]}},"_links":{"self":[{"href":"https:\/\/tfk.fi\/wp1\/wp-json\/wp\/v2\/posts\/1129","targetHints":{"allow":["GET"]}}],"collection":[{"href":"https:\/\/tfk.fi\/wp1\/wp-json\/wp\/v2\/posts"}],"about":[{"href":"https:\/\/tfk.fi\/wp1\/wp-json\/wp\/v2\/types\/post"}],"author":[{"embeddable":true,"href":"https:\/\/tfk.fi\/wp1\/wp-json\/wp\/v2\/users\/1"}],"replies":[{"embeddable":true,"href":"https:\/\/tfk.fi\/wp1\/wp-json\/wp\/v2\/comments?post=1129"}],"version-history":[{"count":11,"href":"https:\/\/tfk.fi\/wp1\/wp-json\/wp\/v2\/posts\/1129\/revisions"}],"predecessor-version":[{"id":1152,"href":"https:\/\/tfk.fi\/wp1\/wp-json\/wp\/v2\/posts\/1129\/revisions\/1152"}],"wp:attachment":[{"href":"https:\/\/tfk.fi\/wp1\/wp-json\/wp\/v2\/media?parent=1129"}],"wp:term":[{"taxonomy":"category","embeddable":true,"href":"https:\/\/tfk.fi\/wp1\/wp-json\/wp\/v2\/categories?post=1129"},{"taxonomy":"post_tag","embeddable":true,"href":"https:\/\/tfk.fi\/wp1\/wp-json\/wp\/v2\/tags?post=1129"}],"curies":[{"name":"wp","href":"https:\/\/api.w.org\/{rel}","templated":true}]}}