{"id":1174,"date":"2022-01-09T22:18:27","date_gmt":"2022-01-09T20:18:27","guid":{"rendered":"https:\/\/tfk.fi\/wp1\/?p=1174"},"modified":"2022-02-08T11:17:35","modified_gmt":"2022-02-08T09:17:35","slug":"tfk-etsii-uusia-laulajia","status":"publish","type":"post","link":"https:\/\/tfk.fi\/wp1\/tfk-etsii-uusia-laulajia\/","title":{"rendered":"TFK etsii uusia laulajia"},"content":{"rendered":"\n<figure class=\"wp-block-image size-large\"><img loading=\"lazy\" decoding=\"async\" width=\"1024\" height=\"576\" src=\"https:\/\/tfk.fi\/wp1\/wp-content\/uploads\/2022\/01\/TFK-Orivesi-1024x576.jpg\" alt=\"\" class=\"wp-image-1170\" srcset=\"https:\/\/tfk.fi\/wp1\/wp-content\/uploads\/2022\/01\/TFK-Orivesi-1024x576.jpg 1024w, https:\/\/tfk.fi\/wp1\/wp-content\/uploads\/2022\/01\/TFK-Orivesi-300x169.jpg 300w, https:\/\/tfk.fi\/wp1\/wp-content\/uploads\/2022\/01\/TFK-Orivesi-768x432.jpg 768w, https:\/\/tfk.fi\/wp1\/wp-content\/uploads\/2022\/01\/TFK-Orivesi-1536x864.jpg 1536w, https:\/\/tfk.fi\/wp1\/wp-content\/uploads\/2022\/01\/TFK-Orivesi-960x540.jpg 960w, https:\/\/tfk.fi\/wp1\/wp-content\/uploads\/2022\/01\/TFK-Orivesi.jpg 1920w\" sizes=\"auto, (max-width: 1024px) 100vw, 1024px\" \/><figcaption><em>Tampereen Filharmoninen Kuoro harjoitteli Verdin Requiemi\u00e4 Orivedell\u00e4 syyskuussa 2021.<\/em><\/figcaption><\/figure>\n\n\n\n<p>Tampereen Filharmoninen Kuoro hakee uusia laulajia. Koelaulutilaisuus j\u00e4rjestet\u00e4\u00e4n ke 26.1.2022 klo 15.30-17.30  v\u00e4lisen\u00e4 aikana.  <\/p>\n\n\n\n<p>Lue lis\u00e4tietoja kuorosta, koelaulusta ja siihen valmistautumisesta Laulajaksi kuoroon -sivulta. <\/p>\n\n\n\n<p>* * *<\/p>\n\n\n\n<p>Seuraava koelaulu syksyll\u00e4 laulukauden alussa. P\u00e4iv\u00e4m\u00e4\u00e4r\u00e4 ilmoitetaan my\u00f6hemmin.<\/p>\n\n\n\n<p><\/p>\n","protected":false},"excerpt":{"rendered":"<p>Tampereen Filharmoninen Kuoro hakee uusia laulajia. Koelaulutilaisuus j\u00e4rjestet\u00e4\u00e4n ke 26.1.2022 klo 15.30-17.30 v\u00e4lisen\u00e4 aikana. Lue lis\u00e4tietoja kuorosta, koelaulusta ja siihen valmistautumisesta Laulajaksi kuoroon -sivulta. * * * Seuraava koelaulu syksyll\u00e4 laulukauden alussa. P\u00e4iv\u00e4m\u00e4\u00e4r\u00e4 ilmoitetaan my\u00f6hemmin.<\/p>\n","protected":false},"author":1,"featured_media":0,"comment_status":"closed","ping_status":"closed","sticky":false,"template":"","format":"standard","meta":{"footnotes":""},"categories":[5],"tags":[],"class_list":{"0":"post-1174","1":"post","2":"type-post","3":"status-publish","4":"format-standard","6":"category-ajankohtaista","7":"h-entry","8":"hentry","9":"h-as-article"},"yoast_head":"<!-- This site is optimized with the Yoast SEO plugin v23.4 - https:\/\/yoast.com\/wordpress\/plugins\/seo\/ -->\n<title>TFK etsii uusia laulajia - TAMPEREEN FILHARMONINEN KUORO<\/title>\n<meta name=\"robots\" content=\"index, follow, max-snippet:-1, max-image-preview:large, max-video-preview:-1\" \/>\n<link rel=\"canonical\" href=\"https:\/\/tfk.fi\/wp1\/tfk-etsii-uusia-laulajia\/\" \/>\n<meta property=\"og:locale\" content=\"fi_FI\" \/>\n<meta property=\"og:type\" content=\"article\" \/>\n<meta property=\"og:title\" content=\"TFK etsii uusia laulajia - TAMPEREEN FILHARMONINEN KUORO\" \/>\n<meta property=\"og:description\" content=\"Tampereen Filharmoninen Kuoro hakee uusia laulajia. Koelaulutilaisuus j\u00e4rjestet\u00e4\u00e4n ke 26.1.2022 klo 15.30-17.30 v\u00e4lisen\u00e4 aikana. Lue lis\u00e4tietoja kuorosta, koelaulusta ja siihen valmistautumisesta Laulajaksi kuoroon -sivulta. * * * Seuraava koelaulu syksyll\u00e4 laulukauden alussa. P\u00e4iv\u00e4m\u00e4\u00e4r\u00e4 ilmoitetaan my\u00f6hemmin.\" \/>\n<meta property=\"og:url\" content=\"https:\/\/tfk.fi\/wp1\/tfk-etsii-uusia-laulajia\/\" \/>\n<meta property=\"og:site_name\" content=\"TAMPEREEN FILHARMONINEN KUORO\" \/>\n<meta property=\"article:publisher\" content=\"https:\/\/fi-fi.facebook.com\/TampereenFilharmoninenKuoro\/\" \/>\n<meta property=\"article:published_time\" content=\"2022-01-09T20:18:27+00:00\" \/>\n<meta property=\"article:modified_time\" content=\"2022-02-08T09:17:35+00:00\" \/>\n<meta property=\"og:image\" content=\"https:\/\/tfk.fi\/wp1\/wp-content\/uploads\/2022\/01\/TFK-Orivesi-1024x576.jpg\" \/>\n<meta name=\"author\" content=\"by admin\" \/>\n<meta name=\"twitter:card\" content=\"summary_large_image\" \/>\n<meta name=\"twitter:creator\" content=\"@tfk_tampere\" \/>\n<meta name=\"twitter:site\" content=\"@tfk_tampere\" \/>\n<meta name=\"twitter:label1\" content=\"Kirjoittanut\" \/>\n\t<meta name=\"twitter:data1\" content=\"by admin\" \/>\n\t<meta name=\"twitter:label2\" content=\"Arvioitu lukuaika\" \/>\n\t<meta name=\"twitter:data2\" content=\"1 minuutti\" \/>\n<script type=\"application\/ld+json\" class=\"yoast-schema-graph\">{\"@context\":\"https:\/\/schema.org\",\"@graph\":[{\"@type\":\"Article\",\"@id\":\"https:\/\/tfk.fi\/wp1\/tfk-etsii-uusia-laulajia\/#article\",\"isPartOf\":{\"@id\":\"https:\/\/tfk.fi\/wp1\/tfk-etsii-uusia-laulajia\/\"},\"author\":{\"name\":\"by admin\",\"@id\":\"https:\/\/tfk.fi\/wp1\/#\/schema\/person\/62082e74fe9513a38b7374d5d9ce95c2\"},\"headline\":\"TFK etsii uusia laulajia\",\"datePublished\":\"2022-01-09T20:18:27+00:00\",\"dateModified\":\"2022-02-08T09:17:35+00:00\",\"mainEntityOfPage\":{\"@id\":\"https:\/\/tfk.fi\/wp1\/tfk-etsii-uusia-laulajia\/\"},\"wordCount\":51,\"publisher\":{\"@id\":\"https:\/\/tfk.fi\/wp1\/#organization\"},\"image\":{\"@id\":\"https:\/\/tfk.fi\/wp1\/tfk-etsii-uusia-laulajia\/#primaryimage\"},\"thumbnailUrl\":\"https:\/\/tfk.fi\/wp1\/wp-content\/uploads\/2022\/01\/TFK-Orivesi-1024x576.jpg\",\"articleSection\":[\"Ajankohtaista\"],\"inLanguage\":\"fi\"},{\"@type\":\"WebPage\",\"@id\":\"https:\/\/tfk.fi\/wp1\/tfk-etsii-uusia-laulajia\/\",\"url\":\"https:\/\/tfk.fi\/wp1\/tfk-etsii-uusia-laulajia\/\",\"name\":\"TFK etsii uusia laulajia - TAMPEREEN FILHARMONINEN KUORO\",\"isPartOf\":{\"@id\":\"https:\/\/tfk.fi\/wp1\/#website\"},\"primaryImageOfPage\":{\"@id\":\"https:\/\/tfk.fi\/wp1\/tfk-etsii-uusia-laulajia\/#primaryimage\"},\"image\":{\"@id\":\"https:\/\/tfk.fi\/wp1\/tfk-etsii-uusia-laulajia\/#primaryimage\"},\"thumbnailUrl\":\"https:\/\/tfk.fi\/wp1\/wp-content\/uploads\/2022\/01\/TFK-Orivesi-1024x576.jpg\",\"datePublished\":\"2022-01-09T20:18:27+00:00\",\"dateModified\":\"2022-02-08T09:17:35+00:00\",\"breadcrumb\":{\"@id\":\"https:\/\/tfk.fi\/wp1\/tfk-etsii-uusia-laulajia\/#breadcrumb\"},\"inLanguage\":\"fi\",\"potentialAction\":[{\"@type\":\"ReadAction\",\"target\":[\"https:\/\/tfk.fi\/wp1\/tfk-etsii-uusia-laulajia\/\"]}]},{\"@type\":\"ImageObject\",\"inLanguage\":\"fi\",\"@id\":\"https:\/\/tfk.fi\/wp1\/tfk-etsii-uusia-laulajia\/#primaryimage\",\"url\":\"https:\/\/tfk.fi\/wp1\/wp-content\/uploads\/2022\/01\/TFK-Orivesi.jpg\",\"contentUrl\":\"https:\/\/tfk.fi\/wp1\/wp-content\/uploads\/2022\/01\/TFK-Orivesi.jpg\",\"width\":1920,\"height\":1080},{\"@type\":\"BreadcrumbList\",\"@id\":\"https:\/\/tfk.fi\/wp1\/tfk-etsii-uusia-laulajia\/#breadcrumb\",\"itemListElement\":[{\"@type\":\"ListItem\",\"position\":1,\"name\":\"Home\",\"item\":\"https:\/\/tfk.fi\/wp1\/\"},{\"@type\":\"ListItem\",\"position\":2,\"name\":\"TFK etsii uusia laulajia\"}]},{\"@type\":\"WebSite\",\"@id\":\"https:\/\/tfk.fi\/wp1\/#website\",\"url\":\"https:\/\/tfk.fi\/wp1\/\",\"name\":\"TAMPEREEN FILHARMONINEN KUORO\",\"description\":\"Tampere Philharmonic Choir\",\"publisher\":{\"@id\":\"https:\/\/tfk.fi\/wp1\/#organization\"},\"potentialAction\":[{\"@type\":\"SearchAction\",\"target\":{\"@type\":\"EntryPoint\",\"urlTemplate\":\"https:\/\/tfk.fi\/wp1\/?s={search_term_string}\"},\"query-input\":{\"@type\":\"PropertyValueSpecification\",\"valueRequired\":true,\"valueName\":\"search_term_string\"}}],\"inLanguage\":\"fi\"},{\"@type\":\"Organization\",\"@id\":\"https:\/\/tfk.fi\/wp1\/#organization\",\"name\":\"Tampereen Filharmoninen Kuoro\",\"url\":\"https:\/\/tfk.fi\/wp1\/\",\"logo\":{\"@type\":\"ImageObject\",\"inLanguage\":\"fi\",\"@id\":\"https:\/\/tfk.fi\/wp1\/#\/schema\/logo\/image\/\",\"url\":\"https:\/\/tfk.fi\/wp1\/wp-content\/uploads\/2018\/08\/TFK-logo_100x50.jpg\",\"contentUrl\":\"https:\/\/tfk.fi\/wp1\/wp-content\/uploads\/2018\/08\/TFK-logo_100x50.jpg\",\"width\":100,\"height\":53,\"caption\":\"Tampereen Filharmoninen Kuoro\"},\"image\":{\"@id\":\"https:\/\/tfk.fi\/wp1\/#\/schema\/logo\/image\/\"},\"sameAs\":[\"https:\/\/fi-fi.facebook.com\/TampereenFilharmoninenKuoro\/\",\"https:\/\/x.com\/tfk_tampere\",\"https:\/\/www.instagram.com\/tampereenfilharmoninenkuoro\/?hl=fi\",\"https:\/\/www.youtube.com\/channel\/UCHNsgug_VXv_-TiyOBP5_cg\/featured\",\"https:\/\/fi.wikipedia.org\/wiki\/Tampereen_Filharmoninen_Kuoro\"]},{\"@type\":\"Person\",\"@id\":\"https:\/\/tfk.fi\/wp1\/#\/schema\/person\/62082e74fe9513a38b7374d5d9ce95c2\",\"name\":\"by admin\",\"image\":{\"@type\":\"ImageObject\",\"inLanguage\":\"fi\",\"@id\":\"https:\/\/tfk.fi\/wp1\/#\/schema\/person\/image\/\",\"url\":\"https:\/\/secure.gravatar.com\/avatar\/255b2f2603a7bd1c61703ab5cf309e5426051a054a79f7d27a6296e4276329c9?s=96&d=mm&r=g\",\"contentUrl\":\"https:\/\/secure.gravatar.com\/avatar\/255b2f2603a7bd1c61703ab5cf309e5426051a054a79f7d27a6296e4276329c9?s=96&d=mm&r=g\",\"caption\":\"by admin\"},\"url\":\"https:\/\/tfk.fi\/wp1\/author\/admin\/\"}]}<\/script>\n<!-- \/ Yoast SEO plugin. -->","yoast_head_json":{"title":"TFK etsii uusia laulajia - TAMPEREEN FILHARMONINEN KUORO","robots":{"index":"index","follow":"follow","max-snippet":"max-snippet:-1","max-image-preview":"max-image-preview:large","max-video-preview":"max-video-preview:-1"},"canonical":"https:\/\/tfk.fi\/wp1\/tfk-etsii-uusia-laulajia\/","og_locale":"fi_FI","og_type":"article","og_title":"TFK etsii uusia laulajia - TAMPEREEN FILHARMONINEN KUORO","og_description":"Tampereen Filharmoninen Kuoro hakee uusia laulajia. Koelaulutilaisuus j\u00e4rjestet\u00e4\u00e4n ke 26.1.2022 klo 15.30-17.30 v\u00e4lisen\u00e4 aikana. Lue lis\u00e4tietoja kuorosta, koelaulusta ja siihen valmistautumisesta Laulajaksi kuoroon -sivulta. * * * Seuraava koelaulu syksyll\u00e4 laulukauden alussa. P\u00e4iv\u00e4m\u00e4\u00e4r\u00e4 ilmoitetaan my\u00f6hemmin.","og_url":"https:\/\/tfk.fi\/wp1\/tfk-etsii-uusia-laulajia\/","og_site_name":"TAMPEREEN FILHARMONINEN KUORO","article_publisher":"https:\/\/fi-fi.facebook.com\/TampereenFilharmoninenKuoro\/","article_published_time":"2022-01-09T20:18:27+00:00","article_modified_time":"2022-02-08T09:17:35+00:00","og_image":[{"url":"https:\/\/tfk.fi\/wp1\/wp-content\/uploads\/2022\/01\/TFK-Orivesi-1024x576.jpg"}],"author":"by admin","twitter_card":"summary_large_image","twitter_creator":"@tfk_tampere","twitter_site":"@tfk_tampere","twitter_misc":{"Kirjoittanut":"by admin","Arvioitu lukuaika":"1 minuutti"},"schema":{"@context":"https:\/\/schema.org","@graph":[{"@type":"Article","@id":"https:\/\/tfk.fi\/wp1\/tfk-etsii-uusia-laulajia\/#article","isPartOf":{"@id":"https:\/\/tfk.fi\/wp1\/tfk-etsii-uusia-laulajia\/"},"author":{"name":"by admin","@id":"https:\/\/tfk.fi\/wp1\/#\/schema\/person\/62082e74fe9513a38b7374d5d9ce95c2"},"headline":"TFK etsii uusia laulajia","datePublished":"2022-01-09T20:18:27+00:00","dateModified":"2022-02-08T09:17:35+00:00","mainEntityOfPage":{"@id":"https:\/\/tfk.fi\/wp1\/tfk-etsii-uusia-laulajia\/"},"wordCount":51,"publisher":{"@id":"https:\/\/tfk.fi\/wp1\/#organization"},"image":{"@id":"https:\/\/tfk.fi\/wp1\/tfk-etsii-uusia-laulajia\/#primaryimage"},"thumbnailUrl":"https:\/\/tfk.fi\/wp1\/wp-content\/uploads\/2022\/01\/TFK-Orivesi-1024x576.jpg","articleSection":["Ajankohtaista"],"inLanguage":"fi"},{"@type":"WebPage","@id":"https:\/\/tfk.fi\/wp1\/tfk-etsii-uusia-laulajia\/","url":"https:\/\/tfk.fi\/wp1\/tfk-etsii-uusia-laulajia\/","name":"TFK etsii uusia laulajia - TAMPEREEN FILHARMONINEN KUORO","isPartOf":{"@id":"https:\/\/tfk.fi\/wp1\/#website"},"primaryImageOfPage":{"@id":"https:\/\/tfk.fi\/wp1\/tfk-etsii-uusia-laulajia\/#primaryimage"},"image":{"@id":"https:\/\/tfk.fi\/wp1\/tfk-etsii-uusia-laulajia\/#primaryimage"},"thumbnailUrl":"https:\/\/tfk.fi\/wp1\/wp-content\/uploads\/2022\/01\/TFK-Orivesi-1024x576.jpg","datePublished":"2022-01-09T20:18:27+00:00","dateModified":"2022-02-08T09:17:35+00:00","breadcrumb":{"@id":"https:\/\/tfk.fi\/wp1\/tfk-etsii-uusia-laulajia\/#breadcrumb"},"inLanguage":"fi","potentialAction":[{"@type":"ReadAction","target":["https:\/\/tfk.fi\/wp1\/tfk-etsii-uusia-laulajia\/"]}]},{"@type":"ImageObject","inLanguage":"fi","@id":"https:\/\/tfk.fi\/wp1\/tfk-etsii-uusia-laulajia\/#primaryimage","url":"https:\/\/tfk.fi\/wp1\/wp-content\/uploads\/2022\/01\/TFK-Orivesi.jpg","contentUrl":"https:\/\/tfk.fi\/wp1\/wp-content\/uploads\/2022\/01\/TFK-Orivesi.jpg","width":1920,"height":1080},{"@type":"BreadcrumbList","@id":"https:\/\/tfk.fi\/wp1\/tfk-etsii-uusia-laulajia\/#breadcrumb","itemListElement":[{"@type":"ListItem","position":1,"name":"Home","item":"https:\/\/tfk.fi\/wp1\/"},{"@type":"ListItem","position":2,"name":"TFK etsii uusia laulajia"}]},{"@type":"WebSite","@id":"https:\/\/tfk.fi\/wp1\/#website","url":"https:\/\/tfk.fi\/wp1\/","name":"TAMPEREEN FILHARMONINEN KUORO","description":"Tampere Philharmonic Choir","publisher":{"@id":"https:\/\/tfk.fi\/wp1\/#organization"},"potentialAction":[{"@type":"SearchAction","target":{"@type":"EntryPoint","urlTemplate":"https:\/\/tfk.fi\/wp1\/?s={search_term_string}"},"query-input":{"@type":"PropertyValueSpecification","valueRequired":true,"valueName":"search_term_string"}}],"inLanguage":"fi"},{"@type":"Organization","@id":"https:\/\/tfk.fi\/wp1\/#organization","name":"Tampereen Filharmoninen Kuoro","url":"https:\/\/tfk.fi\/wp1\/","logo":{"@type":"ImageObject","inLanguage":"fi","@id":"https:\/\/tfk.fi\/wp1\/#\/schema\/logo\/image\/","url":"https:\/\/tfk.fi\/wp1\/wp-content\/uploads\/2018\/08\/TFK-logo_100x50.jpg","contentUrl":"https:\/\/tfk.fi\/wp1\/wp-content\/uploads\/2018\/08\/TFK-logo_100x50.jpg","width":100,"height":53,"caption":"Tampereen Filharmoninen Kuoro"},"image":{"@id":"https:\/\/tfk.fi\/wp1\/#\/schema\/logo\/image\/"},"sameAs":["https:\/\/fi-fi.facebook.com\/TampereenFilharmoninenKuoro\/","https:\/\/x.com\/tfk_tampere","https:\/\/www.instagram.com\/tampereenfilharmoninenkuoro\/?hl=fi","https:\/\/www.youtube.com\/channel\/UCHNsgug_VXv_-TiyOBP5_cg\/featured","https:\/\/fi.wikipedia.org\/wiki\/Tampereen_Filharmoninen_Kuoro"]},{"@type":"Person","@id":"https:\/\/tfk.fi\/wp1\/#\/schema\/person\/62082e74fe9513a38b7374d5d9ce95c2","name":"by admin","image":{"@type":"ImageObject","inLanguage":"fi","@id":"https:\/\/tfk.fi\/wp1\/#\/schema\/person\/image\/","url":"https:\/\/secure.gravatar.com\/avatar\/255b2f2603a7bd1c61703ab5cf309e5426051a054a79f7d27a6296e4276329c9?s=96&d=mm&r=g","contentUrl":"https:\/\/secure.gravatar.com\/avatar\/255b2f2603a7bd1c61703ab5cf309e5426051a054a79f7d27a6296e4276329c9?s=96&d=mm&r=g","caption":"by admin"},"url":"https:\/\/tfk.fi\/wp1\/author\/admin\/"}]}},"_links":{"self":[{"href":"https:\/\/tfk.fi\/wp1\/wp-json\/wp\/v2\/posts\/1174","targetHints":{"allow":["GET"]}}],"collection":[{"href":"https:\/\/tfk.fi\/wp1\/wp-json\/wp\/v2\/posts"}],"about":[{"href":"https:\/\/tfk.fi\/wp1\/wp-json\/wp\/v2\/types\/post"}],"author":[{"embeddable":true,"href":"https:\/\/tfk.fi\/wp1\/wp-json\/wp\/v2\/users\/1"}],"replies":[{"embeddable":true,"href":"https:\/\/tfk.fi\/wp1\/wp-json\/wp\/v2\/comments?post=1174"}],"version-history":[{"count":2,"href":"https:\/\/tfk.fi\/wp1\/wp-json\/wp\/v2\/posts\/1174\/revisions"}],"predecessor-version":[{"id":1197,"href":"https:\/\/tfk.fi\/wp1\/wp-json\/wp\/v2\/posts\/1174\/revisions\/1197"}],"wp:attachment":[{"href":"https:\/\/tfk.fi\/wp1\/wp-json\/wp\/v2\/media?parent=1174"}],"wp:term":[{"taxonomy":"category","embeddable":true,"href":"https:\/\/tfk.fi\/wp1\/wp-json\/wp\/v2\/categories?post=1174"},{"taxonomy":"post_tag","embeddable":true,"href":"https:\/\/tfk.fi\/wp1\/wp-json\/wp\/v2\/tags?post=1174"}],"curies":[{"name":"wp","href":"https:\/\/api.w.org\/{rel}","templated":true}]}}