{"id":1373,"date":"2023-04-08T16:03:42","date_gmt":"2023-04-08T13:03:42","guid":{"rendered":"https:\/\/tfk.fi\/wp1\/?p=1373"},"modified":"2023-04-08T16:04:18","modified_gmt":"2023-04-08T13:04:18","slug":"valtaistuimen-vierella","status":"publish","type":"post","link":"https:\/\/tfk.fi\/wp1\/valtaistuimen-vierella\/","title":{"rendered":"Valtaistuimen vierell\u00e4"},"content":{"rendered":"\n<p>Tampereen Filharmonisen Kuoron kev\u00e4\u00e4n p\u00e4\u00e4tt\u00e4\u00e4 konsertti, jossa soivat kruunajaismusiikin helmet ja muut kuninkaalliset s\u00e4velm\u00e4t.  Valtaistuimen vierell\u00e4 -konsertti j\u00e4rjestet\u00e4\u00e4n <strong>ke 24.5.2023 klo 19 Tampereen tuomiokirkossa.<\/strong><\/p>\n\n\n\n<p>Konsertin teosten s\u00e4velt\u00e4ji\u00e4 ovat mm. G.F. H\u00e4ndel, E. Elgar, J. Rutter ja R. Vaughan Williams. Teoksista mainittakoon Ralph Vaughan Williams'in <em>Taste and see<\/em>, joka s\u00e4vellettiin Elizabeth II:n kruunajaisiin ja James MacMillanin <em>Who shall separate us?<\/em>, joka s\u00e4velletiin  kuningatar Elizabeth II:n hautajaisiin.<\/p>\n\n\n\n<p>Konsertin urkurina toimii  Anna-Maria Lehtoaho ja konsertin johtaa Tampereen Filharmonisen Kuoron taiteellinen johtaja <strong>Ruut Kiiski.<\/strong><\/p>\n\n\n\n<p><\/p>\n","protected":false},"excerpt":{"rendered":"<p>Tampereen Filharmonisen Kuoron kev\u00e4\u00e4n p\u00e4\u00e4tt\u00e4\u00e4 konsertti, jossa soivat kruunajaismusiikin helmet ja muut kuninkaalliset s\u00e4velm\u00e4t. Valtaistuimen vierell\u00e4 -konsertti j\u00e4rjestet\u00e4\u00e4n ke 24.5.2023 klo 19 Tampereen tuomiokirkossa. Konsertin teosten s\u00e4velt\u00e4ji\u00e4 ovat mm. G.F. H\u00e4ndel, E. Elgar, J. Rutter ja R. Vaughan Williams. Teoksista mainittakoon Ralph Vaughan Williams'in Taste and see, joka s\u00e4vellettiin Elizabeth II:n kruunajaisiin ja James MacMillanin <a href=\"https:\/\/tfk.fi\/wp1\/valtaistuimen-vierella\/\" class=\"more-link\">...jatka lukemista<span class=\"screen-reader-text\"> \"Valtaistuimen vierell\u00e4\"<\/span><\/a><\/p>\n","protected":false},"author":1,"featured_media":0,"comment_status":"closed","ping_status":"closed","sticky":false,"template":"","format":"standard","meta":{"footnotes":""},"categories":[5],"tags":[],"class_list":{"0":"post-1373","1":"post","2":"type-post","3":"status-publish","4":"format-standard","6":"category-ajankohtaista","7":"h-entry","8":"hentry","9":"h-as-article"},"yoast_head":"<!-- This site is optimized with the Yoast SEO plugin v23.4 - https:\/\/yoast.com\/wordpress\/plugins\/seo\/ -->\n<title>Valtaistuimen vierell\u00e4 - TAMPEREEN FILHARMONINEN KUORO<\/title>\n<meta name=\"robots\" content=\"index, follow, max-snippet:-1, max-image-preview:large, max-video-preview:-1\" \/>\n<link rel=\"canonical\" href=\"https:\/\/tfk.fi\/wp1\/valtaistuimen-vierella\/\" \/>\n<meta property=\"og:locale\" content=\"fi_FI\" \/>\n<meta property=\"og:type\" content=\"article\" \/>\n<meta property=\"og:title\" content=\"Valtaistuimen vierell\u00e4 - TAMPEREEN FILHARMONINEN KUORO\" \/>\n<meta property=\"og:description\" content=\"Tampereen Filharmonisen Kuoron kev\u00e4\u00e4n p\u00e4\u00e4tt\u00e4\u00e4 konsertti, jossa soivat kruunajaismusiikin helmet ja muut kuninkaalliset s\u00e4velm\u00e4t. Valtaistuimen vierell\u00e4 -konsertti j\u00e4rjestet\u00e4\u00e4n ke 24.5.2023 klo 19 Tampereen tuomiokirkossa. Konsertin teosten s\u00e4velt\u00e4ji\u00e4 ovat mm. G.F. H\u00e4ndel, E. Elgar, J. Rutter ja R. Vaughan Williams. Teoksista mainittakoon Ralph Vaughan Williams&#039;in Taste and see, joka s\u00e4vellettiin Elizabeth II:n kruunajaisiin ja James MacMillanin ...jatka lukemista &quot;Valtaistuimen vierell\u00e4&quot;\" \/>\n<meta property=\"og:url\" content=\"https:\/\/tfk.fi\/wp1\/valtaistuimen-vierella\/\" \/>\n<meta property=\"og:site_name\" content=\"TAMPEREEN FILHARMONINEN KUORO\" \/>\n<meta property=\"article:publisher\" content=\"https:\/\/fi-fi.facebook.com\/TampereenFilharmoninenKuoro\/\" \/>\n<meta property=\"article:published_time\" content=\"2023-04-08T13:03:42+00:00\" \/>\n<meta property=\"article:modified_time\" content=\"2023-04-08T13:04:18+00:00\" \/>\n<meta name=\"author\" content=\"by admin\" \/>\n<meta name=\"twitter:card\" content=\"summary_large_image\" \/>\n<meta name=\"twitter:creator\" content=\"@tfk_tampere\" \/>\n<meta name=\"twitter:site\" content=\"@tfk_tampere\" \/>\n<meta name=\"twitter:label1\" content=\"Kirjoittanut\" \/>\n\t<meta name=\"twitter:data1\" content=\"by admin\" \/>\n\t<meta name=\"twitter:label2\" content=\"Arvioitu lukuaika\" \/>\n\t<meta name=\"twitter:data2\" content=\"1 minuutti\" \/>\n<script type=\"application\/ld+json\" class=\"yoast-schema-graph\">{\"@context\":\"https:\/\/schema.org\",\"@graph\":[{\"@type\":\"Article\",\"@id\":\"https:\/\/tfk.fi\/wp1\/valtaistuimen-vierella\/#article\",\"isPartOf\":{\"@id\":\"https:\/\/tfk.fi\/wp1\/valtaistuimen-vierella\/\"},\"author\":{\"name\":\"by admin\",\"@id\":\"https:\/\/tfk.fi\/wp1\/#\/schema\/person\/62082e74fe9513a38b7374d5d9ce95c2\"},\"headline\":\"Valtaistuimen vierell\u00e4\",\"datePublished\":\"2023-04-08T13:03:42+00:00\",\"dateModified\":\"2023-04-08T13:04:18+00:00\",\"mainEntityOfPage\":{\"@id\":\"https:\/\/tfk.fi\/wp1\/valtaistuimen-vierella\/\"},\"wordCount\":95,\"publisher\":{\"@id\":\"https:\/\/tfk.fi\/wp1\/#organization\"},\"articleSection\":[\"Ajankohtaista\"],\"inLanguage\":\"fi\"},{\"@type\":\"WebPage\",\"@id\":\"https:\/\/tfk.fi\/wp1\/valtaistuimen-vierella\/\",\"url\":\"https:\/\/tfk.fi\/wp1\/valtaistuimen-vierella\/\",\"name\":\"Valtaistuimen vierell\u00e4 - TAMPEREEN FILHARMONINEN KUORO\",\"isPartOf\":{\"@id\":\"https:\/\/tfk.fi\/wp1\/#website\"},\"datePublished\":\"2023-04-08T13:03:42+00:00\",\"dateModified\":\"2023-04-08T13:04:18+00:00\",\"breadcrumb\":{\"@id\":\"https:\/\/tfk.fi\/wp1\/valtaistuimen-vierella\/#breadcrumb\"},\"inLanguage\":\"fi\",\"potentialAction\":[{\"@type\":\"ReadAction\",\"target\":[\"https:\/\/tfk.fi\/wp1\/valtaistuimen-vierella\/\"]}]},{\"@type\":\"BreadcrumbList\",\"@id\":\"https:\/\/tfk.fi\/wp1\/valtaistuimen-vierella\/#breadcrumb\",\"itemListElement\":[{\"@type\":\"ListItem\",\"position\":1,\"name\":\"Home\",\"item\":\"https:\/\/tfk.fi\/wp1\/\"},{\"@type\":\"ListItem\",\"position\":2,\"name\":\"Valtaistuimen vierell\u00e4\"}]},{\"@type\":\"WebSite\",\"@id\":\"https:\/\/tfk.fi\/wp1\/#website\",\"url\":\"https:\/\/tfk.fi\/wp1\/\",\"name\":\"TAMPEREEN FILHARMONINEN KUORO\",\"description\":\"Tampere Philharmonic Choir\",\"publisher\":{\"@id\":\"https:\/\/tfk.fi\/wp1\/#organization\"},\"potentialAction\":[{\"@type\":\"SearchAction\",\"target\":{\"@type\":\"EntryPoint\",\"urlTemplate\":\"https:\/\/tfk.fi\/wp1\/?s={search_term_string}\"},\"query-input\":{\"@type\":\"PropertyValueSpecification\",\"valueRequired\":true,\"valueName\":\"search_term_string\"}}],\"inLanguage\":\"fi\"},{\"@type\":\"Organization\",\"@id\":\"https:\/\/tfk.fi\/wp1\/#organization\",\"name\":\"Tampereen Filharmoninen Kuoro\",\"url\":\"https:\/\/tfk.fi\/wp1\/\",\"logo\":{\"@type\":\"ImageObject\",\"inLanguage\":\"fi\",\"@id\":\"https:\/\/tfk.fi\/wp1\/#\/schema\/logo\/image\/\",\"url\":\"https:\/\/tfk.fi\/wp1\/wp-content\/uploads\/2018\/08\/TFK-logo_100x50.jpg\",\"contentUrl\":\"https:\/\/tfk.fi\/wp1\/wp-content\/uploads\/2018\/08\/TFK-logo_100x50.jpg\",\"width\":100,\"height\":53,\"caption\":\"Tampereen Filharmoninen Kuoro\"},\"image\":{\"@id\":\"https:\/\/tfk.fi\/wp1\/#\/schema\/logo\/image\/\"},\"sameAs\":[\"https:\/\/fi-fi.facebook.com\/TampereenFilharmoninenKuoro\/\",\"https:\/\/x.com\/tfk_tampere\",\"https:\/\/www.instagram.com\/tampereenfilharmoninenkuoro\/?hl=fi\",\"https:\/\/www.youtube.com\/channel\/UCHNsgug_VXv_-TiyOBP5_cg\/featured\",\"https:\/\/fi.wikipedia.org\/wiki\/Tampereen_Filharmoninen_Kuoro\"]},{\"@type\":\"Person\",\"@id\":\"https:\/\/tfk.fi\/wp1\/#\/schema\/person\/62082e74fe9513a38b7374d5d9ce95c2\",\"name\":\"by admin\",\"image\":{\"@type\":\"ImageObject\",\"inLanguage\":\"fi\",\"@id\":\"https:\/\/tfk.fi\/wp1\/#\/schema\/person\/image\/\",\"url\":\"https:\/\/secure.gravatar.com\/avatar\/255b2f2603a7bd1c61703ab5cf309e5426051a054a79f7d27a6296e4276329c9?s=96&d=mm&r=g\",\"contentUrl\":\"https:\/\/secure.gravatar.com\/avatar\/255b2f2603a7bd1c61703ab5cf309e5426051a054a79f7d27a6296e4276329c9?s=96&d=mm&r=g\",\"caption\":\"by admin\"},\"url\":\"https:\/\/tfk.fi\/wp1\/author\/admin\/\"}]}<\/script>\n<!-- \/ Yoast SEO plugin. -->","yoast_head_json":{"title":"Valtaistuimen vierell\u00e4 - TAMPEREEN FILHARMONINEN KUORO","robots":{"index":"index","follow":"follow","max-snippet":"max-snippet:-1","max-image-preview":"max-image-preview:large","max-video-preview":"max-video-preview:-1"},"canonical":"https:\/\/tfk.fi\/wp1\/valtaistuimen-vierella\/","og_locale":"fi_FI","og_type":"article","og_title":"Valtaistuimen vierell\u00e4 - TAMPEREEN FILHARMONINEN KUORO","og_description":"Tampereen Filharmonisen Kuoron kev\u00e4\u00e4n p\u00e4\u00e4tt\u00e4\u00e4 konsertti, jossa soivat kruunajaismusiikin helmet ja muut kuninkaalliset s\u00e4velm\u00e4t. Valtaistuimen vierell\u00e4 -konsertti j\u00e4rjestet\u00e4\u00e4n ke 24.5.2023 klo 19 Tampereen tuomiokirkossa. Konsertin teosten s\u00e4velt\u00e4ji\u00e4 ovat mm. G.F. H\u00e4ndel, E. Elgar, J. Rutter ja R. Vaughan Williams. Teoksista mainittakoon Ralph Vaughan Williams'in Taste and see, joka s\u00e4vellettiin Elizabeth II:n kruunajaisiin ja James MacMillanin ...jatka lukemista \"Valtaistuimen vierell\u00e4\"","og_url":"https:\/\/tfk.fi\/wp1\/valtaistuimen-vierella\/","og_site_name":"TAMPEREEN FILHARMONINEN KUORO","article_publisher":"https:\/\/fi-fi.facebook.com\/TampereenFilharmoninenKuoro\/","article_published_time":"2023-04-08T13:03:42+00:00","article_modified_time":"2023-04-08T13:04:18+00:00","author":"by admin","twitter_card":"summary_large_image","twitter_creator":"@tfk_tampere","twitter_site":"@tfk_tampere","twitter_misc":{"Kirjoittanut":"by admin","Arvioitu lukuaika":"1 minuutti"},"schema":{"@context":"https:\/\/schema.org","@graph":[{"@type":"Article","@id":"https:\/\/tfk.fi\/wp1\/valtaistuimen-vierella\/#article","isPartOf":{"@id":"https:\/\/tfk.fi\/wp1\/valtaistuimen-vierella\/"},"author":{"name":"by admin","@id":"https:\/\/tfk.fi\/wp1\/#\/schema\/person\/62082e74fe9513a38b7374d5d9ce95c2"},"headline":"Valtaistuimen vierell\u00e4","datePublished":"2023-04-08T13:03:42+00:00","dateModified":"2023-04-08T13:04:18+00:00","mainEntityOfPage":{"@id":"https:\/\/tfk.fi\/wp1\/valtaistuimen-vierella\/"},"wordCount":95,"publisher":{"@id":"https:\/\/tfk.fi\/wp1\/#organization"},"articleSection":["Ajankohtaista"],"inLanguage":"fi"},{"@type":"WebPage","@id":"https:\/\/tfk.fi\/wp1\/valtaistuimen-vierella\/","url":"https:\/\/tfk.fi\/wp1\/valtaistuimen-vierella\/","name":"Valtaistuimen vierell\u00e4 - TAMPEREEN FILHARMONINEN KUORO","isPartOf":{"@id":"https:\/\/tfk.fi\/wp1\/#website"},"datePublished":"2023-04-08T13:03:42+00:00","dateModified":"2023-04-08T13:04:18+00:00","breadcrumb":{"@id":"https:\/\/tfk.fi\/wp1\/valtaistuimen-vierella\/#breadcrumb"},"inLanguage":"fi","potentialAction":[{"@type":"ReadAction","target":["https:\/\/tfk.fi\/wp1\/valtaistuimen-vierella\/"]}]},{"@type":"BreadcrumbList","@id":"https:\/\/tfk.fi\/wp1\/valtaistuimen-vierella\/#breadcrumb","itemListElement":[{"@type":"ListItem","position":1,"name":"Home","item":"https:\/\/tfk.fi\/wp1\/"},{"@type":"ListItem","position":2,"name":"Valtaistuimen vierell\u00e4"}]},{"@type":"WebSite","@id":"https:\/\/tfk.fi\/wp1\/#website","url":"https:\/\/tfk.fi\/wp1\/","name":"TAMPEREEN FILHARMONINEN KUORO","description":"Tampere Philharmonic Choir","publisher":{"@id":"https:\/\/tfk.fi\/wp1\/#organization"},"potentialAction":[{"@type":"SearchAction","target":{"@type":"EntryPoint","urlTemplate":"https:\/\/tfk.fi\/wp1\/?s={search_term_string}"},"query-input":{"@type":"PropertyValueSpecification","valueRequired":true,"valueName":"search_term_string"}}],"inLanguage":"fi"},{"@type":"Organization","@id":"https:\/\/tfk.fi\/wp1\/#organization","name":"Tampereen Filharmoninen Kuoro","url":"https:\/\/tfk.fi\/wp1\/","logo":{"@type":"ImageObject","inLanguage":"fi","@id":"https:\/\/tfk.fi\/wp1\/#\/schema\/logo\/image\/","url":"https:\/\/tfk.fi\/wp1\/wp-content\/uploads\/2018\/08\/TFK-logo_100x50.jpg","contentUrl":"https:\/\/tfk.fi\/wp1\/wp-content\/uploads\/2018\/08\/TFK-logo_100x50.jpg","width":100,"height":53,"caption":"Tampereen Filharmoninen Kuoro"},"image":{"@id":"https:\/\/tfk.fi\/wp1\/#\/schema\/logo\/image\/"},"sameAs":["https:\/\/fi-fi.facebook.com\/TampereenFilharmoninenKuoro\/","https:\/\/x.com\/tfk_tampere","https:\/\/www.instagram.com\/tampereenfilharmoninenkuoro\/?hl=fi","https:\/\/www.youtube.com\/channel\/UCHNsgug_VXv_-TiyOBP5_cg\/featured","https:\/\/fi.wikipedia.org\/wiki\/Tampereen_Filharmoninen_Kuoro"]},{"@type":"Person","@id":"https:\/\/tfk.fi\/wp1\/#\/schema\/person\/62082e74fe9513a38b7374d5d9ce95c2","name":"by admin","image":{"@type":"ImageObject","inLanguage":"fi","@id":"https:\/\/tfk.fi\/wp1\/#\/schema\/person\/image\/","url":"https:\/\/secure.gravatar.com\/avatar\/255b2f2603a7bd1c61703ab5cf309e5426051a054a79f7d27a6296e4276329c9?s=96&d=mm&r=g","contentUrl":"https:\/\/secure.gravatar.com\/avatar\/255b2f2603a7bd1c61703ab5cf309e5426051a054a79f7d27a6296e4276329c9?s=96&d=mm&r=g","caption":"by admin"},"url":"https:\/\/tfk.fi\/wp1\/author\/admin\/"}]}},"_links":{"self":[{"href":"https:\/\/tfk.fi\/wp1\/wp-json\/wp\/v2\/posts\/1373","targetHints":{"allow":["GET"]}}],"collection":[{"href":"https:\/\/tfk.fi\/wp1\/wp-json\/wp\/v2\/posts"}],"about":[{"href":"https:\/\/tfk.fi\/wp1\/wp-json\/wp\/v2\/types\/post"}],"author":[{"embeddable":true,"href":"https:\/\/tfk.fi\/wp1\/wp-json\/wp\/v2\/users\/1"}],"replies":[{"embeddable":true,"href":"https:\/\/tfk.fi\/wp1\/wp-json\/wp\/v2\/comments?post=1373"}],"version-history":[{"count":2,"href":"https:\/\/tfk.fi\/wp1\/wp-json\/wp\/v2\/posts\/1373\/revisions"}],"predecessor-version":[{"id":1375,"href":"https:\/\/tfk.fi\/wp1\/wp-json\/wp\/v2\/posts\/1373\/revisions\/1375"}],"wp:attachment":[{"href":"https:\/\/tfk.fi\/wp1\/wp-json\/wp\/v2\/media?parent=1373"}],"wp:term":[{"taxonomy":"category","embeddable":true,"href":"https:\/\/tfk.fi\/wp1\/wp-json\/wp\/v2\/categories?post=1373"},{"taxonomy":"post_tag","embeddable":true,"href":"https:\/\/tfk.fi\/wp1\/wp-json\/wp\/v2\/tags?post=1373"}],"curies":[{"name":"wp","href":"https:\/\/api.w.org\/{rel}","templated":true}]}}