{"id":1455,"date":"2023-12-07T13:12:59","date_gmt":"2023-12-07T11:12:59","guid":{"rendered":"https:\/\/tfk.fi\/wp1\/?p=1455"},"modified":"2023-12-07T13:13:01","modified_gmt":"2023-12-07T11:13:01","slug":"upea-itsenaisyyspaivan-konsertti-ja-hiljentyminen-joulun-odotukseen","status":"publish","type":"post","link":"https:\/\/tfk.fi\/wp1\/upea-itsenaisyyspaivan-konsertti-ja-hiljentyminen-joulun-odotukseen\/","title":{"rendered":"Upea itsen\u00e4isyysp\u00e4iv\u00e4n konsertti ja hiljentyminen joulun odotukseen"},"content":{"rendered":"\n<p>Tampereen Filharmonisella Kuorolla oli kunnia esiinty\u00e4 Tampere Filharmonian kanssa yhteisess\u00e4 itsen\u00e4isyysp\u00e4iv\u00e4n juhlakonsertissa. Konsertti oli monella tapaa el\u00e4mys - pitk\u00e4\u00e4n ja pieteetill\u00e4 harjoiteltu Sibeliuksen Oma maa tuli tulkituksi tunteella ja vapautuneesti. Yleis\u00f6 rakasti, mutta my\u00f6s Aamulehden arvostelussa Harri Hautala lausui my\u00f6nteisi\u00e4 sanoja ohjelmiston kokoamisesta ja Ruut Kiisken taidokkaasta johtamisesta. \"Tampereen Filharmoinnen Kuoro loisti Tampere Filharmonian itsen\u00e4isyysp\u00e4iv\u00e4n konsertissa - yksi kuoron viime vuosin vaikuttavimmista esityksist\u00e4\", kertoi Aamulehden otsikko. <\/p>\n\n\n\n<p>Ja olihan Finlandia liki satahenkisen orkesterin s\u00e4est\u00e4m\u00e4n\u00e4 upea kokemus paitsi yleis\u00f6lle, my\u00f6s erityisesti meille laulajille. <\/p>\n\n\n\n<p>N\u00e4ill\u00e4 tunnelmilla on hyv\u00e4 siirty\u00e4 hiljalleen joulun viettoon, mutta viel\u00e4 13. joulukuuta tapaamme normaalissa viikkoharjoituksessa, ja otamme aktiivisemmin ty\u00f6n alle ensi vuoden suurteoksen, Bachin Johannes-passion. <\/p>\n\n\n\n<p>Tampereen Filharmoninen Kuoro toivottaa tunnelmallista joulua ja kiitt\u00e4\u00e4 t\u00e4st\u00e4 kaudesta! <\/p>\n\n\n\n<p>Ps. Seuraavat koelaulut j\u00e4rjestet\u00e4\u00e4n 24.1.2024. <\/p>\n","protected":false},"excerpt":{"rendered":"<p>Tampereen Filharmonisella Kuorolla oli kunnia esiinty\u00e4 Tampere Filharmonian kanssa yhteisess\u00e4 itsen\u00e4isyysp\u00e4iv\u00e4n juhlakonsertissa. Konsertti oli monella tapaa el\u00e4mys - pitk\u00e4\u00e4n ja pieteetill\u00e4 harjoiteltu Sibeliuksen Oma maa tuli tulkituksi tunteella ja vapautuneesti. Yleis\u00f6 rakasti, mutta my\u00f6s Aamulehden arvostelussa Harri Hautala lausui my\u00f6nteisi\u00e4 sanoja ohjelmiston kokoamisesta ja Ruut Kiisken taidokkaasta johtamisesta. \"Tampereen Filharmoinnen Kuoro loisti Tampere Filharmonian itsen\u00e4isyysp\u00e4iv\u00e4n <a href=\"https:\/\/tfk.fi\/wp1\/upea-itsenaisyyspaivan-konsertti-ja-hiljentyminen-joulun-odotukseen\/\" class=\"more-link\">...jatka lukemista<span class=\"screen-reader-text\"> \"Upea itsen\u00e4isyysp\u00e4iv\u00e4n konsertti ja hiljentyminen joulun odotukseen\"<\/span><\/a><\/p>\n","protected":false},"author":1,"featured_media":0,"comment_status":"closed","ping_status":"closed","sticky":false,"template":"","format":"standard","meta":{"footnotes":""},"categories":[5],"tags":[],"class_list":{"0":"post-1455","1":"post","2":"type-post","3":"status-publish","4":"format-standard","6":"category-ajankohtaista","7":"h-entry","8":"hentry","9":"h-as-article"},"yoast_head":"<!-- This site is optimized with the Yoast SEO plugin v23.4 - https:\/\/yoast.com\/wordpress\/plugins\/seo\/ -->\n<title>Upea itsen\u00e4isyysp\u00e4iv\u00e4n konsertti ja hiljentyminen joulun odotukseen - TAMPEREEN FILHARMONINEN KUORO<\/title>\n<meta name=\"robots\" content=\"index, follow, max-snippet:-1, max-image-preview:large, max-video-preview:-1\" \/>\n<link rel=\"canonical\" href=\"https:\/\/tfk.fi\/wp1\/upea-itsenaisyyspaivan-konsertti-ja-hiljentyminen-joulun-odotukseen\/\" \/>\n<meta property=\"og:locale\" content=\"fi_FI\" \/>\n<meta property=\"og:type\" content=\"article\" \/>\n<meta property=\"og:title\" content=\"Upea itsen\u00e4isyysp\u00e4iv\u00e4n konsertti ja hiljentyminen joulun odotukseen - TAMPEREEN FILHARMONINEN KUORO\" \/>\n<meta property=\"og:description\" content=\"Tampereen Filharmonisella Kuorolla oli kunnia esiinty\u00e4 Tampere Filharmonian kanssa yhteisess\u00e4 itsen\u00e4isyysp\u00e4iv\u00e4n juhlakonsertissa. Konsertti oli monella tapaa el\u00e4mys - pitk\u00e4\u00e4n ja pieteetill\u00e4 harjoiteltu Sibeliuksen Oma maa tuli tulkituksi tunteella ja vapautuneesti. Yleis\u00f6 rakasti, mutta my\u00f6s Aamulehden arvostelussa Harri Hautala lausui my\u00f6nteisi\u00e4 sanoja ohjelmiston kokoamisesta ja Ruut Kiisken taidokkaasta johtamisesta. &quot;Tampereen Filharmoinnen Kuoro loisti Tampere Filharmonian itsen\u00e4isyysp\u00e4iv\u00e4n ...jatka lukemista &quot;Upea itsen\u00e4isyysp\u00e4iv\u00e4n konsertti ja hiljentyminen joulun odotukseen&quot;\" \/>\n<meta property=\"og:url\" content=\"https:\/\/tfk.fi\/wp1\/upea-itsenaisyyspaivan-konsertti-ja-hiljentyminen-joulun-odotukseen\/\" \/>\n<meta property=\"og:site_name\" content=\"TAMPEREEN FILHARMONINEN KUORO\" \/>\n<meta property=\"article:publisher\" content=\"https:\/\/fi-fi.facebook.com\/TampereenFilharmoninenKuoro\/\" \/>\n<meta property=\"article:published_time\" content=\"2023-12-07T11:12:59+00:00\" \/>\n<meta property=\"article:modified_time\" content=\"2023-12-07T11:13:01+00:00\" \/>\n<meta name=\"author\" content=\"by admin\" \/>\n<meta name=\"twitter:card\" content=\"summary_large_image\" \/>\n<meta name=\"twitter:creator\" content=\"@tfk_tampere\" \/>\n<meta name=\"twitter:site\" content=\"@tfk_tampere\" \/>\n<meta name=\"twitter:label1\" content=\"Kirjoittanut\" \/>\n\t<meta name=\"twitter:data1\" content=\"by admin\" \/>\n\t<meta name=\"twitter:label2\" content=\"Arvioitu lukuaika\" \/>\n\t<meta name=\"twitter:data2\" content=\"1 minuutti\" \/>\n<script type=\"application\/ld+json\" class=\"yoast-schema-graph\">{\"@context\":\"https:\/\/schema.org\",\"@graph\":[{\"@type\":\"Article\",\"@id\":\"https:\/\/tfk.fi\/wp1\/upea-itsenaisyyspaivan-konsertti-ja-hiljentyminen-joulun-odotukseen\/#article\",\"isPartOf\":{\"@id\":\"https:\/\/tfk.fi\/wp1\/upea-itsenaisyyspaivan-konsertti-ja-hiljentyminen-joulun-odotukseen\/\"},\"author\":{\"name\":\"by admin\",\"@id\":\"https:\/\/tfk.fi\/wp1\/#\/schema\/person\/62082e74fe9513a38b7374d5d9ce95c2\"},\"headline\":\"Upea itsen\u00e4isyysp\u00e4iv\u00e4n konsertti ja hiljentyminen joulun odotukseen\",\"datePublished\":\"2023-12-07T11:12:59+00:00\",\"dateModified\":\"2023-12-07T11:13:01+00:00\",\"mainEntityOfPage\":{\"@id\":\"https:\/\/tfk.fi\/wp1\/upea-itsenaisyyspaivan-konsertti-ja-hiljentyminen-joulun-odotukseen\/\"},\"wordCount\":149,\"publisher\":{\"@id\":\"https:\/\/tfk.fi\/wp1\/#organization\"},\"articleSection\":[\"Ajankohtaista\"],\"inLanguage\":\"fi\"},{\"@type\":\"WebPage\",\"@id\":\"https:\/\/tfk.fi\/wp1\/upea-itsenaisyyspaivan-konsertti-ja-hiljentyminen-joulun-odotukseen\/\",\"url\":\"https:\/\/tfk.fi\/wp1\/upea-itsenaisyyspaivan-konsertti-ja-hiljentyminen-joulun-odotukseen\/\",\"name\":\"Upea itsen\u00e4isyysp\u00e4iv\u00e4n konsertti ja hiljentyminen joulun odotukseen - TAMPEREEN FILHARMONINEN KUORO\",\"isPartOf\":{\"@id\":\"https:\/\/tfk.fi\/wp1\/#website\"},\"datePublished\":\"2023-12-07T11:12:59+00:00\",\"dateModified\":\"2023-12-07T11:13:01+00:00\",\"breadcrumb\":{\"@id\":\"https:\/\/tfk.fi\/wp1\/upea-itsenaisyyspaivan-konsertti-ja-hiljentyminen-joulun-odotukseen\/#breadcrumb\"},\"inLanguage\":\"fi\",\"potentialAction\":[{\"@type\":\"ReadAction\",\"target\":[\"https:\/\/tfk.fi\/wp1\/upea-itsenaisyyspaivan-konsertti-ja-hiljentyminen-joulun-odotukseen\/\"]}]},{\"@type\":\"BreadcrumbList\",\"@id\":\"https:\/\/tfk.fi\/wp1\/upea-itsenaisyyspaivan-konsertti-ja-hiljentyminen-joulun-odotukseen\/#breadcrumb\",\"itemListElement\":[{\"@type\":\"ListItem\",\"position\":1,\"name\":\"Home\",\"item\":\"https:\/\/tfk.fi\/wp1\/\"},{\"@type\":\"ListItem\",\"position\":2,\"name\":\"Upea itsen\u00e4isyysp\u00e4iv\u00e4n konsertti ja hiljentyminen joulun odotukseen\"}]},{\"@type\":\"WebSite\",\"@id\":\"https:\/\/tfk.fi\/wp1\/#website\",\"url\":\"https:\/\/tfk.fi\/wp1\/\",\"name\":\"TAMPEREEN FILHARMONINEN KUORO\",\"description\":\"Tampere Philharmonic Choir\",\"publisher\":{\"@id\":\"https:\/\/tfk.fi\/wp1\/#organization\"},\"potentialAction\":[{\"@type\":\"SearchAction\",\"target\":{\"@type\":\"EntryPoint\",\"urlTemplate\":\"https:\/\/tfk.fi\/wp1\/?s={search_term_string}\"},\"query-input\":{\"@type\":\"PropertyValueSpecification\",\"valueRequired\":true,\"valueName\":\"search_term_string\"}}],\"inLanguage\":\"fi\"},{\"@type\":\"Organization\",\"@id\":\"https:\/\/tfk.fi\/wp1\/#organization\",\"name\":\"Tampereen Filharmoninen Kuoro\",\"url\":\"https:\/\/tfk.fi\/wp1\/\",\"logo\":{\"@type\":\"ImageObject\",\"inLanguage\":\"fi\",\"@id\":\"https:\/\/tfk.fi\/wp1\/#\/schema\/logo\/image\/\",\"url\":\"https:\/\/tfk.fi\/wp1\/wp-content\/uploads\/2018\/08\/TFK-logo_100x50.jpg\",\"contentUrl\":\"https:\/\/tfk.fi\/wp1\/wp-content\/uploads\/2018\/08\/TFK-logo_100x50.jpg\",\"width\":100,\"height\":53,\"caption\":\"Tampereen Filharmoninen Kuoro\"},\"image\":{\"@id\":\"https:\/\/tfk.fi\/wp1\/#\/schema\/logo\/image\/\"},\"sameAs\":[\"https:\/\/fi-fi.facebook.com\/TampereenFilharmoninenKuoro\/\",\"https:\/\/x.com\/tfk_tampere\",\"https:\/\/www.instagram.com\/tampereenfilharmoninenkuoro\/?hl=fi\",\"https:\/\/www.youtube.com\/channel\/UCHNsgug_VXv_-TiyOBP5_cg\/featured\",\"https:\/\/fi.wikipedia.org\/wiki\/Tampereen_Filharmoninen_Kuoro\"]},{\"@type\":\"Person\",\"@id\":\"https:\/\/tfk.fi\/wp1\/#\/schema\/person\/62082e74fe9513a38b7374d5d9ce95c2\",\"name\":\"by admin\",\"image\":{\"@type\":\"ImageObject\",\"inLanguage\":\"fi\",\"@id\":\"https:\/\/tfk.fi\/wp1\/#\/schema\/person\/image\/\",\"url\":\"https:\/\/secure.gravatar.com\/avatar\/255b2f2603a7bd1c61703ab5cf309e5426051a054a79f7d27a6296e4276329c9?s=96&d=mm&r=g\",\"contentUrl\":\"https:\/\/secure.gravatar.com\/avatar\/255b2f2603a7bd1c61703ab5cf309e5426051a054a79f7d27a6296e4276329c9?s=96&d=mm&r=g\",\"caption\":\"by admin\"},\"url\":\"https:\/\/tfk.fi\/wp1\/author\/admin\/\"}]}<\/script>\n<!-- \/ Yoast SEO plugin. -->","yoast_head_json":{"title":"Upea itsen\u00e4isyysp\u00e4iv\u00e4n konsertti ja hiljentyminen joulun odotukseen - TAMPEREEN FILHARMONINEN KUORO","robots":{"index":"index","follow":"follow","max-snippet":"max-snippet:-1","max-image-preview":"max-image-preview:large","max-video-preview":"max-video-preview:-1"},"canonical":"https:\/\/tfk.fi\/wp1\/upea-itsenaisyyspaivan-konsertti-ja-hiljentyminen-joulun-odotukseen\/","og_locale":"fi_FI","og_type":"article","og_title":"Upea itsen\u00e4isyysp\u00e4iv\u00e4n konsertti ja hiljentyminen joulun odotukseen - TAMPEREEN FILHARMONINEN KUORO","og_description":"Tampereen Filharmonisella Kuorolla oli kunnia esiinty\u00e4 Tampere Filharmonian kanssa yhteisess\u00e4 itsen\u00e4isyysp\u00e4iv\u00e4n juhlakonsertissa. Konsertti oli monella tapaa el\u00e4mys - pitk\u00e4\u00e4n ja pieteetill\u00e4 harjoiteltu Sibeliuksen Oma maa tuli tulkituksi tunteella ja vapautuneesti. Yleis\u00f6 rakasti, mutta my\u00f6s Aamulehden arvostelussa Harri Hautala lausui my\u00f6nteisi\u00e4 sanoja ohjelmiston kokoamisesta ja Ruut Kiisken taidokkaasta johtamisesta. \"Tampereen Filharmoinnen Kuoro loisti Tampere Filharmonian itsen\u00e4isyysp\u00e4iv\u00e4n ...jatka lukemista \"Upea itsen\u00e4isyysp\u00e4iv\u00e4n konsertti ja hiljentyminen joulun odotukseen\"","og_url":"https:\/\/tfk.fi\/wp1\/upea-itsenaisyyspaivan-konsertti-ja-hiljentyminen-joulun-odotukseen\/","og_site_name":"TAMPEREEN FILHARMONINEN KUORO","article_publisher":"https:\/\/fi-fi.facebook.com\/TampereenFilharmoninenKuoro\/","article_published_time":"2023-12-07T11:12:59+00:00","article_modified_time":"2023-12-07T11:13:01+00:00","author":"by admin","twitter_card":"summary_large_image","twitter_creator":"@tfk_tampere","twitter_site":"@tfk_tampere","twitter_misc":{"Kirjoittanut":"by admin","Arvioitu lukuaika":"1 minuutti"},"schema":{"@context":"https:\/\/schema.org","@graph":[{"@type":"Article","@id":"https:\/\/tfk.fi\/wp1\/upea-itsenaisyyspaivan-konsertti-ja-hiljentyminen-joulun-odotukseen\/#article","isPartOf":{"@id":"https:\/\/tfk.fi\/wp1\/upea-itsenaisyyspaivan-konsertti-ja-hiljentyminen-joulun-odotukseen\/"},"author":{"name":"by admin","@id":"https:\/\/tfk.fi\/wp1\/#\/schema\/person\/62082e74fe9513a38b7374d5d9ce95c2"},"headline":"Upea itsen\u00e4isyysp\u00e4iv\u00e4n konsertti ja hiljentyminen joulun odotukseen","datePublished":"2023-12-07T11:12:59+00:00","dateModified":"2023-12-07T11:13:01+00:00","mainEntityOfPage":{"@id":"https:\/\/tfk.fi\/wp1\/upea-itsenaisyyspaivan-konsertti-ja-hiljentyminen-joulun-odotukseen\/"},"wordCount":149,"publisher":{"@id":"https:\/\/tfk.fi\/wp1\/#organization"},"articleSection":["Ajankohtaista"],"inLanguage":"fi"},{"@type":"WebPage","@id":"https:\/\/tfk.fi\/wp1\/upea-itsenaisyyspaivan-konsertti-ja-hiljentyminen-joulun-odotukseen\/","url":"https:\/\/tfk.fi\/wp1\/upea-itsenaisyyspaivan-konsertti-ja-hiljentyminen-joulun-odotukseen\/","name":"Upea itsen\u00e4isyysp\u00e4iv\u00e4n konsertti ja hiljentyminen joulun odotukseen - TAMPEREEN FILHARMONINEN KUORO","isPartOf":{"@id":"https:\/\/tfk.fi\/wp1\/#website"},"datePublished":"2023-12-07T11:12:59+00:00","dateModified":"2023-12-07T11:13:01+00:00","breadcrumb":{"@id":"https:\/\/tfk.fi\/wp1\/upea-itsenaisyyspaivan-konsertti-ja-hiljentyminen-joulun-odotukseen\/#breadcrumb"},"inLanguage":"fi","potentialAction":[{"@type":"ReadAction","target":["https:\/\/tfk.fi\/wp1\/upea-itsenaisyyspaivan-konsertti-ja-hiljentyminen-joulun-odotukseen\/"]}]},{"@type":"BreadcrumbList","@id":"https:\/\/tfk.fi\/wp1\/upea-itsenaisyyspaivan-konsertti-ja-hiljentyminen-joulun-odotukseen\/#breadcrumb","itemListElement":[{"@type":"ListItem","position":1,"name":"Home","item":"https:\/\/tfk.fi\/wp1\/"},{"@type":"ListItem","position":2,"name":"Upea itsen\u00e4isyysp\u00e4iv\u00e4n konsertti ja hiljentyminen joulun odotukseen"}]},{"@type":"WebSite","@id":"https:\/\/tfk.fi\/wp1\/#website","url":"https:\/\/tfk.fi\/wp1\/","name":"TAMPEREEN FILHARMONINEN KUORO","description":"Tampere Philharmonic Choir","publisher":{"@id":"https:\/\/tfk.fi\/wp1\/#organization"},"potentialAction":[{"@type":"SearchAction","target":{"@type":"EntryPoint","urlTemplate":"https:\/\/tfk.fi\/wp1\/?s={search_term_string}"},"query-input":{"@type":"PropertyValueSpecification","valueRequired":true,"valueName":"search_term_string"}}],"inLanguage":"fi"},{"@type":"Organization","@id":"https:\/\/tfk.fi\/wp1\/#organization","name":"Tampereen Filharmoninen Kuoro","url":"https:\/\/tfk.fi\/wp1\/","logo":{"@type":"ImageObject","inLanguage":"fi","@id":"https:\/\/tfk.fi\/wp1\/#\/schema\/logo\/image\/","url":"https:\/\/tfk.fi\/wp1\/wp-content\/uploads\/2018\/08\/TFK-logo_100x50.jpg","contentUrl":"https:\/\/tfk.fi\/wp1\/wp-content\/uploads\/2018\/08\/TFK-logo_100x50.jpg","width":100,"height":53,"caption":"Tampereen Filharmoninen Kuoro"},"image":{"@id":"https:\/\/tfk.fi\/wp1\/#\/schema\/logo\/image\/"},"sameAs":["https:\/\/fi-fi.facebook.com\/TampereenFilharmoninenKuoro\/","https:\/\/x.com\/tfk_tampere","https:\/\/www.instagram.com\/tampereenfilharmoninenkuoro\/?hl=fi","https:\/\/www.youtube.com\/channel\/UCHNsgug_VXv_-TiyOBP5_cg\/featured","https:\/\/fi.wikipedia.org\/wiki\/Tampereen_Filharmoninen_Kuoro"]},{"@type":"Person","@id":"https:\/\/tfk.fi\/wp1\/#\/schema\/person\/62082e74fe9513a38b7374d5d9ce95c2","name":"by admin","image":{"@type":"ImageObject","inLanguage":"fi","@id":"https:\/\/tfk.fi\/wp1\/#\/schema\/person\/image\/","url":"https:\/\/secure.gravatar.com\/avatar\/255b2f2603a7bd1c61703ab5cf309e5426051a054a79f7d27a6296e4276329c9?s=96&d=mm&r=g","contentUrl":"https:\/\/secure.gravatar.com\/avatar\/255b2f2603a7bd1c61703ab5cf309e5426051a054a79f7d27a6296e4276329c9?s=96&d=mm&r=g","caption":"by admin"},"url":"https:\/\/tfk.fi\/wp1\/author\/admin\/"}]}},"_links":{"self":[{"href":"https:\/\/tfk.fi\/wp1\/wp-json\/wp\/v2\/posts\/1455","targetHints":{"allow":["GET"]}}],"collection":[{"href":"https:\/\/tfk.fi\/wp1\/wp-json\/wp\/v2\/posts"}],"about":[{"href":"https:\/\/tfk.fi\/wp1\/wp-json\/wp\/v2\/types\/post"}],"author":[{"embeddable":true,"href":"https:\/\/tfk.fi\/wp1\/wp-json\/wp\/v2\/users\/1"}],"replies":[{"embeddable":true,"href":"https:\/\/tfk.fi\/wp1\/wp-json\/wp\/v2\/comments?post=1455"}],"version-history":[{"count":1,"href":"https:\/\/tfk.fi\/wp1\/wp-json\/wp\/v2\/posts\/1455\/revisions"}],"predecessor-version":[{"id":1456,"href":"https:\/\/tfk.fi\/wp1\/wp-json\/wp\/v2\/posts\/1455\/revisions\/1456"}],"wp:attachment":[{"href":"https:\/\/tfk.fi\/wp1\/wp-json\/wp\/v2\/media?parent=1455"}],"wp:term":[{"taxonomy":"category","embeddable":true,"href":"https:\/\/tfk.fi\/wp1\/wp-json\/wp\/v2\/categories?post=1455"},{"taxonomy":"post_tag","embeddable":true,"href":"https:\/\/tfk.fi\/wp1\/wp-json\/wp\/v2\/tags?post=1455"}],"curies":[{"name":"wp","href":"https:\/\/api.w.org\/{rel}","templated":true}]}}