{"id":1492,"date":"2024-02-15T09:35:26","date_gmt":"2024-02-15T07:35:26","guid":{"rendered":"https:\/\/tfk.fi\/wp1\/?p=1492"},"modified":"2024-02-15T14:22:20","modified_gmt":"2024-02-15T12:22:20","slug":"suomen-kulttuurirahastolta-merkittava-apuraha-tampereen-filharmoniselle-kuorolle","status":"publish","type":"post","link":"https:\/\/tfk.fi\/wp1\/suomen-kulttuurirahastolta-merkittava-apuraha-tampereen-filharmoniselle-kuorolle\/","title":{"rendered":"Suomen Kulttuurirahastolta merkitt\u00e4v\u00e4 apuraha Tampereen Filharmoniselle Kuorolle"},"content":{"rendered":"\n<p>Tampereen Filharmoninen Kuoro on saanut Suomen Kulttuurirahastolta yhden Pirkanmaan suurimmista apurahoista. 78 000 euron apuraha on my\u00f6nnetty kolmelle vuodelle ja se kohdentuu taiteellisen tason kehitt\u00e4miseen. Apurahan tuella kuoro pystyy mm. jatkamaan toimivaksi koetun \u00e4\u00e4nenjohtajamallin toteuttamista. <\/p>\n\n\n\n<p>- On upeaa, ett\u00e4 kuoromusiikin ammattilaisten osaamiseen panostava toimintamallimme on huomioitu ja tarvitsemamme avustus my\u00f6nnetty. T\u00e4m\u00e4 on t\u00e4rke\u00e4 askel koko kuoron kehitt\u00e4miselle ja sit\u00e4 kautta yh\u00e4 suurempien konserttiel\u00e4mysten tuottamiselle, iloitsee Tampereen Filharmonisen Kuoron kuoromestari <strong>Jouni Rissanen<\/strong>.<\/p>\n\n\n\n<p>Tampereen Filharmoninen Kuoro palkkasi nelj\u00e4 \u00e4\u00e4nenjohtajaa vuonna 2022 kuoron taiteellisen osaamisen nostamiseksi ja toiminnan monipuolistamiseksi. \u00c4\u00e4nenjohtajat ovat ty\u00f6ll\u00e4\u00e4n edist\u00e4neet stemmojen yhten\u00e4ist\u00e4 sointia, tukeneet \u00e4\u00e4nenmuodostuksen kehittymist\u00e4, kehitt\u00e4neet laulajien osaamista sek\u00e4 auttaneet uusien laulajien rekrytoinnissa sek\u00e4 uusien laulajien kuoroon integroitumisessa.\u00a0<\/p>\n\n\n\n<p>\u00c4\u00e4nenjohtajatoiminnalla kuoro on pystynyt tarjoamaan musiikin ammattilaisille ja musiikin opiskelijoille ty\u00f6t\u00e4 ja mahdollisuuden kehitt\u00e4\u00e4 omaa osaamistaan.\u00a0\u00c4\u00e4nenjohtajina toimivat <strong>Elisabet Rantanen<\/strong> (sopraano), <strong>Inga Sauranen<\/strong> (altto), <strong>Marko Tuupainen<\/strong> (tenori) sek\u00e4 <strong>Petrus Marjanen<\/strong> (basso).<br><br>- T\u00e4rke\u00e4\u00e4 on, ett\u00e4 Suomessa p\u00e4\u00e4asiassa ammattiorkestereiden kanssa toimivat suurkuorot - kuten Tampereen Filharmoninen kuoro ja Musiikkitalon kuoro - toimivat samanlaisin periaattein. Ammattilaisten palkkaaminen \u00e4\u00e4nenjohtajiksi on yksi esimerkki, kuoron taiteellinen johtaja <strong>Ruut Kiiski <\/strong>kertoo.<br>- Teht\u00e4v\u00e4n\u00e4ni taiteellisena johtajana on huolehtia Tampereen Filharmonisen Kuoron tulevaisuudesta ja varmistaa, ett\u00e4 johtajakaudellani tekem\u00e4t p\u00e4\u00e4t\u00f6kset nostavat kuoron taiteellista tasoa ja mahdollistavat monipuoliset projektit my\u00f6s tulevaisuudessa. Laulutekniikan ja \u00e4\u00e4nenmuodostuksen opettaminen 100 hengen suurkuorossa on taiteelliselle johtajalle haastavaa, yksitt\u00e4isen laulajan tekniikkaa on mahdoton ohjata harjoitustilanteessa. \u00c4\u00e4nenjohtajat tekev\u00e4t eritt\u00e4in t\u00e4rke\u00e4\u00e4 \u00e4\u00e4nenmuodostusty\u00f6t\u00e4 yksityistuntien ja stemmaharjoitusten muodossa. N\u00e4in pystymme varmistamaan, ett\u00e4 laulajat k\u00e4ytt\u00e4v\u00e4t \u00e4\u00e4nt\u00e4ns\u00e4 hyvin ja oikein ja saavat tarvittavan avun stemmojen opetteluun, Kiiski toteaa.<\/p>\n\n\n\n<p>Suomen Kulttuurirahastoon hakemuksia tuli ensimm\u00e4ist\u00e4 kertaa yli 10 000, ja n\u00e4ist\u00e4 joka kymmenes menestyi. Kokovuotisia apurahoja my\u00f6nnettiin 460 ja monivuotisia 168. <\/p>\n\n\n\n<p>- Apuraha on kuoromme tulevaisuuden kannalta todella merkitt\u00e4v\u00e4 asia. Iloitsen siit\u00e4, ett\u00e4 pystymme tarjoamaan nelj\u00e4lle musiikin ammattilaiselle teht\u00e4v\u00e4n, jossa he p\u00e4\u00e4sev\u00e4t paitsi kehitt\u00e4m\u00e4\u00e4n stemman sointia, my\u00f6s itse kehittym\u00e4\u00e4n omassa roolissaan. On ihanaa, ett\u00e4 \u00e4\u00e4rimm\u00e4isen osaavan taiteellisen johdon ja alati kasvavan kuoron kyvykkyyden voimin pystymme tarjoamaan yleis\u00f6lle upeita konserttiel\u00e4myksi\u00e4 ja omalta osaltamme tukemaan Tampereen kaupungin kulttuuristrategiaa, Tampereen Filharmonisen Kuoron puheenjohtaja <strong>Susanna Saarenp\u00e4\u00e4<\/strong> toteaa. <\/p>\n\n\n\n<figure class=\"wp-block-image size-large\"><img loading=\"lazy\" decoding=\"async\" width=\"683\" height=\"1024\" src=\"https:\/\/tfk.fi\/wp1\/wp-content\/uploads\/2024\/02\/TFKnasinneula2Taivas-@Ville-Hautakangas-watermarked-683x1024.jpg\" alt=\"\" class=\"wp-image-1493\" srcset=\"https:\/\/tfk.fi\/wp1\/wp-content\/uploads\/2024\/02\/TFKnasinneula2Taivas-@Ville-Hautakangas-watermarked-683x1024.jpg 683w, https:\/\/tfk.fi\/wp1\/wp-content\/uploads\/2024\/02\/TFKnasinneula2Taivas-@Ville-Hautakangas-watermarked-200x300.jpg 200w, https:\/\/tfk.fi\/wp1\/wp-content\/uploads\/2024\/02\/TFKnasinneula2Taivas-@Ville-Hautakangas-watermarked-768x1152.jpg 768w, https:\/\/tfk.fi\/wp1\/wp-content\/uploads\/2024\/02\/TFKnasinneula2Taivas-@Ville-Hautakangas-watermarked-1024x1536.jpg 1024w, https:\/\/tfk.fi\/wp1\/wp-content\/uploads\/2024\/02\/TFKnasinneula2Taivas-@Ville-Hautakangas-watermarked-1365x2048.jpg 1365w, https:\/\/tfk.fi\/wp1\/wp-content\/uploads\/2024\/02\/TFKnasinneula2Taivas-@Ville-Hautakangas-watermarked-960x1440.jpg 960w, https:\/\/tfk.fi\/wp1\/wp-content\/uploads\/2024\/02\/TFKnasinneula2Taivas-@Ville-Hautakangas-watermarked-scaled.jpg 1707w\" sizes=\"auto, (max-width: 683px) 100vw, 683px\" \/><\/figure>\n\n\n\n<p><\/p>\n","protected":false},"excerpt":{"rendered":"<p>Tampereen Filharmoninen Kuoro on saanut Suomen Kulttuurirahastolta yhden Pirkanmaan suurimmista apurahoista. 78 000 euron apuraha on my\u00f6nnetty kolmelle vuodelle ja se kohdentuu taiteellisen tason kehitt\u00e4miseen. Apurahan tuella kuoro pystyy mm. jatkamaan toimivaksi koetun \u00e4\u00e4nenjohtajamallin toteuttamista. - On upeaa, ett\u00e4 kuoromusiikin ammattilaisten osaamiseen panostava toimintamallimme on huomioitu ja tarvitsemamme avustus my\u00f6nnetty. T\u00e4m\u00e4 on t\u00e4rke\u00e4 askel koko <a href=\"https:\/\/tfk.fi\/wp1\/suomen-kulttuurirahastolta-merkittava-apuraha-tampereen-filharmoniselle-kuorolle\/\" class=\"more-link\">...jatka lukemista<span class=\"screen-reader-text\"> \"Suomen Kulttuurirahastolta merkitt\u00e4v\u00e4 apuraha Tampereen Filharmoniselle Kuorolle\"<\/span><\/a><\/p>\n","protected":false},"author":21,"featured_media":0,"comment_status":"closed","ping_status":"closed","sticky":false,"template":"","format":"standard","meta":{"footnotes":""},"categories":[5],"tags":[81,82,8,28,78,10],"class_list":{"0":"post-1492","1":"post","2":"type-post","3":"status-publish","4":"format-standard","6":"category-ajankohtaista","7":"tag-apuraha","8":"tag-kulttuurirahasto","9":"tag-kuoro","10":"tag-kuoromusiikki","11":"tag-tampere","12":"tag-tampereen-filharmoninen-kuoro","13":"h-entry","14":"hentry","15":"h-as-article"},"yoast_head":"<!-- This site is optimized with the Yoast SEO plugin v23.4 - https:\/\/yoast.com\/wordpress\/plugins\/seo\/ -->\n<title>Suomen Kulttuurirahastolta merkitt\u00e4v\u00e4 apuraha Tampereen Filharmoniselle Kuorolle - TAMPEREEN FILHARMONINEN KUORO<\/title>\n<meta name=\"robots\" content=\"index, follow, max-snippet:-1, max-image-preview:large, max-video-preview:-1\" \/>\n<link rel=\"canonical\" href=\"https:\/\/tfk.fi\/wp1\/suomen-kulttuurirahastolta-merkittava-apuraha-tampereen-filharmoniselle-kuorolle\/\" \/>\n<meta property=\"og:locale\" content=\"fi_FI\" \/>\n<meta property=\"og:type\" content=\"article\" \/>\n<meta property=\"og:title\" content=\"Suomen Kulttuurirahastolta merkitt\u00e4v\u00e4 apuraha Tampereen Filharmoniselle Kuorolle - TAMPEREEN FILHARMONINEN KUORO\" \/>\n<meta property=\"og:description\" content=\"Tampereen Filharmoninen Kuoro on saanut Suomen Kulttuurirahastolta yhden Pirkanmaan suurimmista apurahoista. 78 000 euron apuraha on my\u00f6nnetty kolmelle vuodelle ja se kohdentuu taiteellisen tason kehitt\u00e4miseen. Apurahan tuella kuoro pystyy mm. jatkamaan toimivaksi koetun \u00e4\u00e4nenjohtajamallin toteuttamista. - On upeaa, ett\u00e4 kuoromusiikin ammattilaisten osaamiseen panostava toimintamallimme on huomioitu ja tarvitsemamme avustus my\u00f6nnetty. T\u00e4m\u00e4 on t\u00e4rke\u00e4 askel koko ...jatka lukemista &quot;Suomen Kulttuurirahastolta merkitt\u00e4v\u00e4 apuraha Tampereen Filharmoniselle Kuorolle&quot;\" \/>\n<meta property=\"og:url\" content=\"https:\/\/tfk.fi\/wp1\/suomen-kulttuurirahastolta-merkittava-apuraha-tampereen-filharmoniselle-kuorolle\/\" \/>\n<meta property=\"og:site_name\" content=\"TAMPEREEN FILHARMONINEN KUORO\" \/>\n<meta property=\"article:publisher\" content=\"https:\/\/fi-fi.facebook.com\/TampereenFilharmoninenKuoro\/\" \/>\n<meta property=\"article:published_time\" content=\"2024-02-15T07:35:26+00:00\" \/>\n<meta property=\"article:modified_time\" content=\"2024-02-15T12:22:20+00:00\" \/>\n<meta property=\"og:image\" content=\"https:\/\/tfk.fi\/wp1\/wp-content\/uploads\/2024\/02\/TFKnasinneula2Taivas-@Ville-Hautakangas-watermarked-683x1024.jpg\" \/>\n<meta name=\"author\" content=\"susannasaarenpaa\" \/>\n<meta name=\"twitter:card\" content=\"summary_large_image\" \/>\n<meta name=\"twitter:creator\" content=\"@tfk_tampere\" \/>\n<meta name=\"twitter:site\" content=\"@tfk_tampere\" \/>\n<meta name=\"twitter:label1\" content=\"Kirjoittanut\" \/>\n\t<meta name=\"twitter:data1\" content=\"susannasaarenpaa\" \/>\n\t<meta name=\"twitter:label2\" content=\"Arvioitu lukuaika\" \/>\n\t<meta name=\"twitter:data2\" content=\"3 minuuttia\" \/>\n<script type=\"application\/ld+json\" class=\"yoast-schema-graph\">{\"@context\":\"https:\/\/schema.org\",\"@graph\":[{\"@type\":\"Article\",\"@id\":\"https:\/\/tfk.fi\/wp1\/suomen-kulttuurirahastolta-merkittava-apuraha-tampereen-filharmoniselle-kuorolle\/#article\",\"isPartOf\":{\"@id\":\"https:\/\/tfk.fi\/wp1\/suomen-kulttuurirahastolta-merkittava-apuraha-tampereen-filharmoniselle-kuorolle\/\"},\"author\":{\"name\":\"susannasaarenpaa\",\"@id\":\"https:\/\/tfk.fi\/wp1\/#\/schema\/person\/a19950bfa93b0a847fbb55125f6a202a\"},\"headline\":\"Suomen Kulttuurirahastolta merkitt\u00e4v\u00e4 apuraha Tampereen Filharmoniselle Kuorolle\",\"datePublished\":\"2024-02-15T07:35:26+00:00\",\"dateModified\":\"2024-02-15T12:22:20+00:00\",\"mainEntityOfPage\":{\"@id\":\"https:\/\/tfk.fi\/wp1\/suomen-kulttuurirahastolta-merkittava-apuraha-tampereen-filharmoniselle-kuorolle\/\"},\"wordCount\":376,\"publisher\":{\"@id\":\"https:\/\/tfk.fi\/wp1\/#organization\"},\"image\":{\"@id\":\"https:\/\/tfk.fi\/wp1\/suomen-kulttuurirahastolta-merkittava-apuraha-tampereen-filharmoniselle-kuorolle\/#primaryimage\"},\"thumbnailUrl\":\"https:\/\/tfk.fi\/wp1\/wp-content\/uploads\/2024\/02\/TFKnasinneula2Taivas-@Ville-Hautakangas-watermarked-683x1024.jpg\",\"keywords\":[\"apuraha\",\"kulttuurirahasto\",\"kuoro\",\"Kuoromusiikki\",\"tampere\",\"Tampereen Filharmoninen Kuoro\"],\"articleSection\":[\"Ajankohtaista\"],\"inLanguage\":\"fi\"},{\"@type\":\"WebPage\",\"@id\":\"https:\/\/tfk.fi\/wp1\/suomen-kulttuurirahastolta-merkittava-apuraha-tampereen-filharmoniselle-kuorolle\/\",\"url\":\"https:\/\/tfk.fi\/wp1\/suomen-kulttuurirahastolta-merkittava-apuraha-tampereen-filharmoniselle-kuorolle\/\",\"name\":\"Suomen Kulttuurirahastolta merkitt\u00e4v\u00e4 apuraha Tampereen Filharmoniselle Kuorolle - TAMPEREEN FILHARMONINEN KUORO\",\"isPartOf\":{\"@id\":\"https:\/\/tfk.fi\/wp1\/#website\"},\"primaryImageOfPage\":{\"@id\":\"https:\/\/tfk.fi\/wp1\/suomen-kulttuurirahastolta-merkittava-apuraha-tampereen-filharmoniselle-kuorolle\/#primaryimage\"},\"image\":{\"@id\":\"https:\/\/tfk.fi\/wp1\/suomen-kulttuurirahastolta-merkittava-apuraha-tampereen-filharmoniselle-kuorolle\/#primaryimage\"},\"thumbnailUrl\":\"https:\/\/tfk.fi\/wp1\/wp-content\/uploads\/2024\/02\/TFKnasinneula2Taivas-@Ville-Hautakangas-watermarked-683x1024.jpg\",\"datePublished\":\"2024-02-15T07:35:26+00:00\",\"dateModified\":\"2024-02-15T12:22:20+00:00\",\"breadcrumb\":{\"@id\":\"https:\/\/tfk.fi\/wp1\/suomen-kulttuurirahastolta-merkittava-apuraha-tampereen-filharmoniselle-kuorolle\/#breadcrumb\"},\"inLanguage\":\"fi\",\"potentialAction\":[{\"@type\":\"ReadAction\",\"target\":[\"https:\/\/tfk.fi\/wp1\/suomen-kulttuurirahastolta-merkittava-apuraha-tampereen-filharmoniselle-kuorolle\/\"]}]},{\"@type\":\"ImageObject\",\"inLanguage\":\"fi\",\"@id\":\"https:\/\/tfk.fi\/wp1\/suomen-kulttuurirahastolta-merkittava-apuraha-tampereen-filharmoniselle-kuorolle\/#primaryimage\",\"url\":\"https:\/\/tfk.fi\/wp1\/wp-content\/uploads\/2024\/02\/TFKnasinneula2Taivas-@Ville-Hautakangas-watermarked-scaled.jpg\",\"contentUrl\":\"https:\/\/tfk.fi\/wp1\/wp-content\/uploads\/2024\/02\/TFKnasinneula2Taivas-@Ville-Hautakangas-watermarked-scaled.jpg\",\"width\":1707,\"height\":2560},{\"@type\":\"BreadcrumbList\",\"@id\":\"https:\/\/tfk.fi\/wp1\/suomen-kulttuurirahastolta-merkittava-apuraha-tampereen-filharmoniselle-kuorolle\/#breadcrumb\",\"itemListElement\":[{\"@type\":\"ListItem\",\"position\":1,\"name\":\"Home\",\"item\":\"https:\/\/tfk.fi\/wp1\/\"},{\"@type\":\"ListItem\",\"position\":2,\"name\":\"Suomen Kulttuurirahastolta merkitt\u00e4v\u00e4 apuraha Tampereen Filharmoniselle Kuorolle\"}]},{\"@type\":\"WebSite\",\"@id\":\"https:\/\/tfk.fi\/wp1\/#website\",\"url\":\"https:\/\/tfk.fi\/wp1\/\",\"name\":\"TAMPEREEN FILHARMONINEN KUORO\",\"description\":\"Tampere Philharmonic Choir\",\"publisher\":{\"@id\":\"https:\/\/tfk.fi\/wp1\/#organization\"},\"potentialAction\":[{\"@type\":\"SearchAction\",\"target\":{\"@type\":\"EntryPoint\",\"urlTemplate\":\"https:\/\/tfk.fi\/wp1\/?s={search_term_string}\"},\"query-input\":{\"@type\":\"PropertyValueSpecification\",\"valueRequired\":true,\"valueName\":\"search_term_string\"}}],\"inLanguage\":\"fi\"},{\"@type\":\"Organization\",\"@id\":\"https:\/\/tfk.fi\/wp1\/#organization\",\"name\":\"Tampereen Filharmoninen Kuoro\",\"url\":\"https:\/\/tfk.fi\/wp1\/\",\"logo\":{\"@type\":\"ImageObject\",\"inLanguage\":\"fi\",\"@id\":\"https:\/\/tfk.fi\/wp1\/#\/schema\/logo\/image\/\",\"url\":\"https:\/\/tfk.fi\/wp1\/wp-content\/uploads\/2018\/08\/TFK-logo_100x50.jpg\",\"contentUrl\":\"https:\/\/tfk.fi\/wp1\/wp-content\/uploads\/2018\/08\/TFK-logo_100x50.jpg\",\"width\":100,\"height\":53,\"caption\":\"Tampereen Filharmoninen Kuoro\"},\"image\":{\"@id\":\"https:\/\/tfk.fi\/wp1\/#\/schema\/logo\/image\/\"},\"sameAs\":[\"https:\/\/fi-fi.facebook.com\/TampereenFilharmoninenKuoro\/\",\"https:\/\/x.com\/tfk_tampere\",\"https:\/\/www.instagram.com\/tampereenfilharmoninenkuoro\/?hl=fi\",\"https:\/\/www.youtube.com\/channel\/UCHNsgug_VXv_-TiyOBP5_cg\/featured\",\"https:\/\/fi.wikipedia.org\/wiki\/Tampereen_Filharmoninen_Kuoro\"]},{\"@type\":\"Person\",\"@id\":\"https:\/\/tfk.fi\/wp1\/#\/schema\/person\/a19950bfa93b0a847fbb55125f6a202a\",\"name\":\"susannasaarenpaa\",\"image\":{\"@type\":\"ImageObject\",\"inLanguage\":\"fi\",\"@id\":\"https:\/\/tfk.fi\/wp1\/#\/schema\/person\/image\/\",\"url\":\"https:\/\/secure.gravatar.com\/avatar\/d7efd825dba218c1940dea12ce25b91a3a9a54a9018c97b7ad561e33ee14afb4?s=96&d=mm&r=g\",\"contentUrl\":\"https:\/\/secure.gravatar.com\/avatar\/d7efd825dba218c1940dea12ce25b91a3a9a54a9018c97b7ad561e33ee14afb4?s=96&d=mm&r=g\",\"caption\":\"susannasaarenpaa\"},\"url\":\"https:\/\/tfk.fi\/wp1\/author\/susannasaarenpaa\/\"}]}<\/script>\n<!-- \/ Yoast SEO plugin. -->","yoast_head_json":{"title":"Suomen Kulttuurirahastolta merkitt\u00e4v\u00e4 apuraha Tampereen Filharmoniselle Kuorolle - TAMPEREEN FILHARMONINEN KUORO","robots":{"index":"index","follow":"follow","max-snippet":"max-snippet:-1","max-image-preview":"max-image-preview:large","max-video-preview":"max-video-preview:-1"},"canonical":"https:\/\/tfk.fi\/wp1\/suomen-kulttuurirahastolta-merkittava-apuraha-tampereen-filharmoniselle-kuorolle\/","og_locale":"fi_FI","og_type":"article","og_title":"Suomen Kulttuurirahastolta merkitt\u00e4v\u00e4 apuraha Tampereen Filharmoniselle Kuorolle - TAMPEREEN FILHARMONINEN KUORO","og_description":"Tampereen Filharmoninen Kuoro on saanut Suomen Kulttuurirahastolta yhden Pirkanmaan suurimmista apurahoista. 78 000 euron apuraha on my\u00f6nnetty kolmelle vuodelle ja se kohdentuu taiteellisen tason kehitt\u00e4miseen. Apurahan tuella kuoro pystyy mm. jatkamaan toimivaksi koetun \u00e4\u00e4nenjohtajamallin toteuttamista. - On upeaa, ett\u00e4 kuoromusiikin ammattilaisten osaamiseen panostava toimintamallimme on huomioitu ja tarvitsemamme avustus my\u00f6nnetty. T\u00e4m\u00e4 on t\u00e4rke\u00e4 askel koko ...jatka lukemista \"Suomen Kulttuurirahastolta merkitt\u00e4v\u00e4 apuraha Tampereen Filharmoniselle Kuorolle\"","og_url":"https:\/\/tfk.fi\/wp1\/suomen-kulttuurirahastolta-merkittava-apuraha-tampereen-filharmoniselle-kuorolle\/","og_site_name":"TAMPEREEN FILHARMONINEN KUORO","article_publisher":"https:\/\/fi-fi.facebook.com\/TampereenFilharmoninenKuoro\/","article_published_time":"2024-02-15T07:35:26+00:00","article_modified_time":"2024-02-15T12:22:20+00:00","og_image":[{"url":"https:\/\/tfk.fi\/wp1\/wp-content\/uploads\/2024\/02\/TFKnasinneula2Taivas-@Ville-Hautakangas-watermarked-683x1024.jpg"}],"author":"susannasaarenpaa","twitter_card":"summary_large_image","twitter_creator":"@tfk_tampere","twitter_site":"@tfk_tampere","twitter_misc":{"Kirjoittanut":"susannasaarenpaa","Arvioitu lukuaika":"3 minuuttia"},"schema":{"@context":"https:\/\/schema.org","@graph":[{"@type":"Article","@id":"https:\/\/tfk.fi\/wp1\/suomen-kulttuurirahastolta-merkittava-apuraha-tampereen-filharmoniselle-kuorolle\/#article","isPartOf":{"@id":"https:\/\/tfk.fi\/wp1\/suomen-kulttuurirahastolta-merkittava-apuraha-tampereen-filharmoniselle-kuorolle\/"},"author":{"name":"susannasaarenpaa","@id":"https:\/\/tfk.fi\/wp1\/#\/schema\/person\/a19950bfa93b0a847fbb55125f6a202a"},"headline":"Suomen Kulttuurirahastolta merkitt\u00e4v\u00e4 apuraha Tampereen Filharmoniselle Kuorolle","datePublished":"2024-02-15T07:35:26+00:00","dateModified":"2024-02-15T12:22:20+00:00","mainEntityOfPage":{"@id":"https:\/\/tfk.fi\/wp1\/suomen-kulttuurirahastolta-merkittava-apuraha-tampereen-filharmoniselle-kuorolle\/"},"wordCount":376,"publisher":{"@id":"https:\/\/tfk.fi\/wp1\/#organization"},"image":{"@id":"https:\/\/tfk.fi\/wp1\/suomen-kulttuurirahastolta-merkittava-apuraha-tampereen-filharmoniselle-kuorolle\/#primaryimage"},"thumbnailUrl":"https:\/\/tfk.fi\/wp1\/wp-content\/uploads\/2024\/02\/TFKnasinneula2Taivas-@Ville-Hautakangas-watermarked-683x1024.jpg","keywords":["apuraha","kulttuurirahasto","kuoro","Kuoromusiikki","tampere","Tampereen Filharmoninen Kuoro"],"articleSection":["Ajankohtaista"],"inLanguage":"fi"},{"@type":"WebPage","@id":"https:\/\/tfk.fi\/wp1\/suomen-kulttuurirahastolta-merkittava-apuraha-tampereen-filharmoniselle-kuorolle\/","url":"https:\/\/tfk.fi\/wp1\/suomen-kulttuurirahastolta-merkittava-apuraha-tampereen-filharmoniselle-kuorolle\/","name":"Suomen Kulttuurirahastolta merkitt\u00e4v\u00e4 apuraha Tampereen Filharmoniselle Kuorolle - TAMPEREEN FILHARMONINEN KUORO","isPartOf":{"@id":"https:\/\/tfk.fi\/wp1\/#website"},"primaryImageOfPage":{"@id":"https:\/\/tfk.fi\/wp1\/suomen-kulttuurirahastolta-merkittava-apuraha-tampereen-filharmoniselle-kuorolle\/#primaryimage"},"image":{"@id":"https:\/\/tfk.fi\/wp1\/suomen-kulttuurirahastolta-merkittava-apuraha-tampereen-filharmoniselle-kuorolle\/#primaryimage"},"thumbnailUrl":"https:\/\/tfk.fi\/wp1\/wp-content\/uploads\/2024\/02\/TFKnasinneula2Taivas-@Ville-Hautakangas-watermarked-683x1024.jpg","datePublished":"2024-02-15T07:35:26+00:00","dateModified":"2024-02-15T12:22:20+00:00","breadcrumb":{"@id":"https:\/\/tfk.fi\/wp1\/suomen-kulttuurirahastolta-merkittava-apuraha-tampereen-filharmoniselle-kuorolle\/#breadcrumb"},"inLanguage":"fi","potentialAction":[{"@type":"ReadAction","target":["https:\/\/tfk.fi\/wp1\/suomen-kulttuurirahastolta-merkittava-apuraha-tampereen-filharmoniselle-kuorolle\/"]}]},{"@type":"ImageObject","inLanguage":"fi","@id":"https:\/\/tfk.fi\/wp1\/suomen-kulttuurirahastolta-merkittava-apuraha-tampereen-filharmoniselle-kuorolle\/#primaryimage","url":"https:\/\/tfk.fi\/wp1\/wp-content\/uploads\/2024\/02\/TFKnasinneula2Taivas-@Ville-Hautakangas-watermarked-scaled.jpg","contentUrl":"https:\/\/tfk.fi\/wp1\/wp-content\/uploads\/2024\/02\/TFKnasinneula2Taivas-@Ville-Hautakangas-watermarked-scaled.jpg","width":1707,"height":2560},{"@type":"BreadcrumbList","@id":"https:\/\/tfk.fi\/wp1\/suomen-kulttuurirahastolta-merkittava-apuraha-tampereen-filharmoniselle-kuorolle\/#breadcrumb","itemListElement":[{"@type":"ListItem","position":1,"name":"Home","item":"https:\/\/tfk.fi\/wp1\/"},{"@type":"ListItem","position":2,"name":"Suomen Kulttuurirahastolta merkitt\u00e4v\u00e4 apuraha Tampereen Filharmoniselle Kuorolle"}]},{"@type":"WebSite","@id":"https:\/\/tfk.fi\/wp1\/#website","url":"https:\/\/tfk.fi\/wp1\/","name":"TAMPEREEN FILHARMONINEN KUORO","description":"Tampere Philharmonic Choir","publisher":{"@id":"https:\/\/tfk.fi\/wp1\/#organization"},"potentialAction":[{"@type":"SearchAction","target":{"@type":"EntryPoint","urlTemplate":"https:\/\/tfk.fi\/wp1\/?s={search_term_string}"},"query-input":{"@type":"PropertyValueSpecification","valueRequired":true,"valueName":"search_term_string"}}],"inLanguage":"fi"},{"@type":"Organization","@id":"https:\/\/tfk.fi\/wp1\/#organization","name":"Tampereen Filharmoninen Kuoro","url":"https:\/\/tfk.fi\/wp1\/","logo":{"@type":"ImageObject","inLanguage":"fi","@id":"https:\/\/tfk.fi\/wp1\/#\/schema\/logo\/image\/","url":"https:\/\/tfk.fi\/wp1\/wp-content\/uploads\/2018\/08\/TFK-logo_100x50.jpg","contentUrl":"https:\/\/tfk.fi\/wp1\/wp-content\/uploads\/2018\/08\/TFK-logo_100x50.jpg","width":100,"height":53,"caption":"Tampereen Filharmoninen Kuoro"},"image":{"@id":"https:\/\/tfk.fi\/wp1\/#\/schema\/logo\/image\/"},"sameAs":["https:\/\/fi-fi.facebook.com\/TampereenFilharmoninenKuoro\/","https:\/\/x.com\/tfk_tampere","https:\/\/www.instagram.com\/tampereenfilharmoninenkuoro\/?hl=fi","https:\/\/www.youtube.com\/channel\/UCHNsgug_VXv_-TiyOBP5_cg\/featured","https:\/\/fi.wikipedia.org\/wiki\/Tampereen_Filharmoninen_Kuoro"]},{"@type":"Person","@id":"https:\/\/tfk.fi\/wp1\/#\/schema\/person\/a19950bfa93b0a847fbb55125f6a202a","name":"susannasaarenpaa","image":{"@type":"ImageObject","inLanguage":"fi","@id":"https:\/\/tfk.fi\/wp1\/#\/schema\/person\/image\/","url":"https:\/\/secure.gravatar.com\/avatar\/d7efd825dba218c1940dea12ce25b91a3a9a54a9018c97b7ad561e33ee14afb4?s=96&d=mm&r=g","contentUrl":"https:\/\/secure.gravatar.com\/avatar\/d7efd825dba218c1940dea12ce25b91a3a9a54a9018c97b7ad561e33ee14afb4?s=96&d=mm&r=g","caption":"susannasaarenpaa"},"url":"https:\/\/tfk.fi\/wp1\/author\/susannasaarenpaa\/"}]}},"_links":{"self":[{"href":"https:\/\/tfk.fi\/wp1\/wp-json\/wp\/v2\/posts\/1492","targetHints":{"allow":["GET"]}}],"collection":[{"href":"https:\/\/tfk.fi\/wp1\/wp-json\/wp\/v2\/posts"}],"about":[{"href":"https:\/\/tfk.fi\/wp1\/wp-json\/wp\/v2\/types\/post"}],"author":[{"embeddable":true,"href":"https:\/\/tfk.fi\/wp1\/wp-json\/wp\/v2\/users\/21"}],"replies":[{"embeddable":true,"href":"https:\/\/tfk.fi\/wp1\/wp-json\/wp\/v2\/comments?post=1492"}],"version-history":[{"count":2,"href":"https:\/\/tfk.fi\/wp1\/wp-json\/wp\/v2\/posts\/1492\/revisions"}],"predecessor-version":[{"id":1495,"href":"https:\/\/tfk.fi\/wp1\/wp-json\/wp\/v2\/posts\/1492\/revisions\/1495"}],"wp:attachment":[{"href":"https:\/\/tfk.fi\/wp1\/wp-json\/wp\/v2\/media?parent=1492"}],"wp:term":[{"taxonomy":"category","embeddable":true,"href":"https:\/\/tfk.fi\/wp1\/wp-json\/wp\/v2\/categories?post=1492"},{"taxonomy":"post_tag","embeddable":true,"href":"https:\/\/tfk.fi\/wp1\/wp-json\/wp\/v2\/tags?post=1492"}],"curies":[{"name":"wp","href":"https:\/\/api.w.org\/{rel}","templated":true}]}}