{"id":1631,"date":"2025-04-20T10:39:43","date_gmt":"2025-04-20T07:39:43","guid":{"rendered":"https:\/\/tfk.fi\/wp1\/?p=1631"},"modified":"2025-04-20T10:39:44","modified_gmt":"2025-04-20T07:39:44","slug":"tampereen-filharmoninen-kuoro-etsii-laulajia-ilmoittaudu-21-5-2025-ja-28-5-2025-jarjestettaviin-koelauluihin","status":"publish","type":"post","link":"https:\/\/tfk.fi\/wp1\/tampereen-filharmoninen-kuoro-etsii-laulajia-ilmoittaudu-21-5-2025-ja-28-5-2025-jarjestettaviin-koelauluihin\/","title":{"rendered":"Tampereen Filharmoninen Kuoro etsii laulajia &#8211; ilmoittaudu 21.5.2025 ja 28.5.2025 j\u00e4rjestett\u00e4viin koelauluihin!"},"content":{"rendered":"\n<figure class=\"wp-block-image size-large\"><img loading=\"lazy\" decoding=\"async\" width=\"1024\" height=\"683\" src=\"https:\/\/tfk.fi\/wp1\/wp-content\/uploads\/2024\/12\/TFKportaat1-@Ville-Hautakangas-watermarked.valkoinen-oikea-ala-1024x683.jpg\" alt=\"\" class=\"wp-image-1598\" srcset=\"https:\/\/tfk.fi\/wp1\/wp-content\/uploads\/2024\/12\/TFKportaat1-@Ville-Hautakangas-watermarked.valkoinen-oikea-ala-1024x683.jpg 1024w, https:\/\/tfk.fi\/wp1\/wp-content\/uploads\/2024\/12\/TFKportaat1-@Ville-Hautakangas-watermarked.valkoinen-oikea-ala-300x200.jpg 300w, https:\/\/tfk.fi\/wp1\/wp-content\/uploads\/2024\/12\/TFKportaat1-@Ville-Hautakangas-watermarked.valkoinen-oikea-ala-768x512.jpg 768w, https:\/\/tfk.fi\/wp1\/wp-content\/uploads\/2024\/12\/TFKportaat1-@Ville-Hautakangas-watermarked.valkoinen-oikea-ala-1536x1024.jpg 1536w, https:\/\/tfk.fi\/wp1\/wp-content\/uploads\/2024\/12\/TFKportaat1-@Ville-Hautakangas-watermarked.valkoinen-oikea-ala-2048x1365.jpg 2048w, https:\/\/tfk.fi\/wp1\/wp-content\/uploads\/2024\/12\/TFKportaat1-@Ville-Hautakangas-watermarked.valkoinen-oikea-ala-960x640.jpg 960w\" sizes=\"auto, (max-width: 1024px) 100vw, 1024px\" \/><\/figure>\n\n\n\n<p>Tampereen Filharmoninen Kuoro etsii laulajia - oletko sin\u00e4 tuleva j\u00e4sen TFK:n riveihin? Koelaulut j\u00e4rjestet\u00e4\u00e4n Tyllill\u00e4 (Hallituskatu 30) ke 21.5. ja ke 28.5. iltap\u00e4iv\u00e4ll\u00e4.<\/p>\n\n\n\n<p>Koelaulussa p\u00e4\u00e4set laulamaan vapaavalintaisen kappaleen. T\u00e4m\u00e4n lis\u00e4ksi kartoitamme \u00e4\u00e4nialaasi ja nuotinlukutaitoasi. Lis\u00e4\u00e4 koelauluista voit lukea <a href=\"https:\/\/tfk.fi\/wp1\/laulajaksi-kuoroon\/\">t\u00e4\u00e4lt\u00e4<\/a>.<\/p>\n\n\n\n<p><strong>Ilmoittautuaksesi koelauluun t\u00e4yt\u00e4th\u00e4n 11.5.2025 menness\u00e4 t\u00e4m\u00e4n <a href=\"https:\/\/docs.google.com\/forms\/d\/e\/1FAIpQLSfJriDktncfJzO8k4E8LAPRj1ON9hu1lDjBUxfB95U-8kCfIg\/viewform?usp=sf_link\">lomakkeen<\/a>.<\/strong> Olemme sinuun yhteydess\u00e4 pikimmiten!<\/p>\n\n\n\n<p><\/p>\n","protected":false},"excerpt":{"rendered":"<p>Tampereen Filharmoninen Kuoro etsii laulajia - oletko sin\u00e4 tuleva j\u00e4sen TFK:n riveihin? Koelaulut j\u00e4rjestet\u00e4\u00e4n Tyllill\u00e4 (Hallituskatu 30) ke 21.5. ja ke 28.5. iltap\u00e4iv\u00e4ll\u00e4. Koelaulussa p\u00e4\u00e4set laulamaan vapaavalintaisen kappaleen. T\u00e4m\u00e4n lis\u00e4ksi kartoitamme \u00e4\u00e4nialaasi ja nuotinlukutaitoasi. Lis\u00e4\u00e4 koelauluista voit lukea t\u00e4\u00e4lt\u00e4. Ilmoittautuaksesi koelauluun t\u00e4yt\u00e4th\u00e4n 11.5.2025 menness\u00e4 t\u00e4m\u00e4n lomakkeen. Olemme sinuun yhteydess\u00e4 pikimmiten!<\/p>\n","protected":false},"author":21,"featured_media":0,"comment_status":"closed","ping_status":"closed","sticky":false,"template":"","format":"standard","meta":{"footnotes":""},"categories":[5],"tags":[],"class_list":{"0":"post-1631","1":"post","2":"type-post","3":"status-publish","4":"format-standard","6":"category-ajankohtaista","7":"h-entry","8":"hentry","9":"h-as-article"},"yoast_head":"<!-- This site is optimized with the Yoast SEO plugin v23.4 - https:\/\/yoast.com\/wordpress\/plugins\/seo\/ -->\n<title>Tampereen Filharmoninen Kuoro etsii laulajia - ilmoittaudu 21.5.2025 ja 28.5.2025 j\u00e4rjestett\u00e4viin koelauluihin! - TAMPEREEN FILHARMONINEN KUORO<\/title>\n<meta name=\"robots\" content=\"index, follow, max-snippet:-1, max-image-preview:large, max-video-preview:-1\" \/>\n<link rel=\"canonical\" href=\"https:\/\/tfk.fi\/wp1\/tampereen-filharmoninen-kuoro-etsii-laulajia-ilmoittaudu-21-5-2025-ja-28-5-2025-jarjestettaviin-koelauluihin\/\" \/>\n<meta property=\"og:locale\" content=\"fi_FI\" \/>\n<meta property=\"og:type\" content=\"article\" \/>\n<meta property=\"og:title\" content=\"Tampereen Filharmoninen Kuoro etsii laulajia - ilmoittaudu 21.5.2025 ja 28.5.2025 j\u00e4rjestett\u00e4viin koelauluihin! - TAMPEREEN FILHARMONINEN KUORO\" \/>\n<meta property=\"og:description\" content=\"Tampereen Filharmoninen Kuoro etsii laulajia - oletko sin\u00e4 tuleva j\u00e4sen TFK:n riveihin? Koelaulut j\u00e4rjestet\u00e4\u00e4n Tyllill\u00e4 (Hallituskatu 30) ke 21.5. ja ke 28.5. iltap\u00e4iv\u00e4ll\u00e4. Koelaulussa p\u00e4\u00e4set laulamaan vapaavalintaisen kappaleen. T\u00e4m\u00e4n lis\u00e4ksi kartoitamme \u00e4\u00e4nialaasi ja nuotinlukutaitoasi. Lis\u00e4\u00e4 koelauluista voit lukea t\u00e4\u00e4lt\u00e4. Ilmoittautuaksesi koelauluun t\u00e4yt\u00e4th\u00e4n 11.5.2025 menness\u00e4 t\u00e4m\u00e4n lomakkeen. Olemme sinuun yhteydess\u00e4 pikimmiten!\" \/>\n<meta property=\"og:url\" content=\"https:\/\/tfk.fi\/wp1\/tampereen-filharmoninen-kuoro-etsii-laulajia-ilmoittaudu-21-5-2025-ja-28-5-2025-jarjestettaviin-koelauluihin\/\" \/>\n<meta property=\"og:site_name\" content=\"TAMPEREEN FILHARMONINEN KUORO\" \/>\n<meta property=\"article:publisher\" content=\"https:\/\/fi-fi.facebook.com\/TampereenFilharmoninenKuoro\/\" \/>\n<meta property=\"article:published_time\" content=\"2025-04-20T07:39:43+00:00\" \/>\n<meta property=\"article:modified_time\" content=\"2025-04-20T07:39:44+00:00\" \/>\n<meta property=\"og:image\" content=\"https:\/\/tfk.fi\/wp1\/wp-content\/uploads\/2024\/12\/TFKportaat1-@Ville-Hautakangas-watermarked.valkoinen-oikea-ala-1024x683.jpg\" \/>\n<meta name=\"author\" content=\"susannasaarenpaa\" \/>\n<meta name=\"twitter:card\" content=\"summary_large_image\" \/>\n<meta name=\"twitter:creator\" content=\"@tfk_tampere\" \/>\n<meta name=\"twitter:site\" content=\"@tfk_tampere\" \/>\n<meta name=\"twitter:label1\" content=\"Kirjoittanut\" \/>\n\t<meta name=\"twitter:data1\" content=\"susannasaarenpaa\" \/>\n\t<meta name=\"twitter:label2\" content=\"Arvioitu lukuaika\" \/>\n\t<meta name=\"twitter:data2\" content=\"1 minuutti\" \/>\n<script type=\"application\/ld+json\" class=\"yoast-schema-graph\">{\"@context\":\"https:\/\/schema.org\",\"@graph\":[{\"@type\":\"Article\",\"@id\":\"https:\/\/tfk.fi\/wp1\/tampereen-filharmoninen-kuoro-etsii-laulajia-ilmoittaudu-21-5-2025-ja-28-5-2025-jarjestettaviin-koelauluihin\/#article\",\"isPartOf\":{\"@id\":\"https:\/\/tfk.fi\/wp1\/tampereen-filharmoninen-kuoro-etsii-laulajia-ilmoittaudu-21-5-2025-ja-28-5-2025-jarjestettaviin-koelauluihin\/\"},\"author\":{\"name\":\"susannasaarenpaa\",\"@id\":\"https:\/\/tfk.fi\/wp1\/#\/schema\/person\/a19950bfa93b0a847fbb55125f6a202a\"},\"headline\":\"Tampereen Filharmoninen Kuoro etsii laulajia &#8211; ilmoittaudu 21.5.2025 ja 28.5.2025 j\u00e4rjestett\u00e4viin koelauluihin!\",\"datePublished\":\"2025-04-20T07:39:43+00:00\",\"dateModified\":\"2025-04-20T07:39:44+00:00\",\"mainEntityOfPage\":{\"@id\":\"https:\/\/tfk.fi\/wp1\/tampereen-filharmoninen-kuoro-etsii-laulajia-ilmoittaudu-21-5-2025-ja-28-5-2025-jarjestettaviin-koelauluihin\/\"},\"wordCount\":74,\"publisher\":{\"@id\":\"https:\/\/tfk.fi\/wp1\/#organization\"},\"image\":{\"@id\":\"https:\/\/tfk.fi\/wp1\/tampereen-filharmoninen-kuoro-etsii-laulajia-ilmoittaudu-21-5-2025-ja-28-5-2025-jarjestettaviin-koelauluihin\/#primaryimage\"},\"thumbnailUrl\":\"https:\/\/tfk.fi\/wp1\/wp-content\/uploads\/2024\/12\/TFKportaat1-@Ville-Hautakangas-watermarked.valkoinen-oikea-ala-1024x683.jpg\",\"articleSection\":[\"Ajankohtaista\"],\"inLanguage\":\"fi\"},{\"@type\":\"WebPage\",\"@id\":\"https:\/\/tfk.fi\/wp1\/tampereen-filharmoninen-kuoro-etsii-laulajia-ilmoittaudu-21-5-2025-ja-28-5-2025-jarjestettaviin-koelauluihin\/\",\"url\":\"https:\/\/tfk.fi\/wp1\/tampereen-filharmoninen-kuoro-etsii-laulajia-ilmoittaudu-21-5-2025-ja-28-5-2025-jarjestettaviin-koelauluihin\/\",\"name\":\"Tampereen Filharmoninen Kuoro etsii laulajia - ilmoittaudu 21.5.2025 ja 28.5.2025 j\u00e4rjestett\u00e4viin koelauluihin! - TAMPEREEN FILHARMONINEN KUORO\",\"isPartOf\":{\"@id\":\"https:\/\/tfk.fi\/wp1\/#website\"},\"primaryImageOfPage\":{\"@id\":\"https:\/\/tfk.fi\/wp1\/tampereen-filharmoninen-kuoro-etsii-laulajia-ilmoittaudu-21-5-2025-ja-28-5-2025-jarjestettaviin-koelauluihin\/#primaryimage\"},\"image\":{\"@id\":\"https:\/\/tfk.fi\/wp1\/tampereen-filharmoninen-kuoro-etsii-laulajia-ilmoittaudu-21-5-2025-ja-28-5-2025-jarjestettaviin-koelauluihin\/#primaryimage\"},\"thumbnailUrl\":\"https:\/\/tfk.fi\/wp1\/wp-content\/uploads\/2024\/12\/TFKportaat1-@Ville-Hautakangas-watermarked.valkoinen-oikea-ala-1024x683.jpg\",\"datePublished\":\"2025-04-20T07:39:43+00:00\",\"dateModified\":\"2025-04-20T07:39:44+00:00\",\"breadcrumb\":{\"@id\":\"https:\/\/tfk.fi\/wp1\/tampereen-filharmoninen-kuoro-etsii-laulajia-ilmoittaudu-21-5-2025-ja-28-5-2025-jarjestettaviin-koelauluihin\/#breadcrumb\"},\"inLanguage\":\"fi\",\"potentialAction\":[{\"@type\":\"ReadAction\",\"target\":[\"https:\/\/tfk.fi\/wp1\/tampereen-filharmoninen-kuoro-etsii-laulajia-ilmoittaudu-21-5-2025-ja-28-5-2025-jarjestettaviin-koelauluihin\/\"]}]},{\"@type\":\"ImageObject\",\"inLanguage\":\"fi\",\"@id\":\"https:\/\/tfk.fi\/wp1\/tampereen-filharmoninen-kuoro-etsii-laulajia-ilmoittaudu-21-5-2025-ja-28-5-2025-jarjestettaviin-koelauluihin\/#primaryimage\",\"url\":\"https:\/\/tfk.fi\/wp1\/wp-content\/uploads\/2024\/12\/TFKportaat1-@Ville-Hautakangas-watermarked.valkoinen-oikea-ala-scaled.jpg\",\"contentUrl\":\"https:\/\/tfk.fi\/wp1\/wp-content\/uploads\/2024\/12\/TFKportaat1-@Ville-Hautakangas-watermarked.valkoinen-oikea-ala-scaled.jpg\",\"width\":2560,\"height\":1707},{\"@type\":\"BreadcrumbList\",\"@id\":\"https:\/\/tfk.fi\/wp1\/tampereen-filharmoninen-kuoro-etsii-laulajia-ilmoittaudu-21-5-2025-ja-28-5-2025-jarjestettaviin-koelauluihin\/#breadcrumb\",\"itemListElement\":[{\"@type\":\"ListItem\",\"position\":1,\"name\":\"Home\",\"item\":\"https:\/\/tfk.fi\/wp1\/\"},{\"@type\":\"ListItem\",\"position\":2,\"name\":\"Tampereen Filharmoninen Kuoro etsii laulajia &#8211; ilmoittaudu 21.5.2025 ja 28.5.2025 j\u00e4rjestett\u00e4viin koelauluihin!\"}]},{\"@type\":\"WebSite\",\"@id\":\"https:\/\/tfk.fi\/wp1\/#website\",\"url\":\"https:\/\/tfk.fi\/wp1\/\",\"name\":\"TAMPEREEN FILHARMONINEN KUORO\",\"description\":\"Tampere Philharmonic Choir\",\"publisher\":{\"@id\":\"https:\/\/tfk.fi\/wp1\/#organization\"},\"potentialAction\":[{\"@type\":\"SearchAction\",\"target\":{\"@type\":\"EntryPoint\",\"urlTemplate\":\"https:\/\/tfk.fi\/wp1\/?s={search_term_string}\"},\"query-input\":{\"@type\":\"PropertyValueSpecification\",\"valueRequired\":true,\"valueName\":\"search_term_string\"}}],\"inLanguage\":\"fi\"},{\"@type\":\"Organization\",\"@id\":\"https:\/\/tfk.fi\/wp1\/#organization\",\"name\":\"Tampereen Filharmoninen Kuoro\",\"url\":\"https:\/\/tfk.fi\/wp1\/\",\"logo\":{\"@type\":\"ImageObject\",\"inLanguage\":\"fi\",\"@id\":\"https:\/\/tfk.fi\/wp1\/#\/schema\/logo\/image\/\",\"url\":\"https:\/\/tfk.fi\/wp1\/wp-content\/uploads\/2018\/08\/TFK-logo_100x50.jpg\",\"contentUrl\":\"https:\/\/tfk.fi\/wp1\/wp-content\/uploads\/2018\/08\/TFK-logo_100x50.jpg\",\"width\":100,\"height\":53,\"caption\":\"Tampereen Filharmoninen Kuoro\"},\"image\":{\"@id\":\"https:\/\/tfk.fi\/wp1\/#\/schema\/logo\/image\/\"},\"sameAs\":[\"https:\/\/fi-fi.facebook.com\/TampereenFilharmoninenKuoro\/\",\"https:\/\/x.com\/tfk_tampere\",\"https:\/\/www.instagram.com\/tampereenfilharmoninenkuoro\/?hl=fi\",\"https:\/\/www.youtube.com\/channel\/UCHNsgug_VXv_-TiyOBP5_cg\/featured\",\"https:\/\/fi.wikipedia.org\/wiki\/Tampereen_Filharmoninen_Kuoro\"]},{\"@type\":\"Person\",\"@id\":\"https:\/\/tfk.fi\/wp1\/#\/schema\/person\/a19950bfa93b0a847fbb55125f6a202a\",\"name\":\"susannasaarenpaa\",\"image\":{\"@type\":\"ImageObject\",\"inLanguage\":\"fi\",\"@id\":\"https:\/\/tfk.fi\/wp1\/#\/schema\/person\/image\/\",\"url\":\"https:\/\/secure.gravatar.com\/avatar\/d7efd825dba218c1940dea12ce25b91a3a9a54a9018c97b7ad561e33ee14afb4?s=96&d=mm&r=g\",\"contentUrl\":\"https:\/\/secure.gravatar.com\/avatar\/d7efd825dba218c1940dea12ce25b91a3a9a54a9018c97b7ad561e33ee14afb4?s=96&d=mm&r=g\",\"caption\":\"susannasaarenpaa\"},\"url\":\"https:\/\/tfk.fi\/wp1\/author\/susannasaarenpaa\/\"}]}<\/script>\n<!-- \/ Yoast SEO plugin. -->","yoast_head_json":{"title":"Tampereen Filharmoninen Kuoro etsii laulajia - ilmoittaudu 21.5.2025 ja 28.5.2025 j\u00e4rjestett\u00e4viin koelauluihin! - TAMPEREEN FILHARMONINEN KUORO","robots":{"index":"index","follow":"follow","max-snippet":"max-snippet:-1","max-image-preview":"max-image-preview:large","max-video-preview":"max-video-preview:-1"},"canonical":"https:\/\/tfk.fi\/wp1\/tampereen-filharmoninen-kuoro-etsii-laulajia-ilmoittaudu-21-5-2025-ja-28-5-2025-jarjestettaviin-koelauluihin\/","og_locale":"fi_FI","og_type":"article","og_title":"Tampereen Filharmoninen Kuoro etsii laulajia - ilmoittaudu 21.5.2025 ja 28.5.2025 j\u00e4rjestett\u00e4viin koelauluihin! - TAMPEREEN FILHARMONINEN KUORO","og_description":"Tampereen Filharmoninen Kuoro etsii laulajia - oletko sin\u00e4 tuleva j\u00e4sen TFK:n riveihin? Koelaulut j\u00e4rjestet\u00e4\u00e4n Tyllill\u00e4 (Hallituskatu 30) ke 21.5. ja ke 28.5. iltap\u00e4iv\u00e4ll\u00e4. Koelaulussa p\u00e4\u00e4set laulamaan vapaavalintaisen kappaleen. T\u00e4m\u00e4n lis\u00e4ksi kartoitamme \u00e4\u00e4nialaasi ja nuotinlukutaitoasi. Lis\u00e4\u00e4 koelauluista voit lukea t\u00e4\u00e4lt\u00e4. Ilmoittautuaksesi koelauluun t\u00e4yt\u00e4th\u00e4n 11.5.2025 menness\u00e4 t\u00e4m\u00e4n lomakkeen. Olemme sinuun yhteydess\u00e4 pikimmiten!","og_url":"https:\/\/tfk.fi\/wp1\/tampereen-filharmoninen-kuoro-etsii-laulajia-ilmoittaudu-21-5-2025-ja-28-5-2025-jarjestettaviin-koelauluihin\/","og_site_name":"TAMPEREEN FILHARMONINEN KUORO","article_publisher":"https:\/\/fi-fi.facebook.com\/TampereenFilharmoninenKuoro\/","article_published_time":"2025-04-20T07:39:43+00:00","article_modified_time":"2025-04-20T07:39:44+00:00","og_image":[{"url":"https:\/\/tfk.fi\/wp1\/wp-content\/uploads\/2024\/12\/TFKportaat1-@Ville-Hautakangas-watermarked.valkoinen-oikea-ala-1024x683.jpg"}],"author":"susannasaarenpaa","twitter_card":"summary_large_image","twitter_creator":"@tfk_tampere","twitter_site":"@tfk_tampere","twitter_misc":{"Kirjoittanut":"susannasaarenpaa","Arvioitu lukuaika":"1 minuutti"},"schema":{"@context":"https:\/\/schema.org","@graph":[{"@type":"Article","@id":"https:\/\/tfk.fi\/wp1\/tampereen-filharmoninen-kuoro-etsii-laulajia-ilmoittaudu-21-5-2025-ja-28-5-2025-jarjestettaviin-koelauluihin\/#article","isPartOf":{"@id":"https:\/\/tfk.fi\/wp1\/tampereen-filharmoninen-kuoro-etsii-laulajia-ilmoittaudu-21-5-2025-ja-28-5-2025-jarjestettaviin-koelauluihin\/"},"author":{"name":"susannasaarenpaa","@id":"https:\/\/tfk.fi\/wp1\/#\/schema\/person\/a19950bfa93b0a847fbb55125f6a202a"},"headline":"Tampereen Filharmoninen Kuoro etsii laulajia &#8211; ilmoittaudu 21.5.2025 ja 28.5.2025 j\u00e4rjestett\u00e4viin koelauluihin!","datePublished":"2025-04-20T07:39:43+00:00","dateModified":"2025-04-20T07:39:44+00:00","mainEntityOfPage":{"@id":"https:\/\/tfk.fi\/wp1\/tampereen-filharmoninen-kuoro-etsii-laulajia-ilmoittaudu-21-5-2025-ja-28-5-2025-jarjestettaviin-koelauluihin\/"},"wordCount":74,"publisher":{"@id":"https:\/\/tfk.fi\/wp1\/#organization"},"image":{"@id":"https:\/\/tfk.fi\/wp1\/tampereen-filharmoninen-kuoro-etsii-laulajia-ilmoittaudu-21-5-2025-ja-28-5-2025-jarjestettaviin-koelauluihin\/#primaryimage"},"thumbnailUrl":"https:\/\/tfk.fi\/wp1\/wp-content\/uploads\/2024\/12\/TFKportaat1-@Ville-Hautakangas-watermarked.valkoinen-oikea-ala-1024x683.jpg","articleSection":["Ajankohtaista"],"inLanguage":"fi"},{"@type":"WebPage","@id":"https:\/\/tfk.fi\/wp1\/tampereen-filharmoninen-kuoro-etsii-laulajia-ilmoittaudu-21-5-2025-ja-28-5-2025-jarjestettaviin-koelauluihin\/","url":"https:\/\/tfk.fi\/wp1\/tampereen-filharmoninen-kuoro-etsii-laulajia-ilmoittaudu-21-5-2025-ja-28-5-2025-jarjestettaviin-koelauluihin\/","name":"Tampereen Filharmoninen Kuoro etsii laulajia - ilmoittaudu 21.5.2025 ja 28.5.2025 j\u00e4rjestett\u00e4viin koelauluihin! - TAMPEREEN FILHARMONINEN KUORO","isPartOf":{"@id":"https:\/\/tfk.fi\/wp1\/#website"},"primaryImageOfPage":{"@id":"https:\/\/tfk.fi\/wp1\/tampereen-filharmoninen-kuoro-etsii-laulajia-ilmoittaudu-21-5-2025-ja-28-5-2025-jarjestettaviin-koelauluihin\/#primaryimage"},"image":{"@id":"https:\/\/tfk.fi\/wp1\/tampereen-filharmoninen-kuoro-etsii-laulajia-ilmoittaudu-21-5-2025-ja-28-5-2025-jarjestettaviin-koelauluihin\/#primaryimage"},"thumbnailUrl":"https:\/\/tfk.fi\/wp1\/wp-content\/uploads\/2024\/12\/TFKportaat1-@Ville-Hautakangas-watermarked.valkoinen-oikea-ala-1024x683.jpg","datePublished":"2025-04-20T07:39:43+00:00","dateModified":"2025-04-20T07:39:44+00:00","breadcrumb":{"@id":"https:\/\/tfk.fi\/wp1\/tampereen-filharmoninen-kuoro-etsii-laulajia-ilmoittaudu-21-5-2025-ja-28-5-2025-jarjestettaviin-koelauluihin\/#breadcrumb"},"inLanguage":"fi","potentialAction":[{"@type":"ReadAction","target":["https:\/\/tfk.fi\/wp1\/tampereen-filharmoninen-kuoro-etsii-laulajia-ilmoittaudu-21-5-2025-ja-28-5-2025-jarjestettaviin-koelauluihin\/"]}]},{"@type":"ImageObject","inLanguage":"fi","@id":"https:\/\/tfk.fi\/wp1\/tampereen-filharmoninen-kuoro-etsii-laulajia-ilmoittaudu-21-5-2025-ja-28-5-2025-jarjestettaviin-koelauluihin\/#primaryimage","url":"https:\/\/tfk.fi\/wp1\/wp-content\/uploads\/2024\/12\/TFKportaat1-@Ville-Hautakangas-watermarked.valkoinen-oikea-ala-scaled.jpg","contentUrl":"https:\/\/tfk.fi\/wp1\/wp-content\/uploads\/2024\/12\/TFKportaat1-@Ville-Hautakangas-watermarked.valkoinen-oikea-ala-scaled.jpg","width":2560,"height":1707},{"@type":"BreadcrumbList","@id":"https:\/\/tfk.fi\/wp1\/tampereen-filharmoninen-kuoro-etsii-laulajia-ilmoittaudu-21-5-2025-ja-28-5-2025-jarjestettaviin-koelauluihin\/#breadcrumb","itemListElement":[{"@type":"ListItem","position":1,"name":"Home","item":"https:\/\/tfk.fi\/wp1\/"},{"@type":"ListItem","position":2,"name":"Tampereen Filharmoninen Kuoro etsii laulajia &#8211; ilmoittaudu 21.5.2025 ja 28.5.2025 j\u00e4rjestett\u00e4viin koelauluihin!"}]},{"@type":"WebSite","@id":"https:\/\/tfk.fi\/wp1\/#website","url":"https:\/\/tfk.fi\/wp1\/","name":"TAMPEREEN FILHARMONINEN KUORO","description":"Tampere Philharmonic Choir","publisher":{"@id":"https:\/\/tfk.fi\/wp1\/#organization"},"potentialAction":[{"@type":"SearchAction","target":{"@type":"EntryPoint","urlTemplate":"https:\/\/tfk.fi\/wp1\/?s={search_term_string}"},"query-input":{"@type":"PropertyValueSpecification","valueRequired":true,"valueName":"search_term_string"}}],"inLanguage":"fi"},{"@type":"Organization","@id":"https:\/\/tfk.fi\/wp1\/#organization","name":"Tampereen Filharmoninen Kuoro","url":"https:\/\/tfk.fi\/wp1\/","logo":{"@type":"ImageObject","inLanguage":"fi","@id":"https:\/\/tfk.fi\/wp1\/#\/schema\/logo\/image\/","url":"https:\/\/tfk.fi\/wp1\/wp-content\/uploads\/2018\/08\/TFK-logo_100x50.jpg","contentUrl":"https:\/\/tfk.fi\/wp1\/wp-content\/uploads\/2018\/08\/TFK-logo_100x50.jpg","width":100,"height":53,"caption":"Tampereen Filharmoninen Kuoro"},"image":{"@id":"https:\/\/tfk.fi\/wp1\/#\/schema\/logo\/image\/"},"sameAs":["https:\/\/fi-fi.facebook.com\/TampereenFilharmoninenKuoro\/","https:\/\/x.com\/tfk_tampere","https:\/\/www.instagram.com\/tampereenfilharmoninenkuoro\/?hl=fi","https:\/\/www.youtube.com\/channel\/UCHNsgug_VXv_-TiyOBP5_cg\/featured","https:\/\/fi.wikipedia.org\/wiki\/Tampereen_Filharmoninen_Kuoro"]},{"@type":"Person","@id":"https:\/\/tfk.fi\/wp1\/#\/schema\/person\/a19950bfa93b0a847fbb55125f6a202a","name":"susannasaarenpaa","image":{"@type":"ImageObject","inLanguage":"fi","@id":"https:\/\/tfk.fi\/wp1\/#\/schema\/person\/image\/","url":"https:\/\/secure.gravatar.com\/avatar\/d7efd825dba218c1940dea12ce25b91a3a9a54a9018c97b7ad561e33ee14afb4?s=96&d=mm&r=g","contentUrl":"https:\/\/secure.gravatar.com\/avatar\/d7efd825dba218c1940dea12ce25b91a3a9a54a9018c97b7ad561e33ee14afb4?s=96&d=mm&r=g","caption":"susannasaarenpaa"},"url":"https:\/\/tfk.fi\/wp1\/author\/susannasaarenpaa\/"}]}},"_links":{"self":[{"href":"https:\/\/tfk.fi\/wp1\/wp-json\/wp\/v2\/posts\/1631","targetHints":{"allow":["GET"]}}],"collection":[{"href":"https:\/\/tfk.fi\/wp1\/wp-json\/wp\/v2\/posts"}],"about":[{"href":"https:\/\/tfk.fi\/wp1\/wp-json\/wp\/v2\/types\/post"}],"author":[{"embeddable":true,"href":"https:\/\/tfk.fi\/wp1\/wp-json\/wp\/v2\/users\/21"}],"replies":[{"embeddable":true,"href":"https:\/\/tfk.fi\/wp1\/wp-json\/wp\/v2\/comments?post=1631"}],"version-history":[{"count":1,"href":"https:\/\/tfk.fi\/wp1\/wp-json\/wp\/v2\/posts\/1631\/revisions"}],"predecessor-version":[{"id":1632,"href":"https:\/\/tfk.fi\/wp1\/wp-json\/wp\/v2\/posts\/1631\/revisions\/1632"}],"wp:attachment":[{"href":"https:\/\/tfk.fi\/wp1\/wp-json\/wp\/v2\/media?parent=1631"}],"wp:term":[{"taxonomy":"category","embeddable":true,"href":"https:\/\/tfk.fi\/wp1\/wp-json\/wp\/v2\/categories?post=1631"},{"taxonomy":"post_tag","embeddable":true,"href":"https:\/\/tfk.fi\/wp1\/wp-json\/wp\/v2\/tags?post=1631"}],"curies":[{"name":"wp","href":"https:\/\/api.w.org\/{rel}","templated":true}]}}