{"id":1665,"date":"2025-05-22T15:43:56","date_gmt":"2025-05-22T12:43:56","guid":{"rendered":"https:\/\/tfk.fi\/wp1\/?p=1665"},"modified":"2025-05-22T15:43:57","modified_gmt":"2025-05-22T12:43:57","slug":"syksyn-ohjelmistossa-luvassa-beethovenin-yhdeksatta-fantasiamusiikkia-ja-bachin-jouluoratoriota","status":"publish","type":"post","link":"https:\/\/tfk.fi\/wp1\/syksyn-ohjelmistossa-luvassa-beethovenin-yhdeksatta-fantasiamusiikkia-ja-bachin-jouluoratoriota\/","title":{"rendered":"Syksyn ohjelmistossa luvassa Beethovenin yhdeks\u00e4tt\u00e4, fantasiamusiikkia ja Bachin Jouluoratoriota"},"content":{"rendered":"\n<p>Viel\u00e4 ennen kes\u00e4tauolle siirtymist\u00e4 ilmoitamme iloksemme, ett\u00e4 syyskautemme on t\u00e4ynn\u00e4 kiinnostavaa harjoiteltavaa ja upeita konsertteja! <\/p>\n\n\n\n<p>Tampere Filharmonian konserttikausi alkaa torstaina 4.9. klo 2025 <strong><a href=\"https:\/\/www.tamperefilharmonia.fi\/tapahtuma\/?event-id=6825a62eeee33c66c44902e4&amp;date=04.09.2025&amp;time=19.00+-+21.10\">Beethovenin Sinfonia nro 9<\/a><\/strong>:ll\u00e4, joka tunnetaan kansanomaisemmin Oodina ilolle. Tampere Filharmonia kertoo omilla sivullaan: \"Vaikka unelma universaalista yst\u00e4vyydest\u00e4 saa viel\u00e4 odottaa, soi Beethovenin Oodi ilolle yh\u00e4 t\u00e4n\u00e4 p\u00e4iv\u00e4n\u00e4 muistutuksena utopiasta, jota ei saa lakata tavoittelemasta.\" Valtaosalle kuoromme laulajista teos on tuttuakin tutumpi, mutta aina onneksi mukana on uusia laulajia, jotka p\u00e4\u00e4sev\u00e4t n\u00e4it\u00e4 ilos\u00e4veli\u00e4 laulamaan ensim\u00e4ist\u00e4 kertaa. Kokeneemmatkin laulajat ovat ottaneet kuitenkin haasteen vastaan: kuoro tulee esitt\u00e4m\u00e4\u00e4n teoksen ilman nuotteja. Oodi ilolle esitet\u00e4\u00e4n kapellimestari <strong>Matthew Halls<\/strong>in johdolla. Solisteina <strong>Helena Juntunen<\/strong> (sopraano), <strong>Tuija Knihtil\u00e4<\/strong> (altto), <strong>Tuomas Katajala<\/strong> (tenori) ja <strong>Arttu Kataja<\/strong> (basso).<\/p>\n\n\n\n<p>Syyskauden seuraava konserttimme on niin ik\u00e4\u00e4n Tampere-talossa 14.11.2025. ja toteutetaan Tampere Filharmonian kanssa. <strong><a href=\"https:\/\/www.tamperefilharmonia.fi\/tapahtuma\/?event-id=682c4b3881de245f550667e5&amp;date=14.11.2025&amp;time=19.00+-+21.00\">SAGAS - Orchestral Fantasy Music<\/a><\/strong> -konsertti vie kuulija seikkailulle fantasiamaailmoihin tuttujen soundtrackien kautta. Konsertissa kuullaan mm. s\u00e4veli\u00e4 Game of Thronesista ja Taru Sormusten Herrasta. Konsertin kapellimestarina toimii <strong>Gudrun Dahlkvist<\/strong> ja solistina on sopraano <strong>Maarit H\u00f6ltt\u00e4<\/strong>.  <\/p>\n\n\n\n<p>Vuosi 2025 huipentuu ihanaan <strong><a href=\"https:\/\/www.tamperefilharmonia.fi\/tapahtuma\/?event-id=6825ccf2ff34ab6687416a31&amp;date=19.12.2025&amp;time=19.00+-+21.00\">Bachin Jouluoratorio<\/a><\/strong>on, joka esitet\u00e4\u00e4n Tampere Filharmonian kanssa Tampere-talossa 19.12.2025. Konsertin johtaa <strong>Matthew Halls<\/strong>. Jouluoratoriosta esitet\u00e4\u00e4n osat I-III ja VI. Odotamme viel\u00e4 tietoa solisteista. <\/p>\n\n\n\n<p>Paljon harjoiteltavaa siis on luvassa, mutta muistattehan ennen syksyn konsertteja tulla kuuntelemaan kuoroamme <strong><a href=\"https:\/\/tfk.fi\/wp1\/tampereen-filharmonisen-kuoron-kevatkausi-paattyy-kevatjuhlaan\/\">Kev\u00e4tjuhlaamme, ke 28.5.2025 klo 19<\/a><\/strong> kotisalissamme eli TYLlin juhlasalissa (Hallituskatu 30).<\/p>\n\n\n\n<figure class=\"wp-block-gallery has-nested-images columns-default is-cropped wp-block-gallery-1 is-layout-flex wp-block-gallery-is-layout-flex\">\n<figure class=\"wp-block-image size-large\"><img loading=\"lazy\" decoding=\"async\" width=\"1024\" height=\"683\" data-id=\"1667\" src=\"https:\/\/tfk.fi\/wp1\/wp-content\/uploads\/2025\/05\/FilharmoninenKuoro25vaaka-@Ville-Hautakangas-1-1024x683.jpg\" alt=\"\" class=\"wp-image-1667\" srcset=\"https:\/\/tfk.fi\/wp1\/wp-content\/uploads\/2025\/05\/FilharmoninenKuoro25vaaka-@Ville-Hautakangas-1-1024x683.jpg 1024w, https:\/\/tfk.fi\/wp1\/wp-content\/uploads\/2025\/05\/FilharmoninenKuoro25vaaka-@Ville-Hautakangas-1-300x200.jpg 300w, https:\/\/tfk.fi\/wp1\/wp-content\/uploads\/2025\/05\/FilharmoninenKuoro25vaaka-@Ville-Hautakangas-1-768x512.jpg 768w, https:\/\/tfk.fi\/wp1\/wp-content\/uploads\/2025\/05\/FilharmoninenKuoro25vaaka-@Ville-Hautakangas-1-1536x1024.jpg 1536w, https:\/\/tfk.fi\/wp1\/wp-content\/uploads\/2025\/05\/FilharmoninenKuoro25vaaka-@Ville-Hautakangas-1-2048x1365.jpg 2048w, https:\/\/tfk.fi\/wp1\/wp-content\/uploads\/2025\/05\/FilharmoninenKuoro25vaaka-@Ville-Hautakangas-1-960x640.jpg 960w\" sizes=\"auto, (max-width: 1024px) 100vw, 1024px\" \/><\/figure>\n<\/figure>\n","protected":false},"excerpt":{"rendered":"<p>Viel\u00e4 ennen kes\u00e4tauolle siirtymist\u00e4 ilmoitamme iloksemme, ett\u00e4 syyskautemme on t\u00e4ynn\u00e4 kiinnostavaa harjoiteltavaa ja upeita konsertteja! Tampere Filharmonian konserttikausi alkaa torstaina 4.9. klo 2025 Beethovenin Sinfonia nro 9:ll\u00e4, joka tunnetaan kansanomaisemmin Oodina ilolle. Tampere Filharmonia kertoo omilla sivullaan: \"Vaikka unelma universaalista yst\u00e4vyydest\u00e4 saa viel\u00e4 odottaa, soi Beethovenin Oodi ilolle yh\u00e4 t\u00e4n\u00e4 p\u00e4iv\u00e4n\u00e4 muistutuksena utopiasta, jota ei <a href=\"https:\/\/tfk.fi\/wp1\/syksyn-ohjelmistossa-luvassa-beethovenin-yhdeksatta-fantasiamusiikkia-ja-bachin-jouluoratoriota\/\" class=\"more-link\">...jatka lukemista<span class=\"screen-reader-text\"> \"Syksyn ohjelmistossa luvassa Beethovenin yhdeks\u00e4tt\u00e4, fantasiamusiikkia ja Bachin Jouluoratoriota\"<\/span><\/a><\/p>\n","protected":false},"author":21,"featured_media":0,"comment_status":"closed","ping_status":"closed","sticky":false,"template":"","format":"standard","meta":{"footnotes":""},"categories":[5],"tags":[30,55,9,21,100,101,11,10],"class_list":{"0":"post-1665","1":"post","2":"type-post","3":"status-publish","4":"format-standard","6":"category-ajankohtaista","7":"tag-joulu","8":"tag-jouluoratorio","9":"tag-kuorolaulu","10":"tag-ludvig-van-beethoven","11":"tag-oodi-ilolle","12":"tag-sagas","13":"tag-tampere-filharmonia","14":"tag-tampereen-filharmoninen-kuoro","15":"h-entry","16":"hentry","17":"h-as-article"},"yoast_head":"<!-- This site is optimized with the Yoast SEO plugin v23.4 - https:\/\/yoast.com\/wordpress\/plugins\/seo\/ -->\n<title>Syksyn ohjelmistossa luvassa Beethovenin yhdeks\u00e4tt\u00e4, fantasiamusiikkia ja Bachin Jouluoratoriota - TAMPEREEN FILHARMONINEN KUORO<\/title>\n<meta name=\"robots\" content=\"index, follow, max-snippet:-1, max-image-preview:large, max-video-preview:-1\" \/>\n<link rel=\"canonical\" href=\"https:\/\/tfk.fi\/wp1\/syksyn-ohjelmistossa-luvassa-beethovenin-yhdeksatta-fantasiamusiikkia-ja-bachin-jouluoratoriota\/\" \/>\n<meta property=\"og:locale\" content=\"fi_FI\" \/>\n<meta property=\"og:type\" content=\"article\" \/>\n<meta property=\"og:title\" content=\"Syksyn ohjelmistossa luvassa Beethovenin yhdeks\u00e4tt\u00e4, fantasiamusiikkia ja Bachin Jouluoratoriota - TAMPEREEN FILHARMONINEN KUORO\" \/>\n<meta property=\"og:description\" content=\"Viel\u00e4 ennen kes\u00e4tauolle siirtymist\u00e4 ilmoitamme iloksemme, ett\u00e4 syyskautemme on t\u00e4ynn\u00e4 kiinnostavaa harjoiteltavaa ja upeita konsertteja! Tampere Filharmonian konserttikausi alkaa torstaina 4.9. klo 2025 Beethovenin Sinfonia nro 9:ll\u00e4, joka tunnetaan kansanomaisemmin Oodina ilolle. Tampere Filharmonia kertoo omilla sivullaan: &quot;Vaikka unelma universaalista yst\u00e4vyydest\u00e4 saa viel\u00e4 odottaa, soi Beethovenin Oodi ilolle yh\u00e4 t\u00e4n\u00e4 p\u00e4iv\u00e4n\u00e4 muistutuksena utopiasta, jota ei ...jatka lukemista &quot;Syksyn ohjelmistossa luvassa Beethovenin yhdeks\u00e4tt\u00e4, fantasiamusiikkia ja Bachin Jouluoratoriota&quot;\" \/>\n<meta property=\"og:url\" content=\"https:\/\/tfk.fi\/wp1\/syksyn-ohjelmistossa-luvassa-beethovenin-yhdeksatta-fantasiamusiikkia-ja-bachin-jouluoratoriota\/\" \/>\n<meta property=\"og:site_name\" content=\"TAMPEREEN FILHARMONINEN KUORO\" \/>\n<meta property=\"article:publisher\" content=\"https:\/\/fi-fi.facebook.com\/TampereenFilharmoninenKuoro\/\" \/>\n<meta property=\"article:published_time\" content=\"2025-05-22T12:43:56+00:00\" \/>\n<meta property=\"article:modified_time\" content=\"2025-05-22T12:43:57+00:00\" \/>\n<meta property=\"og:image\" content=\"https:\/\/tfk.fi\/wp1\/wp-content\/uploads\/2025\/05\/FilharmoninenKuoro25vaaka-@Ville-Hautakangas-1-1024x683.jpg\" \/>\n<meta name=\"author\" content=\"susannasaarenpaa\" \/>\n<meta name=\"twitter:card\" content=\"summary_large_image\" \/>\n<meta name=\"twitter:creator\" content=\"@tfk_tampere\" \/>\n<meta name=\"twitter:site\" content=\"@tfk_tampere\" \/>\n<meta name=\"twitter:label1\" content=\"Kirjoittanut\" \/>\n\t<meta name=\"twitter:data1\" content=\"susannasaarenpaa\" \/>\n\t<meta name=\"twitter:label2\" content=\"Arvioitu lukuaika\" \/>\n\t<meta name=\"twitter:data2\" content=\"2 minuuttia\" \/>\n<script type=\"application\/ld+json\" class=\"yoast-schema-graph\">{\"@context\":\"https:\/\/schema.org\",\"@graph\":[{\"@type\":\"Article\",\"@id\":\"https:\/\/tfk.fi\/wp1\/syksyn-ohjelmistossa-luvassa-beethovenin-yhdeksatta-fantasiamusiikkia-ja-bachin-jouluoratoriota\/#article\",\"isPartOf\":{\"@id\":\"https:\/\/tfk.fi\/wp1\/syksyn-ohjelmistossa-luvassa-beethovenin-yhdeksatta-fantasiamusiikkia-ja-bachin-jouluoratoriota\/\"},\"author\":{\"name\":\"susannasaarenpaa\",\"@id\":\"https:\/\/tfk.fi\/wp1\/#\/schema\/person\/a19950bfa93b0a847fbb55125f6a202a\"},\"headline\":\"Syksyn ohjelmistossa luvassa Beethovenin yhdeks\u00e4tt\u00e4, fantasiamusiikkia ja Bachin Jouluoratoriota\",\"datePublished\":\"2025-05-22T12:43:56+00:00\",\"dateModified\":\"2025-05-22T12:43:57+00:00\",\"mainEntityOfPage\":{\"@id\":\"https:\/\/tfk.fi\/wp1\/syksyn-ohjelmistossa-luvassa-beethovenin-yhdeksatta-fantasiamusiikkia-ja-bachin-jouluoratoriota\/\"},\"wordCount\":235,\"publisher\":{\"@id\":\"https:\/\/tfk.fi\/wp1\/#organization\"},\"image\":{\"@id\":\"https:\/\/tfk.fi\/wp1\/syksyn-ohjelmistossa-luvassa-beethovenin-yhdeksatta-fantasiamusiikkia-ja-bachin-jouluoratoriota\/#primaryimage\"},\"thumbnailUrl\":\"https:\/\/tfk.fi\/wp1\/wp-content\/uploads\/2025\/05\/FilharmoninenKuoro25vaaka-@Ville-Hautakangas-1-1024x683.jpg\",\"keywords\":[\"Joulu\",\"Jouluoratorio\",\"kuorolaulu\",\"Ludvig van Beethoven\",\"oodi ilolle\",\"sagas\",\"Tampere Filharmonia\",\"Tampereen Filharmoninen Kuoro\"],\"articleSection\":[\"Ajankohtaista\"],\"inLanguage\":\"fi\"},{\"@type\":\"WebPage\",\"@id\":\"https:\/\/tfk.fi\/wp1\/syksyn-ohjelmistossa-luvassa-beethovenin-yhdeksatta-fantasiamusiikkia-ja-bachin-jouluoratoriota\/\",\"url\":\"https:\/\/tfk.fi\/wp1\/syksyn-ohjelmistossa-luvassa-beethovenin-yhdeksatta-fantasiamusiikkia-ja-bachin-jouluoratoriota\/\",\"name\":\"Syksyn ohjelmistossa luvassa Beethovenin yhdeks\u00e4tt\u00e4, fantasiamusiikkia ja Bachin Jouluoratoriota - TAMPEREEN FILHARMONINEN KUORO\",\"isPartOf\":{\"@id\":\"https:\/\/tfk.fi\/wp1\/#website\"},\"primaryImageOfPage\":{\"@id\":\"https:\/\/tfk.fi\/wp1\/syksyn-ohjelmistossa-luvassa-beethovenin-yhdeksatta-fantasiamusiikkia-ja-bachin-jouluoratoriota\/#primaryimage\"},\"image\":{\"@id\":\"https:\/\/tfk.fi\/wp1\/syksyn-ohjelmistossa-luvassa-beethovenin-yhdeksatta-fantasiamusiikkia-ja-bachin-jouluoratoriota\/#primaryimage\"},\"thumbnailUrl\":\"https:\/\/tfk.fi\/wp1\/wp-content\/uploads\/2025\/05\/FilharmoninenKuoro25vaaka-@Ville-Hautakangas-1-1024x683.jpg\",\"datePublished\":\"2025-05-22T12:43:56+00:00\",\"dateModified\":\"2025-05-22T12:43:57+00:00\",\"breadcrumb\":{\"@id\":\"https:\/\/tfk.fi\/wp1\/syksyn-ohjelmistossa-luvassa-beethovenin-yhdeksatta-fantasiamusiikkia-ja-bachin-jouluoratoriota\/#breadcrumb\"},\"inLanguage\":\"fi\",\"potentialAction\":[{\"@type\":\"ReadAction\",\"target\":[\"https:\/\/tfk.fi\/wp1\/syksyn-ohjelmistossa-luvassa-beethovenin-yhdeksatta-fantasiamusiikkia-ja-bachin-jouluoratoriota\/\"]}]},{\"@type\":\"ImageObject\",\"inLanguage\":\"fi\",\"@id\":\"https:\/\/tfk.fi\/wp1\/syksyn-ohjelmistossa-luvassa-beethovenin-yhdeksatta-fantasiamusiikkia-ja-bachin-jouluoratoriota\/#primaryimage\",\"url\":\"https:\/\/tfk.fi\/wp1\/wp-content\/uploads\/2025\/05\/FilharmoninenKuoro25vaaka-@Ville-Hautakangas-1-scaled.jpg\",\"contentUrl\":\"https:\/\/tfk.fi\/wp1\/wp-content\/uploads\/2025\/05\/FilharmoninenKuoro25vaaka-@Ville-Hautakangas-1-scaled.jpg\",\"width\":2560,\"height\":1707},{\"@type\":\"BreadcrumbList\",\"@id\":\"https:\/\/tfk.fi\/wp1\/syksyn-ohjelmistossa-luvassa-beethovenin-yhdeksatta-fantasiamusiikkia-ja-bachin-jouluoratoriota\/#breadcrumb\",\"itemListElement\":[{\"@type\":\"ListItem\",\"position\":1,\"name\":\"Home\",\"item\":\"https:\/\/tfk.fi\/wp1\/\"},{\"@type\":\"ListItem\",\"position\":2,\"name\":\"Syksyn ohjelmistossa luvassa Beethovenin yhdeks\u00e4tt\u00e4, fantasiamusiikkia ja Bachin Jouluoratoriota\"}]},{\"@type\":\"WebSite\",\"@id\":\"https:\/\/tfk.fi\/wp1\/#website\",\"url\":\"https:\/\/tfk.fi\/wp1\/\",\"name\":\"TAMPEREEN FILHARMONINEN KUORO\",\"description\":\"Tampere Philharmonic Choir\",\"publisher\":{\"@id\":\"https:\/\/tfk.fi\/wp1\/#organization\"},\"potentialAction\":[{\"@type\":\"SearchAction\",\"target\":{\"@type\":\"EntryPoint\",\"urlTemplate\":\"https:\/\/tfk.fi\/wp1\/?s={search_term_string}\"},\"query-input\":{\"@type\":\"PropertyValueSpecification\",\"valueRequired\":true,\"valueName\":\"search_term_string\"}}],\"inLanguage\":\"fi\"},{\"@type\":\"Organization\",\"@id\":\"https:\/\/tfk.fi\/wp1\/#organization\",\"name\":\"Tampereen Filharmoninen Kuoro\",\"url\":\"https:\/\/tfk.fi\/wp1\/\",\"logo\":{\"@type\":\"ImageObject\",\"inLanguage\":\"fi\",\"@id\":\"https:\/\/tfk.fi\/wp1\/#\/schema\/logo\/image\/\",\"url\":\"https:\/\/tfk.fi\/wp1\/wp-content\/uploads\/2018\/08\/TFK-logo_100x50.jpg\",\"contentUrl\":\"https:\/\/tfk.fi\/wp1\/wp-content\/uploads\/2018\/08\/TFK-logo_100x50.jpg\",\"width\":100,\"height\":53,\"caption\":\"Tampereen Filharmoninen Kuoro\"},\"image\":{\"@id\":\"https:\/\/tfk.fi\/wp1\/#\/schema\/logo\/image\/\"},\"sameAs\":[\"https:\/\/fi-fi.facebook.com\/TampereenFilharmoninenKuoro\/\",\"https:\/\/x.com\/tfk_tampere\",\"https:\/\/www.instagram.com\/tampereenfilharmoninenkuoro\/?hl=fi\",\"https:\/\/www.youtube.com\/channel\/UCHNsgug_VXv_-TiyOBP5_cg\/featured\",\"https:\/\/fi.wikipedia.org\/wiki\/Tampereen_Filharmoninen_Kuoro\"]},{\"@type\":\"Person\",\"@id\":\"https:\/\/tfk.fi\/wp1\/#\/schema\/person\/a19950bfa93b0a847fbb55125f6a202a\",\"name\":\"susannasaarenpaa\",\"image\":{\"@type\":\"ImageObject\",\"inLanguage\":\"fi\",\"@id\":\"https:\/\/tfk.fi\/wp1\/#\/schema\/person\/image\/\",\"url\":\"https:\/\/secure.gravatar.com\/avatar\/d7efd825dba218c1940dea12ce25b91a3a9a54a9018c97b7ad561e33ee14afb4?s=96&d=mm&r=g\",\"contentUrl\":\"https:\/\/secure.gravatar.com\/avatar\/d7efd825dba218c1940dea12ce25b91a3a9a54a9018c97b7ad561e33ee14afb4?s=96&d=mm&r=g\",\"caption\":\"susannasaarenpaa\"},\"url\":\"https:\/\/tfk.fi\/wp1\/author\/susannasaarenpaa\/\"}]}<\/script>\n<!-- \/ Yoast SEO plugin. -->","yoast_head_json":{"title":"Syksyn ohjelmistossa luvassa Beethovenin yhdeks\u00e4tt\u00e4, fantasiamusiikkia ja Bachin Jouluoratoriota - TAMPEREEN FILHARMONINEN KUORO","robots":{"index":"index","follow":"follow","max-snippet":"max-snippet:-1","max-image-preview":"max-image-preview:large","max-video-preview":"max-video-preview:-1"},"canonical":"https:\/\/tfk.fi\/wp1\/syksyn-ohjelmistossa-luvassa-beethovenin-yhdeksatta-fantasiamusiikkia-ja-bachin-jouluoratoriota\/","og_locale":"fi_FI","og_type":"article","og_title":"Syksyn ohjelmistossa luvassa Beethovenin yhdeks\u00e4tt\u00e4, fantasiamusiikkia ja Bachin Jouluoratoriota - TAMPEREEN FILHARMONINEN KUORO","og_description":"Viel\u00e4 ennen kes\u00e4tauolle siirtymist\u00e4 ilmoitamme iloksemme, ett\u00e4 syyskautemme on t\u00e4ynn\u00e4 kiinnostavaa harjoiteltavaa ja upeita konsertteja! Tampere Filharmonian konserttikausi alkaa torstaina 4.9. klo 2025 Beethovenin Sinfonia nro 9:ll\u00e4, joka tunnetaan kansanomaisemmin Oodina ilolle. Tampere Filharmonia kertoo omilla sivullaan: \"Vaikka unelma universaalista yst\u00e4vyydest\u00e4 saa viel\u00e4 odottaa, soi Beethovenin Oodi ilolle yh\u00e4 t\u00e4n\u00e4 p\u00e4iv\u00e4n\u00e4 muistutuksena utopiasta, jota ei ...jatka lukemista \"Syksyn ohjelmistossa luvassa Beethovenin yhdeks\u00e4tt\u00e4, fantasiamusiikkia ja Bachin Jouluoratoriota\"","og_url":"https:\/\/tfk.fi\/wp1\/syksyn-ohjelmistossa-luvassa-beethovenin-yhdeksatta-fantasiamusiikkia-ja-bachin-jouluoratoriota\/","og_site_name":"TAMPEREEN FILHARMONINEN KUORO","article_publisher":"https:\/\/fi-fi.facebook.com\/TampereenFilharmoninenKuoro\/","article_published_time":"2025-05-22T12:43:56+00:00","article_modified_time":"2025-05-22T12:43:57+00:00","og_image":[{"url":"https:\/\/tfk.fi\/wp1\/wp-content\/uploads\/2025\/05\/FilharmoninenKuoro25vaaka-@Ville-Hautakangas-1-1024x683.jpg"}],"author":"susannasaarenpaa","twitter_card":"summary_large_image","twitter_creator":"@tfk_tampere","twitter_site":"@tfk_tampere","twitter_misc":{"Kirjoittanut":"susannasaarenpaa","Arvioitu lukuaika":"2 minuuttia"},"schema":{"@context":"https:\/\/schema.org","@graph":[{"@type":"Article","@id":"https:\/\/tfk.fi\/wp1\/syksyn-ohjelmistossa-luvassa-beethovenin-yhdeksatta-fantasiamusiikkia-ja-bachin-jouluoratoriota\/#article","isPartOf":{"@id":"https:\/\/tfk.fi\/wp1\/syksyn-ohjelmistossa-luvassa-beethovenin-yhdeksatta-fantasiamusiikkia-ja-bachin-jouluoratoriota\/"},"author":{"name":"susannasaarenpaa","@id":"https:\/\/tfk.fi\/wp1\/#\/schema\/person\/a19950bfa93b0a847fbb55125f6a202a"},"headline":"Syksyn ohjelmistossa luvassa Beethovenin yhdeks\u00e4tt\u00e4, fantasiamusiikkia ja Bachin Jouluoratoriota","datePublished":"2025-05-22T12:43:56+00:00","dateModified":"2025-05-22T12:43:57+00:00","mainEntityOfPage":{"@id":"https:\/\/tfk.fi\/wp1\/syksyn-ohjelmistossa-luvassa-beethovenin-yhdeksatta-fantasiamusiikkia-ja-bachin-jouluoratoriota\/"},"wordCount":235,"publisher":{"@id":"https:\/\/tfk.fi\/wp1\/#organization"},"image":{"@id":"https:\/\/tfk.fi\/wp1\/syksyn-ohjelmistossa-luvassa-beethovenin-yhdeksatta-fantasiamusiikkia-ja-bachin-jouluoratoriota\/#primaryimage"},"thumbnailUrl":"https:\/\/tfk.fi\/wp1\/wp-content\/uploads\/2025\/05\/FilharmoninenKuoro25vaaka-@Ville-Hautakangas-1-1024x683.jpg","keywords":["Joulu","Jouluoratorio","kuorolaulu","Ludvig van Beethoven","oodi ilolle","sagas","Tampere Filharmonia","Tampereen Filharmoninen Kuoro"],"articleSection":["Ajankohtaista"],"inLanguage":"fi"},{"@type":"WebPage","@id":"https:\/\/tfk.fi\/wp1\/syksyn-ohjelmistossa-luvassa-beethovenin-yhdeksatta-fantasiamusiikkia-ja-bachin-jouluoratoriota\/","url":"https:\/\/tfk.fi\/wp1\/syksyn-ohjelmistossa-luvassa-beethovenin-yhdeksatta-fantasiamusiikkia-ja-bachin-jouluoratoriota\/","name":"Syksyn ohjelmistossa luvassa Beethovenin yhdeks\u00e4tt\u00e4, fantasiamusiikkia ja Bachin Jouluoratoriota - TAMPEREEN FILHARMONINEN KUORO","isPartOf":{"@id":"https:\/\/tfk.fi\/wp1\/#website"},"primaryImageOfPage":{"@id":"https:\/\/tfk.fi\/wp1\/syksyn-ohjelmistossa-luvassa-beethovenin-yhdeksatta-fantasiamusiikkia-ja-bachin-jouluoratoriota\/#primaryimage"},"image":{"@id":"https:\/\/tfk.fi\/wp1\/syksyn-ohjelmistossa-luvassa-beethovenin-yhdeksatta-fantasiamusiikkia-ja-bachin-jouluoratoriota\/#primaryimage"},"thumbnailUrl":"https:\/\/tfk.fi\/wp1\/wp-content\/uploads\/2025\/05\/FilharmoninenKuoro25vaaka-@Ville-Hautakangas-1-1024x683.jpg","datePublished":"2025-05-22T12:43:56+00:00","dateModified":"2025-05-22T12:43:57+00:00","breadcrumb":{"@id":"https:\/\/tfk.fi\/wp1\/syksyn-ohjelmistossa-luvassa-beethovenin-yhdeksatta-fantasiamusiikkia-ja-bachin-jouluoratoriota\/#breadcrumb"},"inLanguage":"fi","potentialAction":[{"@type":"ReadAction","target":["https:\/\/tfk.fi\/wp1\/syksyn-ohjelmistossa-luvassa-beethovenin-yhdeksatta-fantasiamusiikkia-ja-bachin-jouluoratoriota\/"]}]},{"@type":"ImageObject","inLanguage":"fi","@id":"https:\/\/tfk.fi\/wp1\/syksyn-ohjelmistossa-luvassa-beethovenin-yhdeksatta-fantasiamusiikkia-ja-bachin-jouluoratoriota\/#primaryimage","url":"https:\/\/tfk.fi\/wp1\/wp-content\/uploads\/2025\/05\/FilharmoninenKuoro25vaaka-@Ville-Hautakangas-1-scaled.jpg","contentUrl":"https:\/\/tfk.fi\/wp1\/wp-content\/uploads\/2025\/05\/FilharmoninenKuoro25vaaka-@Ville-Hautakangas-1-scaled.jpg","width":2560,"height":1707},{"@type":"BreadcrumbList","@id":"https:\/\/tfk.fi\/wp1\/syksyn-ohjelmistossa-luvassa-beethovenin-yhdeksatta-fantasiamusiikkia-ja-bachin-jouluoratoriota\/#breadcrumb","itemListElement":[{"@type":"ListItem","position":1,"name":"Home","item":"https:\/\/tfk.fi\/wp1\/"},{"@type":"ListItem","position":2,"name":"Syksyn ohjelmistossa luvassa Beethovenin yhdeks\u00e4tt\u00e4, fantasiamusiikkia ja Bachin Jouluoratoriota"}]},{"@type":"WebSite","@id":"https:\/\/tfk.fi\/wp1\/#website","url":"https:\/\/tfk.fi\/wp1\/","name":"TAMPEREEN FILHARMONINEN KUORO","description":"Tampere Philharmonic Choir","publisher":{"@id":"https:\/\/tfk.fi\/wp1\/#organization"},"potentialAction":[{"@type":"SearchAction","target":{"@type":"EntryPoint","urlTemplate":"https:\/\/tfk.fi\/wp1\/?s={search_term_string}"},"query-input":{"@type":"PropertyValueSpecification","valueRequired":true,"valueName":"search_term_string"}}],"inLanguage":"fi"},{"@type":"Organization","@id":"https:\/\/tfk.fi\/wp1\/#organization","name":"Tampereen Filharmoninen Kuoro","url":"https:\/\/tfk.fi\/wp1\/","logo":{"@type":"ImageObject","inLanguage":"fi","@id":"https:\/\/tfk.fi\/wp1\/#\/schema\/logo\/image\/","url":"https:\/\/tfk.fi\/wp1\/wp-content\/uploads\/2018\/08\/TFK-logo_100x50.jpg","contentUrl":"https:\/\/tfk.fi\/wp1\/wp-content\/uploads\/2018\/08\/TFK-logo_100x50.jpg","width":100,"height":53,"caption":"Tampereen Filharmoninen Kuoro"},"image":{"@id":"https:\/\/tfk.fi\/wp1\/#\/schema\/logo\/image\/"},"sameAs":["https:\/\/fi-fi.facebook.com\/TampereenFilharmoninenKuoro\/","https:\/\/x.com\/tfk_tampere","https:\/\/www.instagram.com\/tampereenfilharmoninenkuoro\/?hl=fi","https:\/\/www.youtube.com\/channel\/UCHNsgug_VXv_-TiyOBP5_cg\/featured","https:\/\/fi.wikipedia.org\/wiki\/Tampereen_Filharmoninen_Kuoro"]},{"@type":"Person","@id":"https:\/\/tfk.fi\/wp1\/#\/schema\/person\/a19950bfa93b0a847fbb55125f6a202a","name":"susannasaarenpaa","image":{"@type":"ImageObject","inLanguage":"fi","@id":"https:\/\/tfk.fi\/wp1\/#\/schema\/person\/image\/","url":"https:\/\/secure.gravatar.com\/avatar\/d7efd825dba218c1940dea12ce25b91a3a9a54a9018c97b7ad561e33ee14afb4?s=96&d=mm&r=g","contentUrl":"https:\/\/secure.gravatar.com\/avatar\/d7efd825dba218c1940dea12ce25b91a3a9a54a9018c97b7ad561e33ee14afb4?s=96&d=mm&r=g","caption":"susannasaarenpaa"},"url":"https:\/\/tfk.fi\/wp1\/author\/susannasaarenpaa\/"}]}},"_links":{"self":[{"href":"https:\/\/tfk.fi\/wp1\/wp-json\/wp\/v2\/posts\/1665","targetHints":{"allow":["GET"]}}],"collection":[{"href":"https:\/\/tfk.fi\/wp1\/wp-json\/wp\/v2\/posts"}],"about":[{"href":"https:\/\/tfk.fi\/wp1\/wp-json\/wp\/v2\/types\/post"}],"author":[{"embeddable":true,"href":"https:\/\/tfk.fi\/wp1\/wp-json\/wp\/v2\/users\/21"}],"replies":[{"embeddable":true,"href":"https:\/\/tfk.fi\/wp1\/wp-json\/wp\/v2\/comments?post=1665"}],"version-history":[{"count":1,"href":"https:\/\/tfk.fi\/wp1\/wp-json\/wp\/v2\/posts\/1665\/revisions"}],"predecessor-version":[{"id":1668,"href":"https:\/\/tfk.fi\/wp1\/wp-json\/wp\/v2\/posts\/1665\/revisions\/1668"}],"wp:attachment":[{"href":"https:\/\/tfk.fi\/wp1\/wp-json\/wp\/v2\/media?parent=1665"}],"wp:term":[{"taxonomy":"category","embeddable":true,"href":"https:\/\/tfk.fi\/wp1\/wp-json\/wp\/v2\/categories?post=1665"},{"taxonomy":"post_tag","embeddable":true,"href":"https:\/\/tfk.fi\/wp1\/wp-json\/wp\/v2\/tags?post=1665"}],"curies":[{"name":"wp","href":"https:\/\/api.w.org\/{rel}","templated":true}]}}