{"id":1725,"date":"2026-02-04T11:26:30","date_gmt":"2026-02-04T09:26:30","guid":{"rendered":"https:\/\/tfk.fi\/wp1\/?p=1725"},"modified":"2026-02-04T11:27:22","modified_gmt":"2026-02-04T09:27:22","slug":"jouni-rissanen-valittiin-vuoden-2026-kuoronjohtajaksi","status":"publish","type":"post","link":"https:\/\/tfk.fi\/wp1\/jouni-rissanen-valittiin-vuoden-2026-kuoronjohtajaksi\/","title":{"rendered":"Jouni Rissanen valittiin vuoden 2026 kuoronjohtajaksi"},"content":{"rendered":"\n<p>Suomen Kuoronjohtajayhdistys on valinnut vuoden 2026 kuoronjohtajaksi <strong>Jouni Rissasen<\/strong>. Valintaperusteissa Rissasta kuvataan erinomaisena ja eritt\u00e4in pidettyn\u00e4 kuoronjohtajana ja yhteisty\u00f6kumppanina, jonka osaaminen kattaa koko musiikkikent\u00e4n lasten ja nuorten musiikkikasvatuksesta ammattilaistoimintaan.<br><\/p>\n\n\n\n<p>Jouni Rissanen on toiminut Tampereen Filharmonisen Kuoron kuoromestarina vuodesta 2020 l\u00e4htien. TFK:ssa iloitaan t\u00e4st\u00e4 merkitt\u00e4v\u00e4st\u00e4 tunnustuksesta ja perusteisiin on helppo yhty\u00e4: Jouni on erinomainen ja eritt\u00e4in pidetty kuoronjohtaja!<br><\/p>\n\n\n\n<p>- Vuoden kuoronjohtaja -tunnustus on iloinen ja n\u00f6yr\u00e4ksi vet\u00e4v\u00e4 yll\u00e4tys! Kuorolaulu on yhteisty\u00f6t\u00e4 ja kiitos kuuluukin jokaiselle edustamalleni ty\u00f6ryhm\u00e4lle, kollegoille, kuorotoiminnan tukijoille ja tietysti rakkaille laulajille. Olen valtavan kiitollinen saadessani rakentaa monimuotoisia musiikkiohjelmistoja niin lasten kuin aikuisten kanssa: kirkoissa, konserttilavoilla ja oopperan\u00e4ytt\u00e4m\u00f6ll\u00e4, Jouni Rissanen kertoo.&nbsp;<\/p>\n\n\n\n<p>- Tampereen Filharmonisessa kuorossa saan ty\u00f6skennell\u00e4 maailman kauneimpien kuoro-orkesteriteosten parissa ja musiikille omistautuneiden laulajien kanssa. Suurella syd\u00e4mell\u00e4 yhdess\u00e4 lauletut konsertit ovat kuoroty\u00f6n \u2013 ja el\u00e4m\u00e4nkin \u2013 todellisia huippuhetki\u00e4, Rissanen jatkaa.<\/p>\n\n\n\n<p>Tampereen Filharmonisen Kuoron taiteellinen johto vaihtui vuonna 2020. Edellisen taiteellisen johtajan, <strong>Jani Siv\u00e9nin<\/strong> j\u00e4lkeen kuoro siirtyi kahden johtajan malliin. Jouni Rissasen lis\u00e4ksi kuoron taiteellisena johtajana toimii kapellimestari ja kuoronjohtaja <strong>Ruut Kiiski<\/strong>. Ratkaisu on osoittautunut todella toimivaksi kaikkien osapuolten kannalta.\u00a0<br><\/p>\n\n\n\n<p>- Olen eritt\u00e4in iloinen Jounin saamasta tunnustuksesta! Jouni on kokenut, ammattitaitoinen ja luotettava johtaja, jonka kanssa on todella helppoa tehd\u00e4 saumatonta yhteisty\u00f6t\u00e4. Hatunnosto mit\u00e4 parhaimmalle kollegalle, iloitsee Ruut Kiiski.\u00a0\u00a0<br><\/p>\n\n\n\n<p>Tampereen Filharmoninen Kuoro onnittelee vuoden kuoronjohtajaa! Hyv\u00e4 Jouni!\u00a0<br><\/p>\n\n\n<div class=\"wp-block-image\">\n<figure class=\"aligncenter size-full\"><img loading=\"lazy\" decoding=\"async\" width=\"567\" height=\"728\" src=\"https:\/\/tfk.fi\/wp1\/wp-content\/uploads\/2026\/02\/20106_JOUNI_RISSANEN.jpg\" alt=\"\" class=\"wp-image-1726\" srcset=\"https:\/\/tfk.fi\/wp1\/wp-content\/uploads\/2026\/02\/20106_JOUNI_RISSANEN.jpg 567w, https:\/\/tfk.fi\/wp1\/wp-content\/uploads\/2026\/02\/20106_JOUNI_RISSANEN-234x300.jpg 234w\" sizes=\"auto, (max-width: 567px) 100vw, 567px\" \/><\/figure>\n<\/div>","protected":false},"excerpt":{"rendered":"<p>Suomen Kuoronjohtajayhdistys on valinnut vuoden 2026 kuoronjohtajaksi Jouni Rissasen. Valintaperusteissa Rissasta kuvataan erinomaisena ja eritt\u00e4in pidettyn\u00e4 kuoronjohtajana ja yhteisty\u00f6kumppanina, jonka osaaminen kattaa koko musiikkikent\u00e4n lasten ja nuorten musiikkikasvatuksesta ammattilaistoimintaan. Jouni Rissanen on toiminut Tampereen Filharmonisen Kuoron kuoromestarina vuodesta 2020 l\u00e4htien. TFK:ssa iloitaan t\u00e4st\u00e4 merkitt\u00e4v\u00e4st\u00e4 tunnustuksesta ja perusteisiin on helppo yhty\u00e4: Jouni on erinomainen ja eritt\u00e4in <a href=\"https:\/\/tfk.fi\/wp1\/jouni-rissanen-valittiin-vuoden-2026-kuoronjohtajaksi\/\" class=\"more-link\">...jatka lukemista<span class=\"screen-reader-text\"> \"Jouni Rissanen valittiin vuoden 2026 kuoronjohtajaksi\"<\/span><\/a><\/p>\n","protected":false},"author":21,"featured_media":0,"comment_status":"closed","ping_status":"closed","sticky":false,"template":"","format":"standard","meta":{"footnotes":""},"categories":[5],"tags":[27,104,102,10,103],"class_list":{"0":"post-1725","1":"post","2":"type-post","3":"status-publish","4":"format-standard","6":"category-ajankohtaista","7":"tag-jouni-rissanen","8":"tag-kuoronjohtaja","9":"tag-suomen-kuoronjohtajayhdistys","10":"tag-tampereen-filharmoninen-kuoro","11":"tag-vuoden-kuoronjohtaja","12":"h-entry","13":"hentry","14":"h-as-article"},"yoast_head":"<!-- This site is optimized with the Yoast SEO plugin v23.4 - https:\/\/yoast.com\/wordpress\/plugins\/seo\/ -->\n<title>Jouni Rissanen valittiin vuoden 2026 kuoronjohtajaksi - TAMPEREEN FILHARMONINEN KUORO<\/title>\n<meta name=\"robots\" content=\"index, follow, max-snippet:-1, max-image-preview:large, max-video-preview:-1\" \/>\n<link rel=\"canonical\" href=\"https:\/\/tfk.fi\/wp1\/jouni-rissanen-valittiin-vuoden-2026-kuoronjohtajaksi\/\" \/>\n<meta property=\"og:locale\" content=\"fi_FI\" \/>\n<meta property=\"og:type\" content=\"article\" \/>\n<meta property=\"og:title\" content=\"Jouni Rissanen valittiin vuoden 2026 kuoronjohtajaksi - TAMPEREEN FILHARMONINEN KUORO\" \/>\n<meta property=\"og:description\" content=\"Suomen Kuoronjohtajayhdistys on valinnut vuoden 2026 kuoronjohtajaksi Jouni Rissasen. Valintaperusteissa Rissasta kuvataan erinomaisena ja eritt\u00e4in pidettyn\u00e4 kuoronjohtajana ja yhteisty\u00f6kumppanina, jonka osaaminen kattaa koko musiikkikent\u00e4n lasten ja nuorten musiikkikasvatuksesta ammattilaistoimintaan. Jouni Rissanen on toiminut Tampereen Filharmonisen Kuoron kuoromestarina vuodesta 2020 l\u00e4htien. TFK:ssa iloitaan t\u00e4st\u00e4 merkitt\u00e4v\u00e4st\u00e4 tunnustuksesta ja perusteisiin on helppo yhty\u00e4: Jouni on erinomainen ja eritt\u00e4in ...jatka lukemista &quot;Jouni Rissanen valittiin vuoden 2026 kuoronjohtajaksi&quot;\" \/>\n<meta property=\"og:url\" content=\"https:\/\/tfk.fi\/wp1\/jouni-rissanen-valittiin-vuoden-2026-kuoronjohtajaksi\/\" \/>\n<meta property=\"og:site_name\" content=\"TAMPEREEN FILHARMONINEN KUORO\" \/>\n<meta property=\"article:publisher\" content=\"https:\/\/fi-fi.facebook.com\/TampereenFilharmoninenKuoro\/\" \/>\n<meta property=\"article:published_time\" content=\"2026-02-04T09:26:30+00:00\" \/>\n<meta property=\"article:modified_time\" content=\"2026-02-04T09:27:22+00:00\" \/>\n<meta property=\"og:image\" content=\"https:\/\/tfk.fi\/wp1\/wp-content\/uploads\/2026\/02\/20106_JOUNI_RISSANEN.jpg\" \/>\n<meta name=\"author\" content=\"susannasaarenpaa\" \/>\n<meta name=\"twitter:card\" content=\"summary_large_image\" \/>\n<meta name=\"twitter:creator\" content=\"@tfk_tampere\" \/>\n<meta name=\"twitter:site\" content=\"@tfk_tampere\" \/>\n<meta name=\"twitter:label1\" content=\"Kirjoittanut\" \/>\n\t<meta name=\"twitter:data1\" content=\"susannasaarenpaa\" \/>\n\t<meta name=\"twitter:label2\" content=\"Arvioitu lukuaika\" \/>\n\t<meta name=\"twitter:data2\" content=\"2 minuuttia\" \/>\n<script type=\"application\/ld+json\" class=\"yoast-schema-graph\">{\"@context\":\"https:\/\/schema.org\",\"@graph\":[{\"@type\":\"Article\",\"@id\":\"https:\/\/tfk.fi\/wp1\/jouni-rissanen-valittiin-vuoden-2026-kuoronjohtajaksi\/#article\",\"isPartOf\":{\"@id\":\"https:\/\/tfk.fi\/wp1\/jouni-rissanen-valittiin-vuoden-2026-kuoronjohtajaksi\/\"},\"author\":{\"name\":\"susannasaarenpaa\",\"@id\":\"https:\/\/tfk.fi\/wp1\/#\/schema\/person\/a19950bfa93b0a847fbb55125f6a202a\"},\"headline\":\"Jouni Rissanen valittiin vuoden 2026 kuoronjohtajaksi\",\"datePublished\":\"2026-02-04T09:26:30+00:00\",\"dateModified\":\"2026-02-04T09:27:22+00:00\",\"mainEntityOfPage\":{\"@id\":\"https:\/\/tfk.fi\/wp1\/jouni-rissanen-valittiin-vuoden-2026-kuoronjohtajaksi\/\"},\"wordCount\":238,\"publisher\":{\"@id\":\"https:\/\/tfk.fi\/wp1\/#organization\"},\"image\":{\"@id\":\"https:\/\/tfk.fi\/wp1\/jouni-rissanen-valittiin-vuoden-2026-kuoronjohtajaksi\/#primaryimage\"},\"thumbnailUrl\":\"https:\/\/tfk.fi\/wp1\/wp-content\/uploads\/2026\/02\/20106_JOUNI_RISSANEN.jpg\",\"keywords\":[\"Jouni Rissanen\",\"Kuoronjohtaja\",\"Suomen Kuoronjohtajayhdistys\",\"Tampereen Filharmoninen Kuoro\",\"Vuoden kuoronjohtaja\"],\"articleSection\":[\"Ajankohtaista\"],\"inLanguage\":\"fi\"},{\"@type\":\"WebPage\",\"@id\":\"https:\/\/tfk.fi\/wp1\/jouni-rissanen-valittiin-vuoden-2026-kuoronjohtajaksi\/\",\"url\":\"https:\/\/tfk.fi\/wp1\/jouni-rissanen-valittiin-vuoden-2026-kuoronjohtajaksi\/\",\"name\":\"Jouni Rissanen valittiin vuoden 2026 kuoronjohtajaksi - TAMPEREEN FILHARMONINEN KUORO\",\"isPartOf\":{\"@id\":\"https:\/\/tfk.fi\/wp1\/#website\"},\"primaryImageOfPage\":{\"@id\":\"https:\/\/tfk.fi\/wp1\/jouni-rissanen-valittiin-vuoden-2026-kuoronjohtajaksi\/#primaryimage\"},\"image\":{\"@id\":\"https:\/\/tfk.fi\/wp1\/jouni-rissanen-valittiin-vuoden-2026-kuoronjohtajaksi\/#primaryimage\"},\"thumbnailUrl\":\"https:\/\/tfk.fi\/wp1\/wp-content\/uploads\/2026\/02\/20106_JOUNI_RISSANEN.jpg\",\"datePublished\":\"2026-02-04T09:26:30+00:00\",\"dateModified\":\"2026-02-04T09:27:22+00:00\",\"breadcrumb\":{\"@id\":\"https:\/\/tfk.fi\/wp1\/jouni-rissanen-valittiin-vuoden-2026-kuoronjohtajaksi\/#breadcrumb\"},\"inLanguage\":\"fi\",\"potentialAction\":[{\"@type\":\"ReadAction\",\"target\":[\"https:\/\/tfk.fi\/wp1\/jouni-rissanen-valittiin-vuoden-2026-kuoronjohtajaksi\/\"]}]},{\"@type\":\"ImageObject\",\"inLanguage\":\"fi\",\"@id\":\"https:\/\/tfk.fi\/wp1\/jouni-rissanen-valittiin-vuoden-2026-kuoronjohtajaksi\/#primaryimage\",\"url\":\"https:\/\/tfk.fi\/wp1\/wp-content\/uploads\/2026\/02\/20106_JOUNI_RISSANEN.jpg\",\"contentUrl\":\"https:\/\/tfk.fi\/wp1\/wp-content\/uploads\/2026\/02\/20106_JOUNI_RISSANEN.jpg\",\"width\":567,\"height\":728},{\"@type\":\"BreadcrumbList\",\"@id\":\"https:\/\/tfk.fi\/wp1\/jouni-rissanen-valittiin-vuoden-2026-kuoronjohtajaksi\/#breadcrumb\",\"itemListElement\":[{\"@type\":\"ListItem\",\"position\":1,\"name\":\"Home\",\"item\":\"https:\/\/tfk.fi\/wp1\/\"},{\"@type\":\"ListItem\",\"position\":2,\"name\":\"Jouni Rissanen valittiin vuoden 2026 kuoronjohtajaksi\"}]},{\"@type\":\"WebSite\",\"@id\":\"https:\/\/tfk.fi\/wp1\/#website\",\"url\":\"https:\/\/tfk.fi\/wp1\/\",\"name\":\"TAMPEREEN FILHARMONINEN KUORO\",\"description\":\"Tampere Philharmonic Choir\",\"publisher\":{\"@id\":\"https:\/\/tfk.fi\/wp1\/#organization\"},\"potentialAction\":[{\"@type\":\"SearchAction\",\"target\":{\"@type\":\"EntryPoint\",\"urlTemplate\":\"https:\/\/tfk.fi\/wp1\/?s={search_term_string}\"},\"query-input\":{\"@type\":\"PropertyValueSpecification\",\"valueRequired\":true,\"valueName\":\"search_term_string\"}}],\"inLanguage\":\"fi\"},{\"@type\":\"Organization\",\"@id\":\"https:\/\/tfk.fi\/wp1\/#organization\",\"name\":\"Tampereen Filharmoninen Kuoro\",\"url\":\"https:\/\/tfk.fi\/wp1\/\",\"logo\":{\"@type\":\"ImageObject\",\"inLanguage\":\"fi\",\"@id\":\"https:\/\/tfk.fi\/wp1\/#\/schema\/logo\/image\/\",\"url\":\"https:\/\/tfk.fi\/wp1\/wp-content\/uploads\/2018\/08\/TFK-logo_100x50.jpg\",\"contentUrl\":\"https:\/\/tfk.fi\/wp1\/wp-content\/uploads\/2018\/08\/TFK-logo_100x50.jpg\",\"width\":100,\"height\":53,\"caption\":\"Tampereen Filharmoninen Kuoro\"},\"image\":{\"@id\":\"https:\/\/tfk.fi\/wp1\/#\/schema\/logo\/image\/\"},\"sameAs\":[\"https:\/\/fi-fi.facebook.com\/TampereenFilharmoninenKuoro\/\",\"https:\/\/x.com\/tfk_tampere\",\"https:\/\/www.instagram.com\/tampereenfilharmoninenkuoro\/?hl=fi\",\"https:\/\/www.youtube.com\/channel\/UCHNsgug_VXv_-TiyOBP5_cg\/featured\",\"https:\/\/fi.wikipedia.org\/wiki\/Tampereen_Filharmoninen_Kuoro\"]},{\"@type\":\"Person\",\"@id\":\"https:\/\/tfk.fi\/wp1\/#\/schema\/person\/a19950bfa93b0a847fbb55125f6a202a\",\"name\":\"susannasaarenpaa\",\"image\":{\"@type\":\"ImageObject\",\"inLanguage\":\"fi\",\"@id\":\"https:\/\/tfk.fi\/wp1\/#\/schema\/person\/image\/\",\"url\":\"https:\/\/secure.gravatar.com\/avatar\/d7efd825dba218c1940dea12ce25b91a3a9a54a9018c97b7ad561e33ee14afb4?s=96&d=mm&r=g\",\"contentUrl\":\"https:\/\/secure.gravatar.com\/avatar\/d7efd825dba218c1940dea12ce25b91a3a9a54a9018c97b7ad561e33ee14afb4?s=96&d=mm&r=g\",\"caption\":\"susannasaarenpaa\"},\"url\":\"https:\/\/tfk.fi\/wp1\/author\/susannasaarenpaa\/\"}]}<\/script>\n<!-- \/ Yoast SEO plugin. -->","yoast_head_json":{"title":"Jouni Rissanen valittiin vuoden 2026 kuoronjohtajaksi - TAMPEREEN FILHARMONINEN KUORO","robots":{"index":"index","follow":"follow","max-snippet":"max-snippet:-1","max-image-preview":"max-image-preview:large","max-video-preview":"max-video-preview:-1"},"canonical":"https:\/\/tfk.fi\/wp1\/jouni-rissanen-valittiin-vuoden-2026-kuoronjohtajaksi\/","og_locale":"fi_FI","og_type":"article","og_title":"Jouni Rissanen valittiin vuoden 2026 kuoronjohtajaksi - TAMPEREEN FILHARMONINEN KUORO","og_description":"Suomen Kuoronjohtajayhdistys on valinnut vuoden 2026 kuoronjohtajaksi Jouni Rissasen. Valintaperusteissa Rissasta kuvataan erinomaisena ja eritt\u00e4in pidettyn\u00e4 kuoronjohtajana ja yhteisty\u00f6kumppanina, jonka osaaminen kattaa koko musiikkikent\u00e4n lasten ja nuorten musiikkikasvatuksesta ammattilaistoimintaan. Jouni Rissanen on toiminut Tampereen Filharmonisen Kuoron kuoromestarina vuodesta 2020 l\u00e4htien. TFK:ssa iloitaan t\u00e4st\u00e4 merkitt\u00e4v\u00e4st\u00e4 tunnustuksesta ja perusteisiin on helppo yhty\u00e4: Jouni on erinomainen ja eritt\u00e4in ...jatka lukemista \"Jouni Rissanen valittiin vuoden 2026 kuoronjohtajaksi\"","og_url":"https:\/\/tfk.fi\/wp1\/jouni-rissanen-valittiin-vuoden-2026-kuoronjohtajaksi\/","og_site_name":"TAMPEREEN FILHARMONINEN KUORO","article_publisher":"https:\/\/fi-fi.facebook.com\/TampereenFilharmoninenKuoro\/","article_published_time":"2026-02-04T09:26:30+00:00","article_modified_time":"2026-02-04T09:27:22+00:00","og_image":[{"url":"https:\/\/tfk.fi\/wp1\/wp-content\/uploads\/2026\/02\/20106_JOUNI_RISSANEN.jpg"}],"author":"susannasaarenpaa","twitter_card":"summary_large_image","twitter_creator":"@tfk_tampere","twitter_site":"@tfk_tampere","twitter_misc":{"Kirjoittanut":"susannasaarenpaa","Arvioitu lukuaika":"2 minuuttia"},"schema":{"@context":"https:\/\/schema.org","@graph":[{"@type":"Article","@id":"https:\/\/tfk.fi\/wp1\/jouni-rissanen-valittiin-vuoden-2026-kuoronjohtajaksi\/#article","isPartOf":{"@id":"https:\/\/tfk.fi\/wp1\/jouni-rissanen-valittiin-vuoden-2026-kuoronjohtajaksi\/"},"author":{"name":"susannasaarenpaa","@id":"https:\/\/tfk.fi\/wp1\/#\/schema\/person\/a19950bfa93b0a847fbb55125f6a202a"},"headline":"Jouni Rissanen valittiin vuoden 2026 kuoronjohtajaksi","datePublished":"2026-02-04T09:26:30+00:00","dateModified":"2026-02-04T09:27:22+00:00","mainEntityOfPage":{"@id":"https:\/\/tfk.fi\/wp1\/jouni-rissanen-valittiin-vuoden-2026-kuoronjohtajaksi\/"},"wordCount":238,"publisher":{"@id":"https:\/\/tfk.fi\/wp1\/#organization"},"image":{"@id":"https:\/\/tfk.fi\/wp1\/jouni-rissanen-valittiin-vuoden-2026-kuoronjohtajaksi\/#primaryimage"},"thumbnailUrl":"https:\/\/tfk.fi\/wp1\/wp-content\/uploads\/2026\/02\/20106_JOUNI_RISSANEN.jpg","keywords":["Jouni Rissanen","Kuoronjohtaja","Suomen Kuoronjohtajayhdistys","Tampereen Filharmoninen Kuoro","Vuoden kuoronjohtaja"],"articleSection":["Ajankohtaista"],"inLanguage":"fi"},{"@type":"WebPage","@id":"https:\/\/tfk.fi\/wp1\/jouni-rissanen-valittiin-vuoden-2026-kuoronjohtajaksi\/","url":"https:\/\/tfk.fi\/wp1\/jouni-rissanen-valittiin-vuoden-2026-kuoronjohtajaksi\/","name":"Jouni Rissanen valittiin vuoden 2026 kuoronjohtajaksi - TAMPEREEN FILHARMONINEN KUORO","isPartOf":{"@id":"https:\/\/tfk.fi\/wp1\/#website"},"primaryImageOfPage":{"@id":"https:\/\/tfk.fi\/wp1\/jouni-rissanen-valittiin-vuoden-2026-kuoronjohtajaksi\/#primaryimage"},"image":{"@id":"https:\/\/tfk.fi\/wp1\/jouni-rissanen-valittiin-vuoden-2026-kuoronjohtajaksi\/#primaryimage"},"thumbnailUrl":"https:\/\/tfk.fi\/wp1\/wp-content\/uploads\/2026\/02\/20106_JOUNI_RISSANEN.jpg","datePublished":"2026-02-04T09:26:30+00:00","dateModified":"2026-02-04T09:27:22+00:00","breadcrumb":{"@id":"https:\/\/tfk.fi\/wp1\/jouni-rissanen-valittiin-vuoden-2026-kuoronjohtajaksi\/#breadcrumb"},"inLanguage":"fi","potentialAction":[{"@type":"ReadAction","target":["https:\/\/tfk.fi\/wp1\/jouni-rissanen-valittiin-vuoden-2026-kuoronjohtajaksi\/"]}]},{"@type":"ImageObject","inLanguage":"fi","@id":"https:\/\/tfk.fi\/wp1\/jouni-rissanen-valittiin-vuoden-2026-kuoronjohtajaksi\/#primaryimage","url":"https:\/\/tfk.fi\/wp1\/wp-content\/uploads\/2026\/02\/20106_JOUNI_RISSANEN.jpg","contentUrl":"https:\/\/tfk.fi\/wp1\/wp-content\/uploads\/2026\/02\/20106_JOUNI_RISSANEN.jpg","width":567,"height":728},{"@type":"BreadcrumbList","@id":"https:\/\/tfk.fi\/wp1\/jouni-rissanen-valittiin-vuoden-2026-kuoronjohtajaksi\/#breadcrumb","itemListElement":[{"@type":"ListItem","position":1,"name":"Home","item":"https:\/\/tfk.fi\/wp1\/"},{"@type":"ListItem","position":2,"name":"Jouni Rissanen valittiin vuoden 2026 kuoronjohtajaksi"}]},{"@type":"WebSite","@id":"https:\/\/tfk.fi\/wp1\/#website","url":"https:\/\/tfk.fi\/wp1\/","name":"TAMPEREEN FILHARMONINEN KUORO","description":"Tampere Philharmonic Choir","publisher":{"@id":"https:\/\/tfk.fi\/wp1\/#organization"},"potentialAction":[{"@type":"SearchAction","target":{"@type":"EntryPoint","urlTemplate":"https:\/\/tfk.fi\/wp1\/?s={search_term_string}"},"query-input":{"@type":"PropertyValueSpecification","valueRequired":true,"valueName":"search_term_string"}}],"inLanguage":"fi"},{"@type":"Organization","@id":"https:\/\/tfk.fi\/wp1\/#organization","name":"Tampereen Filharmoninen Kuoro","url":"https:\/\/tfk.fi\/wp1\/","logo":{"@type":"ImageObject","inLanguage":"fi","@id":"https:\/\/tfk.fi\/wp1\/#\/schema\/logo\/image\/","url":"https:\/\/tfk.fi\/wp1\/wp-content\/uploads\/2018\/08\/TFK-logo_100x50.jpg","contentUrl":"https:\/\/tfk.fi\/wp1\/wp-content\/uploads\/2018\/08\/TFK-logo_100x50.jpg","width":100,"height":53,"caption":"Tampereen Filharmoninen Kuoro"},"image":{"@id":"https:\/\/tfk.fi\/wp1\/#\/schema\/logo\/image\/"},"sameAs":["https:\/\/fi-fi.facebook.com\/TampereenFilharmoninenKuoro\/","https:\/\/x.com\/tfk_tampere","https:\/\/www.instagram.com\/tampereenfilharmoninenkuoro\/?hl=fi","https:\/\/www.youtube.com\/channel\/UCHNsgug_VXv_-TiyOBP5_cg\/featured","https:\/\/fi.wikipedia.org\/wiki\/Tampereen_Filharmoninen_Kuoro"]},{"@type":"Person","@id":"https:\/\/tfk.fi\/wp1\/#\/schema\/person\/a19950bfa93b0a847fbb55125f6a202a","name":"susannasaarenpaa","image":{"@type":"ImageObject","inLanguage":"fi","@id":"https:\/\/tfk.fi\/wp1\/#\/schema\/person\/image\/","url":"https:\/\/secure.gravatar.com\/avatar\/d7efd825dba218c1940dea12ce25b91a3a9a54a9018c97b7ad561e33ee14afb4?s=96&d=mm&r=g","contentUrl":"https:\/\/secure.gravatar.com\/avatar\/d7efd825dba218c1940dea12ce25b91a3a9a54a9018c97b7ad561e33ee14afb4?s=96&d=mm&r=g","caption":"susannasaarenpaa"},"url":"https:\/\/tfk.fi\/wp1\/author\/susannasaarenpaa\/"}]}},"_links":{"self":[{"href":"https:\/\/tfk.fi\/wp1\/wp-json\/wp\/v2\/posts\/1725","targetHints":{"allow":["GET"]}}],"collection":[{"href":"https:\/\/tfk.fi\/wp1\/wp-json\/wp\/v2\/posts"}],"about":[{"href":"https:\/\/tfk.fi\/wp1\/wp-json\/wp\/v2\/types\/post"}],"author":[{"embeddable":true,"href":"https:\/\/tfk.fi\/wp1\/wp-json\/wp\/v2\/users\/21"}],"replies":[{"embeddable":true,"href":"https:\/\/tfk.fi\/wp1\/wp-json\/wp\/v2\/comments?post=1725"}],"version-history":[{"count":2,"href":"https:\/\/tfk.fi\/wp1\/wp-json\/wp\/v2\/posts\/1725\/revisions"}],"predecessor-version":[{"id":1728,"href":"https:\/\/tfk.fi\/wp1\/wp-json\/wp\/v2\/posts\/1725\/revisions\/1728"}],"wp:attachment":[{"href":"https:\/\/tfk.fi\/wp1\/wp-json\/wp\/v2\/media?parent=1725"}],"wp:term":[{"taxonomy":"category","embeddable":true,"href":"https:\/\/tfk.fi\/wp1\/wp-json\/wp\/v2\/categories?post=1725"},{"taxonomy":"post_tag","embeddable":true,"href":"https:\/\/tfk.fi\/wp1\/wp-json\/wp\/v2\/tags?post=1725"}],"curies":[{"name":"wp","href":"https:\/\/api.w.org\/{rel}","templated":true}]}}