{"id":395,"date":"2019-03-12T01:02:37","date_gmt":"2019-03-11T23:02:37","guid":{"rendered":"http:\/\/tfk.fi\/wp1\/?p=395"},"modified":"2019-04-29T00:14:25","modified_gmt":"2019-04-28T21:14:25","slug":"hienostunut-maurice-duruflen-requiem","status":"publish","type":"post","link":"https:\/\/tfk.fi\/wp1\/hienostunut-maurice-duruflen-requiem\/","title":{"rendered":"Hienostunut Maurice Durufl\u00e9n Requiem"},"content":{"rendered":"<p>Tampereen Filharmonisen Kuoron kev\u00e4\u00e4n p\u00e4\u00e4teos on Maurice Durufl\u00e9n s\u00e4velt\u00e4m\u00e4 Requiem. Teos valmistui 1947 ja h\u00e4n omisti sen hiljattain kuolleelle is\u00e4lleen.<\/p>\n<figure id=\"attachment_397\" aria-describedby=\"caption-attachment-397\" style=\"width: 131px\" class=\"wp-caption alignleft\"><img loading=\"lazy\" decoding=\"async\" class=\"wp-image-397 \" src=\"https:\/\/tfk.fi\/wp1\/wp-content\/uploads\/2019\/03\/Durufle-202x300.gif\" alt=\"\" width=\"131\" height=\"195\" \/><figcaption id=\"caption-attachment-397\" class=\"wp-caption-text\">Maurice Durufl\u00e9 (1902-1986)<\/figcaption><\/figure>\n<p>Durufl\u00e9n sielunmessu on musiikillisesti v\u00e4h\u00e4eleinen, herkk\u00e4 ja hienostunut.\u00a0 H\u00e4n s\u00e4velsi teoksesta kolme versiota: yhdess\u00e4 kuoroa s\u00e4est\u00e4\u00e4 iso orkesteri, toisessa urut ja my\u00f6hemmin valmistui pienen orkesterin versio. Kiirastorstaina Tampere Filharmonian soittamaa ison orkesterin versiota kuullaan harvoin.<\/p>\n<p>Tampereen Filharmoninen Kuoro esitt\u00e4\u00e4 <strong>toukokuun 25. p\u00e4iv\u00e4n\u00e4<\/strong> Helsingin Paavalinkirkossa Requiemin urkuversion. Kiirastorstaina teos esitettiin orkesteriversiona Tampere-talossa.<\/p>\n<p>Durufl\u00e9 syntyi 1902 Ranskan Louviersissa ja kuoli 1986. H\u00e4n oli s\u00e4velt\u00e4j\u00e4n\u00e4 ankara itselleen hyv\u00e4ksyi julkaistavaksi vain teokset, joihin h\u00e4n saattoi olla tyytyv\u00e4inen. H\u00e4nen s\u00e4vellyksi\u00e4\u00e4n on julkaistu vain 14.<\/p>\n","protected":false},"excerpt":{"rendered":"<p>Tampereen Filharmonisen Kuoron kev\u00e4\u00e4n p\u00e4\u00e4teos on Maurice Durufl\u00e9n s\u00e4velt\u00e4m\u00e4 Requiem. Teos valmistui 1947 ja h\u00e4n omisti sen hiljattain kuolleelle is\u00e4lleen. Durufl\u00e9n sielunmessu on musiikillisesti v\u00e4h\u00e4eleinen, herkk\u00e4 ja hienostunut.\u00a0 H\u00e4n s\u00e4velsi teoksesta kolme versiota: yhdess\u00e4 kuoroa s\u00e4est\u00e4\u00e4 iso orkesteri, toisessa urut ja my\u00f6hemmin valmistui pienen orkesterin versio. Kiirastorstaina Tampere Filharmonian soittamaa ison orkesterin versiota kuullaan harvoin. <a href=\"https:\/\/tfk.fi\/wp1\/hienostunut-maurice-duruflen-requiem\/\" class=\"more-link\">...jatka lukemista<span class=\"screen-reader-text\"> \"Hienostunut Maurice Durufl\u00e9n Requiem\"<\/span><\/a><\/p>\n","protected":false},"author":6,"featured_media":0,"comment_status":"closed","ping_status":"closed","sticky":false,"template":"","format":"standard","meta":{"footnotes":""},"categories":[5],"tags":[],"class_list":{"0":"post-395","1":"post","2":"type-post","3":"status-publish","4":"format-standard","6":"category-ajankohtaista","7":"h-entry","8":"hentry","9":"h-as-article"},"yoast_head":"<!-- This site is optimized with the Yoast SEO plugin v23.4 - https:\/\/yoast.com\/wordpress\/plugins\/seo\/ -->\n<title>Hienostunut Maurice Durufl\u00e9n Requiem - TAMPEREEN FILHARMONINEN KUORO<\/title>\n<meta name=\"robots\" content=\"index, follow, max-snippet:-1, max-image-preview:large, max-video-preview:-1\" \/>\n<link rel=\"canonical\" href=\"https:\/\/tfk.fi\/wp1\/hienostunut-maurice-duruflen-requiem\/\" \/>\n<meta property=\"og:locale\" content=\"fi_FI\" \/>\n<meta property=\"og:type\" content=\"article\" \/>\n<meta property=\"og:title\" content=\"Hienostunut Maurice Durufl\u00e9n Requiem - TAMPEREEN FILHARMONINEN KUORO\" \/>\n<meta property=\"og:description\" content=\"Tampereen Filharmonisen Kuoron kev\u00e4\u00e4n p\u00e4\u00e4teos on Maurice Durufl\u00e9n s\u00e4velt\u00e4m\u00e4 Requiem. Teos valmistui 1947 ja h\u00e4n omisti sen hiljattain kuolleelle is\u00e4lleen. Durufl\u00e9n sielunmessu on musiikillisesti v\u00e4h\u00e4eleinen, herkk\u00e4 ja hienostunut.\u00a0 H\u00e4n s\u00e4velsi teoksesta kolme versiota: yhdess\u00e4 kuoroa s\u00e4est\u00e4\u00e4 iso orkesteri, toisessa urut ja my\u00f6hemmin valmistui pienen orkesterin versio. Kiirastorstaina Tampere Filharmonian soittamaa ison orkesterin versiota kuullaan harvoin. ...jatka lukemista &quot;Hienostunut Maurice Durufl\u00e9n Requiem&quot;\" \/>\n<meta property=\"og:url\" content=\"https:\/\/tfk.fi\/wp1\/hienostunut-maurice-duruflen-requiem\/\" \/>\n<meta property=\"og:site_name\" content=\"TAMPEREEN FILHARMONINEN KUORO\" \/>\n<meta property=\"article:publisher\" content=\"https:\/\/fi-fi.facebook.com\/TampereenFilharmoninenKuoro\/\" \/>\n<meta property=\"article:published_time\" content=\"2019-03-11T23:02:37+00:00\" \/>\n<meta property=\"article:modified_time\" content=\"2019-04-28T21:14:25+00:00\" \/>\n<meta property=\"og:image\" content=\"http:\/\/tfk.fi\/wp1\/wp-content\/uploads\/2019\/03\/Durufle-202x300.gif\" \/>\n<meta name=\"author\" content=\"mattisalmenkangas\" \/>\n<meta name=\"twitter:card\" content=\"summary_large_image\" \/>\n<meta name=\"twitter:creator\" content=\"@tfk_tampere\" \/>\n<meta name=\"twitter:site\" content=\"@tfk_tampere\" \/>\n<meta name=\"twitter:label1\" content=\"Kirjoittanut\" \/>\n\t<meta name=\"twitter:data1\" content=\"mattisalmenkangas\" \/>\n\t<meta name=\"twitter:label2\" content=\"Arvioitu lukuaika\" \/>\n\t<meta name=\"twitter:data2\" content=\"1 minuutti\" \/>\n<script type=\"application\/ld+json\" class=\"yoast-schema-graph\">{\"@context\":\"https:\/\/schema.org\",\"@graph\":[{\"@type\":\"Article\",\"@id\":\"https:\/\/tfk.fi\/wp1\/hienostunut-maurice-duruflen-requiem\/#article\",\"isPartOf\":{\"@id\":\"https:\/\/tfk.fi\/wp1\/hienostunut-maurice-duruflen-requiem\/\"},\"author\":{\"name\":\"mattisalmenkangas\",\"@id\":\"https:\/\/tfk.fi\/wp1\/#\/schema\/person\/450050e359af6258fdfe3782f654cbc9\"},\"headline\":\"Hienostunut Maurice Durufl\u00e9n Requiem\",\"datePublished\":\"2019-03-11T23:02:37+00:00\",\"dateModified\":\"2019-04-28T21:14:25+00:00\",\"mainEntityOfPage\":{\"@id\":\"https:\/\/tfk.fi\/wp1\/hienostunut-maurice-duruflen-requiem\/\"},\"wordCount\":135,\"publisher\":{\"@id\":\"https:\/\/tfk.fi\/wp1\/#organization\"},\"image\":{\"@id\":\"https:\/\/tfk.fi\/wp1\/hienostunut-maurice-duruflen-requiem\/#primaryimage\"},\"thumbnailUrl\":\"http:\/\/tfk.fi\/wp1\/wp-content\/uploads\/2019\/03\/Durufle-202x300.gif\",\"articleSection\":[\"Ajankohtaista\"],\"inLanguage\":\"fi\"},{\"@type\":\"WebPage\",\"@id\":\"https:\/\/tfk.fi\/wp1\/hienostunut-maurice-duruflen-requiem\/\",\"url\":\"https:\/\/tfk.fi\/wp1\/hienostunut-maurice-duruflen-requiem\/\",\"name\":\"Hienostunut Maurice Durufl\u00e9n Requiem - TAMPEREEN FILHARMONINEN KUORO\",\"isPartOf\":{\"@id\":\"https:\/\/tfk.fi\/wp1\/#website\"},\"primaryImageOfPage\":{\"@id\":\"https:\/\/tfk.fi\/wp1\/hienostunut-maurice-duruflen-requiem\/#primaryimage\"},\"image\":{\"@id\":\"https:\/\/tfk.fi\/wp1\/hienostunut-maurice-duruflen-requiem\/#primaryimage\"},\"thumbnailUrl\":\"http:\/\/tfk.fi\/wp1\/wp-content\/uploads\/2019\/03\/Durufle-202x300.gif\",\"datePublished\":\"2019-03-11T23:02:37+00:00\",\"dateModified\":\"2019-04-28T21:14:25+00:00\",\"breadcrumb\":{\"@id\":\"https:\/\/tfk.fi\/wp1\/hienostunut-maurice-duruflen-requiem\/#breadcrumb\"},\"inLanguage\":\"fi\",\"potentialAction\":[{\"@type\":\"ReadAction\",\"target\":[\"https:\/\/tfk.fi\/wp1\/hienostunut-maurice-duruflen-requiem\/\"]}]},{\"@type\":\"ImageObject\",\"inLanguage\":\"fi\",\"@id\":\"https:\/\/tfk.fi\/wp1\/hienostunut-maurice-duruflen-requiem\/#primaryimage\",\"url\":\"http:\/\/tfk.fi\/wp1\/wp-content\/uploads\/2019\/03\/Durufle-202x300.gif\",\"contentUrl\":\"http:\/\/tfk.fi\/wp1\/wp-content\/uploads\/2019\/03\/Durufle-202x300.gif\"},{\"@type\":\"BreadcrumbList\",\"@id\":\"https:\/\/tfk.fi\/wp1\/hienostunut-maurice-duruflen-requiem\/#breadcrumb\",\"itemListElement\":[{\"@type\":\"ListItem\",\"position\":1,\"name\":\"Home\",\"item\":\"https:\/\/tfk.fi\/wp1\/\"},{\"@type\":\"ListItem\",\"position\":2,\"name\":\"Hienostunut Maurice Durufl\u00e9n Requiem\"}]},{\"@type\":\"WebSite\",\"@id\":\"https:\/\/tfk.fi\/wp1\/#website\",\"url\":\"https:\/\/tfk.fi\/wp1\/\",\"name\":\"TAMPEREEN FILHARMONINEN KUORO\",\"description\":\"Tampere Philharmonic Choir\",\"publisher\":{\"@id\":\"https:\/\/tfk.fi\/wp1\/#organization\"},\"potentialAction\":[{\"@type\":\"SearchAction\",\"target\":{\"@type\":\"EntryPoint\",\"urlTemplate\":\"https:\/\/tfk.fi\/wp1\/?s={search_term_string}\"},\"query-input\":{\"@type\":\"PropertyValueSpecification\",\"valueRequired\":true,\"valueName\":\"search_term_string\"}}],\"inLanguage\":\"fi\"},{\"@type\":\"Organization\",\"@id\":\"https:\/\/tfk.fi\/wp1\/#organization\",\"name\":\"Tampereen Filharmoninen Kuoro\",\"url\":\"https:\/\/tfk.fi\/wp1\/\",\"logo\":{\"@type\":\"ImageObject\",\"inLanguage\":\"fi\",\"@id\":\"https:\/\/tfk.fi\/wp1\/#\/schema\/logo\/image\/\",\"url\":\"https:\/\/tfk.fi\/wp1\/wp-content\/uploads\/2018\/08\/TFK-logo_100x50.jpg\",\"contentUrl\":\"https:\/\/tfk.fi\/wp1\/wp-content\/uploads\/2018\/08\/TFK-logo_100x50.jpg\",\"width\":100,\"height\":53,\"caption\":\"Tampereen Filharmoninen Kuoro\"},\"image\":{\"@id\":\"https:\/\/tfk.fi\/wp1\/#\/schema\/logo\/image\/\"},\"sameAs\":[\"https:\/\/fi-fi.facebook.com\/TampereenFilharmoninenKuoro\/\",\"https:\/\/x.com\/tfk_tampere\",\"https:\/\/www.instagram.com\/tampereenfilharmoninenkuoro\/?hl=fi\",\"https:\/\/www.youtube.com\/channel\/UCHNsgug_VXv_-TiyOBP5_cg\/featured\",\"https:\/\/fi.wikipedia.org\/wiki\/Tampereen_Filharmoninen_Kuoro\"]},{\"@type\":\"Person\",\"@id\":\"https:\/\/tfk.fi\/wp1\/#\/schema\/person\/450050e359af6258fdfe3782f654cbc9\",\"name\":\"mattisalmenkangas\",\"image\":{\"@type\":\"ImageObject\",\"inLanguage\":\"fi\",\"@id\":\"https:\/\/tfk.fi\/wp1\/#\/schema\/person\/image\/\",\"url\":\"https:\/\/secure.gravatar.com\/avatar\/4e5df962cb625e5a45162236525aff2b9aa36416eadc7115421044673d338b1b?s=96&d=mm&r=g\",\"contentUrl\":\"https:\/\/secure.gravatar.com\/avatar\/4e5df962cb625e5a45162236525aff2b9aa36416eadc7115421044673d338b1b?s=96&d=mm&r=g\",\"caption\":\"mattisalmenkangas\"},\"url\":\"https:\/\/tfk.fi\/wp1\/author\/mattisalmenkangas\/\"}]}<\/script>\n<!-- \/ Yoast SEO plugin. -->","yoast_head_json":{"title":"Hienostunut Maurice Durufl\u00e9n Requiem - TAMPEREEN FILHARMONINEN KUORO","robots":{"index":"index","follow":"follow","max-snippet":"max-snippet:-1","max-image-preview":"max-image-preview:large","max-video-preview":"max-video-preview:-1"},"canonical":"https:\/\/tfk.fi\/wp1\/hienostunut-maurice-duruflen-requiem\/","og_locale":"fi_FI","og_type":"article","og_title":"Hienostunut Maurice Durufl\u00e9n Requiem - TAMPEREEN FILHARMONINEN KUORO","og_description":"Tampereen Filharmonisen Kuoron kev\u00e4\u00e4n p\u00e4\u00e4teos on Maurice Durufl\u00e9n s\u00e4velt\u00e4m\u00e4 Requiem. Teos valmistui 1947 ja h\u00e4n omisti sen hiljattain kuolleelle is\u00e4lleen. Durufl\u00e9n sielunmessu on musiikillisesti v\u00e4h\u00e4eleinen, herkk\u00e4 ja hienostunut.\u00a0 H\u00e4n s\u00e4velsi teoksesta kolme versiota: yhdess\u00e4 kuoroa s\u00e4est\u00e4\u00e4 iso orkesteri, toisessa urut ja my\u00f6hemmin valmistui pienen orkesterin versio. Kiirastorstaina Tampere Filharmonian soittamaa ison orkesterin versiota kuullaan harvoin. ...jatka lukemista \"Hienostunut Maurice Durufl\u00e9n Requiem\"","og_url":"https:\/\/tfk.fi\/wp1\/hienostunut-maurice-duruflen-requiem\/","og_site_name":"TAMPEREEN FILHARMONINEN KUORO","article_publisher":"https:\/\/fi-fi.facebook.com\/TampereenFilharmoninenKuoro\/","article_published_time":"2019-03-11T23:02:37+00:00","article_modified_time":"2019-04-28T21:14:25+00:00","og_image":[{"url":"http:\/\/tfk.fi\/wp1\/wp-content\/uploads\/2019\/03\/Durufle-202x300.gif"}],"author":"mattisalmenkangas","twitter_card":"summary_large_image","twitter_creator":"@tfk_tampere","twitter_site":"@tfk_tampere","twitter_misc":{"Kirjoittanut":"mattisalmenkangas","Arvioitu lukuaika":"1 minuutti"},"schema":{"@context":"https:\/\/schema.org","@graph":[{"@type":"Article","@id":"https:\/\/tfk.fi\/wp1\/hienostunut-maurice-duruflen-requiem\/#article","isPartOf":{"@id":"https:\/\/tfk.fi\/wp1\/hienostunut-maurice-duruflen-requiem\/"},"author":{"name":"mattisalmenkangas","@id":"https:\/\/tfk.fi\/wp1\/#\/schema\/person\/450050e359af6258fdfe3782f654cbc9"},"headline":"Hienostunut Maurice Durufl\u00e9n Requiem","datePublished":"2019-03-11T23:02:37+00:00","dateModified":"2019-04-28T21:14:25+00:00","mainEntityOfPage":{"@id":"https:\/\/tfk.fi\/wp1\/hienostunut-maurice-duruflen-requiem\/"},"wordCount":135,"publisher":{"@id":"https:\/\/tfk.fi\/wp1\/#organization"},"image":{"@id":"https:\/\/tfk.fi\/wp1\/hienostunut-maurice-duruflen-requiem\/#primaryimage"},"thumbnailUrl":"http:\/\/tfk.fi\/wp1\/wp-content\/uploads\/2019\/03\/Durufle-202x300.gif","articleSection":["Ajankohtaista"],"inLanguage":"fi"},{"@type":"WebPage","@id":"https:\/\/tfk.fi\/wp1\/hienostunut-maurice-duruflen-requiem\/","url":"https:\/\/tfk.fi\/wp1\/hienostunut-maurice-duruflen-requiem\/","name":"Hienostunut Maurice Durufl\u00e9n Requiem - TAMPEREEN FILHARMONINEN KUORO","isPartOf":{"@id":"https:\/\/tfk.fi\/wp1\/#website"},"primaryImageOfPage":{"@id":"https:\/\/tfk.fi\/wp1\/hienostunut-maurice-duruflen-requiem\/#primaryimage"},"image":{"@id":"https:\/\/tfk.fi\/wp1\/hienostunut-maurice-duruflen-requiem\/#primaryimage"},"thumbnailUrl":"http:\/\/tfk.fi\/wp1\/wp-content\/uploads\/2019\/03\/Durufle-202x300.gif","datePublished":"2019-03-11T23:02:37+00:00","dateModified":"2019-04-28T21:14:25+00:00","breadcrumb":{"@id":"https:\/\/tfk.fi\/wp1\/hienostunut-maurice-duruflen-requiem\/#breadcrumb"},"inLanguage":"fi","potentialAction":[{"@type":"ReadAction","target":["https:\/\/tfk.fi\/wp1\/hienostunut-maurice-duruflen-requiem\/"]}]},{"@type":"ImageObject","inLanguage":"fi","@id":"https:\/\/tfk.fi\/wp1\/hienostunut-maurice-duruflen-requiem\/#primaryimage","url":"http:\/\/tfk.fi\/wp1\/wp-content\/uploads\/2019\/03\/Durufle-202x300.gif","contentUrl":"http:\/\/tfk.fi\/wp1\/wp-content\/uploads\/2019\/03\/Durufle-202x300.gif"},{"@type":"BreadcrumbList","@id":"https:\/\/tfk.fi\/wp1\/hienostunut-maurice-duruflen-requiem\/#breadcrumb","itemListElement":[{"@type":"ListItem","position":1,"name":"Home","item":"https:\/\/tfk.fi\/wp1\/"},{"@type":"ListItem","position":2,"name":"Hienostunut Maurice Durufl\u00e9n Requiem"}]},{"@type":"WebSite","@id":"https:\/\/tfk.fi\/wp1\/#website","url":"https:\/\/tfk.fi\/wp1\/","name":"TAMPEREEN FILHARMONINEN KUORO","description":"Tampere Philharmonic Choir","publisher":{"@id":"https:\/\/tfk.fi\/wp1\/#organization"},"potentialAction":[{"@type":"SearchAction","target":{"@type":"EntryPoint","urlTemplate":"https:\/\/tfk.fi\/wp1\/?s={search_term_string}"},"query-input":{"@type":"PropertyValueSpecification","valueRequired":true,"valueName":"search_term_string"}}],"inLanguage":"fi"},{"@type":"Organization","@id":"https:\/\/tfk.fi\/wp1\/#organization","name":"Tampereen Filharmoninen Kuoro","url":"https:\/\/tfk.fi\/wp1\/","logo":{"@type":"ImageObject","inLanguage":"fi","@id":"https:\/\/tfk.fi\/wp1\/#\/schema\/logo\/image\/","url":"https:\/\/tfk.fi\/wp1\/wp-content\/uploads\/2018\/08\/TFK-logo_100x50.jpg","contentUrl":"https:\/\/tfk.fi\/wp1\/wp-content\/uploads\/2018\/08\/TFK-logo_100x50.jpg","width":100,"height":53,"caption":"Tampereen Filharmoninen Kuoro"},"image":{"@id":"https:\/\/tfk.fi\/wp1\/#\/schema\/logo\/image\/"},"sameAs":["https:\/\/fi-fi.facebook.com\/TampereenFilharmoninenKuoro\/","https:\/\/x.com\/tfk_tampere","https:\/\/www.instagram.com\/tampereenfilharmoninenkuoro\/?hl=fi","https:\/\/www.youtube.com\/channel\/UCHNsgug_VXv_-TiyOBP5_cg\/featured","https:\/\/fi.wikipedia.org\/wiki\/Tampereen_Filharmoninen_Kuoro"]},{"@type":"Person","@id":"https:\/\/tfk.fi\/wp1\/#\/schema\/person\/450050e359af6258fdfe3782f654cbc9","name":"mattisalmenkangas","image":{"@type":"ImageObject","inLanguage":"fi","@id":"https:\/\/tfk.fi\/wp1\/#\/schema\/person\/image\/","url":"https:\/\/secure.gravatar.com\/avatar\/4e5df962cb625e5a45162236525aff2b9aa36416eadc7115421044673d338b1b?s=96&d=mm&r=g","contentUrl":"https:\/\/secure.gravatar.com\/avatar\/4e5df962cb625e5a45162236525aff2b9aa36416eadc7115421044673d338b1b?s=96&d=mm&r=g","caption":"mattisalmenkangas"},"url":"https:\/\/tfk.fi\/wp1\/author\/mattisalmenkangas\/"}]}},"_links":{"self":[{"href":"https:\/\/tfk.fi\/wp1\/wp-json\/wp\/v2\/posts\/395","targetHints":{"allow":["GET"]}}],"collection":[{"href":"https:\/\/tfk.fi\/wp1\/wp-json\/wp\/v2\/posts"}],"about":[{"href":"https:\/\/tfk.fi\/wp1\/wp-json\/wp\/v2\/types\/post"}],"author":[{"embeddable":true,"href":"https:\/\/tfk.fi\/wp1\/wp-json\/wp\/v2\/users\/6"}],"replies":[{"embeddable":true,"href":"https:\/\/tfk.fi\/wp1\/wp-json\/wp\/v2\/comments?post=395"}],"version-history":[{"count":6,"href":"https:\/\/tfk.fi\/wp1\/wp-json\/wp\/v2\/posts\/395\/revisions"}],"predecessor-version":[{"id":423,"href":"https:\/\/tfk.fi\/wp1\/wp-json\/wp\/v2\/posts\/395\/revisions\/423"}],"wp:attachment":[{"href":"https:\/\/tfk.fi\/wp1\/wp-json\/wp\/v2\/media?parent=395"}],"wp:term":[{"taxonomy":"category","embeddable":true,"href":"https:\/\/tfk.fi\/wp1\/wp-json\/wp\/v2\/categories?post=395"},{"taxonomy":"post_tag","embeddable":true,"href":"https:\/\/tfk.fi\/wp1\/wp-json\/wp\/v2\/tags?post=395"}],"curies":[{"name":"wp","href":"https:\/\/api.w.org\/{rel}","templated":true}]}}