{"id":484,"date":"2019-08-29T19:00:23","date_gmt":"2019-08-29T16:00:23","guid":{"rendered":"http:\/\/tfk.fi\/wp1\/?p=484"},"modified":"2019-08-29T19:22:15","modified_gmt":"2019-08-29T16:22:15","slug":"huovinen-vierailee-filkkareissa","status":"publish","type":"post","link":"https:\/\/tfk.fi\/wp1\/huovinen-vierailee-filkkareissa\/","title":{"rendered":"Elisa Huovinen TFK:n vierailijaksi"},"content":{"rendered":"\n<p>Tampereen Filharmonista Kuoroa johtaa laulukaudella 2019-20 taiteellisen johtajan <strong>Jani Siv\u00e9nin<\/strong> lis\u00e4ksi <strong>Elisa Huovinen<\/strong>. H\u00e4n valmentaa ja on vierailevana johtajana joulukonsertissa 18.12. sek\u00e4 valmentaa p\u00e4\u00e4si\u00e4isen aikaan esitett\u00e4v\u00e4n Verdin Requiemin.<\/p>\n\n\n<p><img loading=\"lazy\" decoding=\"async\" class=\" wp-image-486 alignright\" src=\"https:\/\/tfk.fi\/wp1\/wp-content\/uploads\/2019\/08\/ElisaHuovinen-265x300.jpg\" alt=\"\" width=\"181\" height=\"205\" srcset=\"https:\/\/tfk.fi\/wp1\/wp-content\/uploads\/2019\/08\/ElisaHuovinen-265x300.jpg 265w, https:\/\/tfk.fi\/wp1\/wp-content\/uploads\/2019\/08\/ElisaHuovinen.jpg 283w\" sizes=\"auto, (max-width: 181px) 100vw, 181px\" \/>Elisa Huovinen on t\u00e4ll\u00e4 hetkell\u00e4 kamarikuoro Addiction, Wiipurilaisen Osakunnan Laulajien, Turun yliopiston kuoron sek\u00e4 Suomen Nuorisokuoron taiteellisena johtajana. Vuonna 2018 h\u00e4n voitti Suomalaisen kuoronjohtajakilpailun Tampereella ja kansainv\u00e4lisen Gheorghe Dima -kuoronjohtokilpailun Romaniassa.<\/p>\n<p><!--StartFragment--><\/p>\n<p><!--EndFragment--><\/p>\n\n\n<p>Kuoron seuraava teos on Tampere Filharmonian kanssa\nesitett\u00e4v\u00e4 Beethovenin C-duurimessu op. 86 perjantaina 27. syyskuuta. Kuorolle\nteoksen valmentaa Jani Siv\u00e9n ja sen johtaa Vasili Sinaiski.<\/p>\n\n\n\n<p><\/p>\n","protected":false},"excerpt":{"rendered":"<p>Tampereen Filharmonista Kuoroa johtaa laulukaudella 2019-20 taiteellisen johtajan Jani Siv\u00e9nin lis\u00e4ksi Elisa Huovinen. H\u00e4n valmentaa ja on vierailevana johtajana joulukonsertissa 18.12. sek\u00e4 valmentaa p\u00e4\u00e4si\u00e4isen aikaan esitett\u00e4v\u00e4n Verdin Requiemin. Elisa Huovinen on t\u00e4ll\u00e4 hetkell\u00e4 kamarikuoro Addiction, Wiipurilaisen Osakunnan Laulajien, Turun yliopiston kuoron sek\u00e4 Suomen Nuorisokuoron taiteellisena johtajana. Vuonna 2018 h\u00e4n voitti Suomalaisen kuoronjohtajakilpailun Tampereella ja kansainv\u00e4lisen <a href=\"https:\/\/tfk.fi\/wp1\/huovinen-vierailee-filkkareissa\/\" class=\"more-link\">...jatka lukemista<span class=\"screen-reader-text\"> \"Elisa Huovinen TFK:n vierailijaksi\"<\/span><\/a><\/p>\n","protected":false},"author":6,"featured_media":0,"comment_status":"closed","ping_status":"closed","sticky":false,"template":"","format":"standard","meta":{"footnotes":""},"categories":[5],"tags":[],"class_list":{"0":"post-484","1":"post","2":"type-post","3":"status-publish","4":"format-standard","6":"category-ajankohtaista","7":"h-entry","8":"hentry","9":"h-as-article"},"yoast_head":"<!-- This site is optimized with the Yoast SEO plugin v23.4 - https:\/\/yoast.com\/wordpress\/plugins\/seo\/ -->\n<title>Elisa Huovinen TFK:n vierailijaksi - TAMPEREEN FILHARMONINEN KUORO<\/title>\n<meta name=\"robots\" content=\"index, follow, max-snippet:-1, max-image-preview:large, max-video-preview:-1\" \/>\n<link rel=\"canonical\" href=\"https:\/\/tfk.fi\/wp1\/huovinen-vierailee-filkkareissa\/\" \/>\n<meta property=\"og:locale\" content=\"fi_FI\" \/>\n<meta property=\"og:type\" content=\"article\" \/>\n<meta property=\"og:title\" content=\"Elisa Huovinen TFK:n vierailijaksi - TAMPEREEN FILHARMONINEN KUORO\" \/>\n<meta property=\"og:description\" content=\"Tampereen Filharmonista Kuoroa johtaa laulukaudella 2019-20 taiteellisen johtajan Jani Siv\u00e9nin lis\u00e4ksi Elisa Huovinen. H\u00e4n valmentaa ja on vierailevana johtajana joulukonsertissa 18.12. sek\u00e4 valmentaa p\u00e4\u00e4si\u00e4isen aikaan esitett\u00e4v\u00e4n Verdin Requiemin. Elisa Huovinen on t\u00e4ll\u00e4 hetkell\u00e4 kamarikuoro Addiction, Wiipurilaisen Osakunnan Laulajien, Turun yliopiston kuoron sek\u00e4 Suomen Nuorisokuoron taiteellisena johtajana. Vuonna 2018 h\u00e4n voitti Suomalaisen kuoronjohtajakilpailun Tampereella ja kansainv\u00e4lisen ...jatka lukemista &quot;Elisa Huovinen TFK:n vierailijaksi&quot;\" \/>\n<meta property=\"og:url\" content=\"https:\/\/tfk.fi\/wp1\/huovinen-vierailee-filkkareissa\/\" \/>\n<meta property=\"og:site_name\" content=\"TAMPEREEN FILHARMONINEN KUORO\" \/>\n<meta property=\"article:publisher\" content=\"https:\/\/fi-fi.facebook.com\/TampereenFilharmoninenKuoro\/\" \/>\n<meta property=\"article:published_time\" content=\"2019-08-29T16:00:23+00:00\" \/>\n<meta property=\"article:modified_time\" content=\"2019-08-29T16:22:15+00:00\" \/>\n<meta property=\"og:image\" content=\"http:\/\/tfk.fi\/wp1\/wp-content\/uploads\/2019\/08\/ElisaHuovinen-265x300.jpg\" \/>\n<meta name=\"author\" content=\"mattisalmenkangas\" \/>\n<meta name=\"twitter:card\" content=\"summary_large_image\" \/>\n<meta name=\"twitter:creator\" content=\"@tfk_tampere\" \/>\n<meta name=\"twitter:site\" content=\"@tfk_tampere\" \/>\n<meta name=\"twitter:label1\" content=\"Kirjoittanut\" \/>\n\t<meta name=\"twitter:data1\" content=\"mattisalmenkangas\" \/>\n<script type=\"application\/ld+json\" class=\"yoast-schema-graph\">{\"@context\":\"https:\/\/schema.org\",\"@graph\":[{\"@type\":\"Article\",\"@id\":\"https:\/\/tfk.fi\/wp1\/huovinen-vierailee-filkkareissa\/#article\",\"isPartOf\":{\"@id\":\"https:\/\/tfk.fi\/wp1\/huovinen-vierailee-filkkareissa\/\"},\"author\":{\"name\":\"mattisalmenkangas\",\"@id\":\"https:\/\/tfk.fi\/wp1\/#\/schema\/person\/450050e359af6258fdfe3782f654cbc9\"},\"headline\":\"Elisa Huovinen TFK:n vierailijaksi\",\"datePublished\":\"2019-08-29T16:00:23+00:00\",\"dateModified\":\"2019-08-29T16:22:15+00:00\",\"mainEntityOfPage\":{\"@id\":\"https:\/\/tfk.fi\/wp1\/huovinen-vierailee-filkkareissa\/\"},\"wordCount\":97,\"publisher\":{\"@id\":\"https:\/\/tfk.fi\/wp1\/#organization\"},\"image\":{\"@id\":\"https:\/\/tfk.fi\/wp1\/huovinen-vierailee-filkkareissa\/#primaryimage\"},\"thumbnailUrl\":\"http:\/\/tfk.fi\/wp1\/wp-content\/uploads\/2019\/08\/ElisaHuovinen-265x300.jpg\",\"articleSection\":[\"Ajankohtaista\"],\"inLanguage\":\"fi\"},{\"@type\":\"WebPage\",\"@id\":\"https:\/\/tfk.fi\/wp1\/huovinen-vierailee-filkkareissa\/\",\"url\":\"https:\/\/tfk.fi\/wp1\/huovinen-vierailee-filkkareissa\/\",\"name\":\"Elisa Huovinen TFK:n vierailijaksi - TAMPEREEN FILHARMONINEN KUORO\",\"isPartOf\":{\"@id\":\"https:\/\/tfk.fi\/wp1\/#website\"},\"primaryImageOfPage\":{\"@id\":\"https:\/\/tfk.fi\/wp1\/huovinen-vierailee-filkkareissa\/#primaryimage\"},\"image\":{\"@id\":\"https:\/\/tfk.fi\/wp1\/huovinen-vierailee-filkkareissa\/#primaryimage\"},\"thumbnailUrl\":\"http:\/\/tfk.fi\/wp1\/wp-content\/uploads\/2019\/08\/ElisaHuovinen-265x300.jpg\",\"datePublished\":\"2019-08-29T16:00:23+00:00\",\"dateModified\":\"2019-08-29T16:22:15+00:00\",\"breadcrumb\":{\"@id\":\"https:\/\/tfk.fi\/wp1\/huovinen-vierailee-filkkareissa\/#breadcrumb\"},\"inLanguage\":\"fi\",\"potentialAction\":[{\"@type\":\"ReadAction\",\"target\":[\"https:\/\/tfk.fi\/wp1\/huovinen-vierailee-filkkareissa\/\"]}]},{\"@type\":\"ImageObject\",\"inLanguage\":\"fi\",\"@id\":\"https:\/\/tfk.fi\/wp1\/huovinen-vierailee-filkkareissa\/#primaryimage\",\"url\":\"http:\/\/tfk.fi\/wp1\/wp-content\/uploads\/2019\/08\/ElisaHuovinen-265x300.jpg\",\"contentUrl\":\"http:\/\/tfk.fi\/wp1\/wp-content\/uploads\/2019\/08\/ElisaHuovinen-265x300.jpg\"},{\"@type\":\"BreadcrumbList\",\"@id\":\"https:\/\/tfk.fi\/wp1\/huovinen-vierailee-filkkareissa\/#breadcrumb\",\"itemListElement\":[{\"@type\":\"ListItem\",\"position\":1,\"name\":\"Home\",\"item\":\"https:\/\/tfk.fi\/wp1\/\"},{\"@type\":\"ListItem\",\"position\":2,\"name\":\"Elisa Huovinen TFK:n vierailijaksi\"}]},{\"@type\":\"WebSite\",\"@id\":\"https:\/\/tfk.fi\/wp1\/#website\",\"url\":\"https:\/\/tfk.fi\/wp1\/\",\"name\":\"TAMPEREEN FILHARMONINEN KUORO\",\"description\":\"Tampere Philharmonic Choir\",\"publisher\":{\"@id\":\"https:\/\/tfk.fi\/wp1\/#organization\"},\"potentialAction\":[{\"@type\":\"SearchAction\",\"target\":{\"@type\":\"EntryPoint\",\"urlTemplate\":\"https:\/\/tfk.fi\/wp1\/?s={search_term_string}\"},\"query-input\":{\"@type\":\"PropertyValueSpecification\",\"valueRequired\":true,\"valueName\":\"search_term_string\"}}],\"inLanguage\":\"fi\"},{\"@type\":\"Organization\",\"@id\":\"https:\/\/tfk.fi\/wp1\/#organization\",\"name\":\"Tampereen Filharmoninen Kuoro\",\"url\":\"https:\/\/tfk.fi\/wp1\/\",\"logo\":{\"@type\":\"ImageObject\",\"inLanguage\":\"fi\",\"@id\":\"https:\/\/tfk.fi\/wp1\/#\/schema\/logo\/image\/\",\"url\":\"https:\/\/tfk.fi\/wp1\/wp-content\/uploads\/2018\/08\/TFK-logo_100x50.jpg\",\"contentUrl\":\"https:\/\/tfk.fi\/wp1\/wp-content\/uploads\/2018\/08\/TFK-logo_100x50.jpg\",\"width\":100,\"height\":53,\"caption\":\"Tampereen Filharmoninen Kuoro\"},\"image\":{\"@id\":\"https:\/\/tfk.fi\/wp1\/#\/schema\/logo\/image\/\"},\"sameAs\":[\"https:\/\/fi-fi.facebook.com\/TampereenFilharmoninenKuoro\/\",\"https:\/\/x.com\/tfk_tampere\",\"https:\/\/www.instagram.com\/tampereenfilharmoninenkuoro\/?hl=fi\",\"https:\/\/www.youtube.com\/channel\/UCHNsgug_VXv_-TiyOBP5_cg\/featured\",\"https:\/\/fi.wikipedia.org\/wiki\/Tampereen_Filharmoninen_Kuoro\"]},{\"@type\":\"Person\",\"@id\":\"https:\/\/tfk.fi\/wp1\/#\/schema\/person\/450050e359af6258fdfe3782f654cbc9\",\"name\":\"mattisalmenkangas\",\"image\":{\"@type\":\"ImageObject\",\"inLanguage\":\"fi\",\"@id\":\"https:\/\/tfk.fi\/wp1\/#\/schema\/person\/image\/\",\"url\":\"https:\/\/secure.gravatar.com\/avatar\/4e5df962cb625e5a45162236525aff2b9aa36416eadc7115421044673d338b1b?s=96&d=mm&r=g\",\"contentUrl\":\"https:\/\/secure.gravatar.com\/avatar\/4e5df962cb625e5a45162236525aff2b9aa36416eadc7115421044673d338b1b?s=96&d=mm&r=g\",\"caption\":\"mattisalmenkangas\"},\"url\":\"https:\/\/tfk.fi\/wp1\/author\/mattisalmenkangas\/\"}]}<\/script>\n<!-- \/ Yoast SEO plugin. -->","yoast_head_json":{"title":"Elisa Huovinen TFK:n vierailijaksi - TAMPEREEN FILHARMONINEN KUORO","robots":{"index":"index","follow":"follow","max-snippet":"max-snippet:-1","max-image-preview":"max-image-preview:large","max-video-preview":"max-video-preview:-1"},"canonical":"https:\/\/tfk.fi\/wp1\/huovinen-vierailee-filkkareissa\/","og_locale":"fi_FI","og_type":"article","og_title":"Elisa Huovinen TFK:n vierailijaksi - TAMPEREEN FILHARMONINEN KUORO","og_description":"Tampereen Filharmonista Kuoroa johtaa laulukaudella 2019-20 taiteellisen johtajan Jani Siv\u00e9nin lis\u00e4ksi Elisa Huovinen. H\u00e4n valmentaa ja on vierailevana johtajana joulukonsertissa 18.12. sek\u00e4 valmentaa p\u00e4\u00e4si\u00e4isen aikaan esitett\u00e4v\u00e4n Verdin Requiemin. Elisa Huovinen on t\u00e4ll\u00e4 hetkell\u00e4 kamarikuoro Addiction, Wiipurilaisen Osakunnan Laulajien, Turun yliopiston kuoron sek\u00e4 Suomen Nuorisokuoron taiteellisena johtajana. Vuonna 2018 h\u00e4n voitti Suomalaisen kuoronjohtajakilpailun Tampereella ja kansainv\u00e4lisen ...jatka lukemista \"Elisa Huovinen TFK:n vierailijaksi\"","og_url":"https:\/\/tfk.fi\/wp1\/huovinen-vierailee-filkkareissa\/","og_site_name":"TAMPEREEN FILHARMONINEN KUORO","article_publisher":"https:\/\/fi-fi.facebook.com\/TampereenFilharmoninenKuoro\/","article_published_time":"2019-08-29T16:00:23+00:00","article_modified_time":"2019-08-29T16:22:15+00:00","og_image":[{"url":"http:\/\/tfk.fi\/wp1\/wp-content\/uploads\/2019\/08\/ElisaHuovinen-265x300.jpg"}],"author":"mattisalmenkangas","twitter_card":"summary_large_image","twitter_creator":"@tfk_tampere","twitter_site":"@tfk_tampere","twitter_misc":{"Kirjoittanut":"mattisalmenkangas"},"schema":{"@context":"https:\/\/schema.org","@graph":[{"@type":"Article","@id":"https:\/\/tfk.fi\/wp1\/huovinen-vierailee-filkkareissa\/#article","isPartOf":{"@id":"https:\/\/tfk.fi\/wp1\/huovinen-vierailee-filkkareissa\/"},"author":{"name":"mattisalmenkangas","@id":"https:\/\/tfk.fi\/wp1\/#\/schema\/person\/450050e359af6258fdfe3782f654cbc9"},"headline":"Elisa Huovinen TFK:n vierailijaksi","datePublished":"2019-08-29T16:00:23+00:00","dateModified":"2019-08-29T16:22:15+00:00","mainEntityOfPage":{"@id":"https:\/\/tfk.fi\/wp1\/huovinen-vierailee-filkkareissa\/"},"wordCount":97,"publisher":{"@id":"https:\/\/tfk.fi\/wp1\/#organization"},"image":{"@id":"https:\/\/tfk.fi\/wp1\/huovinen-vierailee-filkkareissa\/#primaryimage"},"thumbnailUrl":"http:\/\/tfk.fi\/wp1\/wp-content\/uploads\/2019\/08\/ElisaHuovinen-265x300.jpg","articleSection":["Ajankohtaista"],"inLanguage":"fi"},{"@type":"WebPage","@id":"https:\/\/tfk.fi\/wp1\/huovinen-vierailee-filkkareissa\/","url":"https:\/\/tfk.fi\/wp1\/huovinen-vierailee-filkkareissa\/","name":"Elisa Huovinen TFK:n vierailijaksi - TAMPEREEN FILHARMONINEN KUORO","isPartOf":{"@id":"https:\/\/tfk.fi\/wp1\/#website"},"primaryImageOfPage":{"@id":"https:\/\/tfk.fi\/wp1\/huovinen-vierailee-filkkareissa\/#primaryimage"},"image":{"@id":"https:\/\/tfk.fi\/wp1\/huovinen-vierailee-filkkareissa\/#primaryimage"},"thumbnailUrl":"http:\/\/tfk.fi\/wp1\/wp-content\/uploads\/2019\/08\/ElisaHuovinen-265x300.jpg","datePublished":"2019-08-29T16:00:23+00:00","dateModified":"2019-08-29T16:22:15+00:00","breadcrumb":{"@id":"https:\/\/tfk.fi\/wp1\/huovinen-vierailee-filkkareissa\/#breadcrumb"},"inLanguage":"fi","potentialAction":[{"@type":"ReadAction","target":["https:\/\/tfk.fi\/wp1\/huovinen-vierailee-filkkareissa\/"]}]},{"@type":"ImageObject","inLanguage":"fi","@id":"https:\/\/tfk.fi\/wp1\/huovinen-vierailee-filkkareissa\/#primaryimage","url":"http:\/\/tfk.fi\/wp1\/wp-content\/uploads\/2019\/08\/ElisaHuovinen-265x300.jpg","contentUrl":"http:\/\/tfk.fi\/wp1\/wp-content\/uploads\/2019\/08\/ElisaHuovinen-265x300.jpg"},{"@type":"BreadcrumbList","@id":"https:\/\/tfk.fi\/wp1\/huovinen-vierailee-filkkareissa\/#breadcrumb","itemListElement":[{"@type":"ListItem","position":1,"name":"Home","item":"https:\/\/tfk.fi\/wp1\/"},{"@type":"ListItem","position":2,"name":"Elisa Huovinen TFK:n vierailijaksi"}]},{"@type":"WebSite","@id":"https:\/\/tfk.fi\/wp1\/#website","url":"https:\/\/tfk.fi\/wp1\/","name":"TAMPEREEN FILHARMONINEN KUORO","description":"Tampere Philharmonic Choir","publisher":{"@id":"https:\/\/tfk.fi\/wp1\/#organization"},"potentialAction":[{"@type":"SearchAction","target":{"@type":"EntryPoint","urlTemplate":"https:\/\/tfk.fi\/wp1\/?s={search_term_string}"},"query-input":{"@type":"PropertyValueSpecification","valueRequired":true,"valueName":"search_term_string"}}],"inLanguage":"fi"},{"@type":"Organization","@id":"https:\/\/tfk.fi\/wp1\/#organization","name":"Tampereen Filharmoninen Kuoro","url":"https:\/\/tfk.fi\/wp1\/","logo":{"@type":"ImageObject","inLanguage":"fi","@id":"https:\/\/tfk.fi\/wp1\/#\/schema\/logo\/image\/","url":"https:\/\/tfk.fi\/wp1\/wp-content\/uploads\/2018\/08\/TFK-logo_100x50.jpg","contentUrl":"https:\/\/tfk.fi\/wp1\/wp-content\/uploads\/2018\/08\/TFK-logo_100x50.jpg","width":100,"height":53,"caption":"Tampereen Filharmoninen Kuoro"},"image":{"@id":"https:\/\/tfk.fi\/wp1\/#\/schema\/logo\/image\/"},"sameAs":["https:\/\/fi-fi.facebook.com\/TampereenFilharmoninenKuoro\/","https:\/\/x.com\/tfk_tampere","https:\/\/www.instagram.com\/tampereenfilharmoninenkuoro\/?hl=fi","https:\/\/www.youtube.com\/channel\/UCHNsgug_VXv_-TiyOBP5_cg\/featured","https:\/\/fi.wikipedia.org\/wiki\/Tampereen_Filharmoninen_Kuoro"]},{"@type":"Person","@id":"https:\/\/tfk.fi\/wp1\/#\/schema\/person\/450050e359af6258fdfe3782f654cbc9","name":"mattisalmenkangas","image":{"@type":"ImageObject","inLanguage":"fi","@id":"https:\/\/tfk.fi\/wp1\/#\/schema\/person\/image\/","url":"https:\/\/secure.gravatar.com\/avatar\/4e5df962cb625e5a45162236525aff2b9aa36416eadc7115421044673d338b1b?s=96&d=mm&r=g","contentUrl":"https:\/\/secure.gravatar.com\/avatar\/4e5df962cb625e5a45162236525aff2b9aa36416eadc7115421044673d338b1b?s=96&d=mm&r=g","caption":"mattisalmenkangas"},"url":"https:\/\/tfk.fi\/wp1\/author\/mattisalmenkangas\/"}]}},"_links":{"self":[{"href":"https:\/\/tfk.fi\/wp1\/wp-json\/wp\/v2\/posts\/484","targetHints":{"allow":["GET"]}}],"collection":[{"href":"https:\/\/tfk.fi\/wp1\/wp-json\/wp\/v2\/posts"}],"about":[{"href":"https:\/\/tfk.fi\/wp1\/wp-json\/wp\/v2\/types\/post"}],"author":[{"embeddable":true,"href":"https:\/\/tfk.fi\/wp1\/wp-json\/wp\/v2\/users\/6"}],"replies":[{"embeddable":true,"href":"https:\/\/tfk.fi\/wp1\/wp-json\/wp\/v2\/comments?post=484"}],"version-history":[{"count":12,"href":"https:\/\/tfk.fi\/wp1\/wp-json\/wp\/v2\/posts\/484\/revisions"}],"predecessor-version":[{"id":497,"href":"https:\/\/tfk.fi\/wp1\/wp-json\/wp\/v2\/posts\/484\/revisions\/497"}],"wp:attachment":[{"href":"https:\/\/tfk.fi\/wp1\/wp-json\/wp\/v2\/media?parent=484"}],"wp:term":[{"taxonomy":"category","embeddable":true,"href":"https:\/\/tfk.fi\/wp1\/wp-json\/wp\/v2\/categories?post=484"},{"taxonomy":"post_tag","embeddable":true,"href":"https:\/\/tfk.fi\/wp1\/wp-json\/wp\/v2\/tags?post=484"}],"curies":[{"name":"wp","href":"https:\/\/api.w.org\/{rel}","templated":true}]}}