{"id":691,"date":"2020-09-03T00:19:17","date_gmt":"2020-09-02T21:19:17","guid":{"rendered":"http:\/\/tfk.fi\/wp1\/?p=691"},"modified":"2020-09-03T00:25:46","modified_gmt":"2020-09-02T21:25:46","slug":"koronavilkku-paalla-syksyn-laulukauteen","status":"publish","type":"post","link":"https:\/\/tfk.fi\/wp1\/koronavilkku-paalla-syksyn-laulukauteen\/","title":{"rendered":"Koronavilkku p\u00e4\u00e4ll\u00e4 syksyn laulukauteen"},"content":{"rendered":"\n<p>Tampereen Filharmoninen Kuoro aloitti syksyn koronavilkku p\u00e4\u00e4ll\u00e4.  Varotoimet hiljaisen kev\u00e4\u00e4n ja kes\u00e4n j\u00e4lkeen ovat tiukat, mutta \u00e4idillisen lempe\u00e4t. <\/p>\n\n\n\n<div class=\"wp-block-image\"><figure class=\"alignright size-large\"><img loading=\"lazy\" decoding=\"async\" width=\"259\" height=\"194\" src=\"https:\/\/tfk.fi\/wp1\/wp-content\/uploads\/2020\/09\/image.jpeg\" alt=\"Faktat Koronavilkku-sovelluksesta \u2013 n\u00e4ill\u00e4 laitteilla se toimii |  Kauppalehti\" class=\"wp-image-693\"\/><\/figure><\/div>\n\n\n\n<p>Osa riskirythmiin kuuluvia laulajia on ilmoittanut joka tapauksessa j\u00e4\u00e4v\u00e4ns\u00e4 kotiin, kunnes tartuntariski\u00e4 ei en\u00e4\u00e4 ole. Loput kuorosta on jaettu pienempiin harjoitusryhmiin, jotta harjoitustiloissa voidaan noudattaa turvasuosituksia. Harjoitusten seuraamiseen on j\u00e4rjestetty mahdollisuus et\u00e4yhteyden kautta. <br><a href=\"https:\/\/tfk.fi\/wp1\/laulamisen-turvallisuus\/\">Lue lis\u00e4\u00e4 >><\/a><\/p>\n\n\n\n<p>Syyskaudella kuoro harjoittelee tasavuosia juhlivaa <strong>Beethovenia<\/strong>, h\u00e4nen yhdeks\u00e4nnen sinfoniansa lauluosuutta. <\/p>\n","protected":false},"excerpt":{"rendered":"<p>Tampereen Filharmoninen Kuoro aloitti syksyn koronavilkku p\u00e4\u00e4ll\u00e4. Varotoimet hiljaisen kev\u00e4\u00e4n ja kes\u00e4n j\u00e4lkeen ovat tiukat, mutta \u00e4idillisen lempe\u00e4t. Osa riskirythmiin kuuluvia laulajia on ilmoittanut joka tapauksessa j\u00e4\u00e4v\u00e4ns\u00e4 kotiin, kunnes tartuntariski\u00e4 ei en\u00e4\u00e4 ole. Loput kuorosta on jaettu pienempiin harjoitusryhmiin, jotta harjoitustiloissa voidaan noudattaa turvasuosituksia. Harjoitusten seuraamiseen on j\u00e4rjestetty mahdollisuus et\u00e4yhteyden kautta. Lue lis\u00e4\u00e4 >> Syyskaudella <a href=\"https:\/\/tfk.fi\/wp1\/koronavilkku-paalla-syksyn-laulukauteen\/\" class=\"more-link\">...jatka lukemista<span class=\"screen-reader-text\"> \"Koronavilkku p\u00e4\u00e4ll\u00e4 syksyn laulukauteen\"<\/span><\/a><\/p>\n","protected":false},"author":1,"featured_media":0,"comment_status":"closed","ping_status":"closed","sticky":false,"template":"","format":"standard","meta":{"footnotes":""},"categories":[5],"tags":[],"class_list":{"0":"post-691","1":"post","2":"type-post","3":"status-publish","4":"format-standard","6":"category-ajankohtaista","7":"h-entry","8":"hentry","9":"h-as-article"},"yoast_head":"<!-- This site is optimized with the Yoast SEO plugin v23.4 - https:\/\/yoast.com\/wordpress\/plugins\/seo\/ -->\n<title>Koronavilkku p\u00e4\u00e4ll\u00e4 syksyn laulukauteen - TAMPEREEN FILHARMONINEN KUORO<\/title>\n<meta name=\"robots\" content=\"index, follow, max-snippet:-1, max-image-preview:large, max-video-preview:-1\" \/>\n<link rel=\"canonical\" href=\"https:\/\/tfk.fi\/wp1\/koronavilkku-paalla-syksyn-laulukauteen\/\" \/>\n<meta property=\"og:locale\" content=\"fi_FI\" \/>\n<meta property=\"og:type\" content=\"article\" \/>\n<meta property=\"og:title\" content=\"Koronavilkku p\u00e4\u00e4ll\u00e4 syksyn laulukauteen - TAMPEREEN FILHARMONINEN KUORO\" \/>\n<meta property=\"og:description\" content=\"Tampereen Filharmoninen Kuoro aloitti syksyn koronavilkku p\u00e4\u00e4ll\u00e4. Varotoimet hiljaisen kev\u00e4\u00e4n ja kes\u00e4n j\u00e4lkeen ovat tiukat, mutta \u00e4idillisen lempe\u00e4t. Osa riskirythmiin kuuluvia laulajia on ilmoittanut joka tapauksessa j\u00e4\u00e4v\u00e4ns\u00e4 kotiin, kunnes tartuntariski\u00e4 ei en\u00e4\u00e4 ole. Loput kuorosta on jaettu pienempiin harjoitusryhmiin, jotta harjoitustiloissa voidaan noudattaa turvasuosituksia. Harjoitusten seuraamiseen on j\u00e4rjestetty mahdollisuus et\u00e4yhteyden kautta. Lue lis\u00e4\u00e4 &gt;&gt; Syyskaudella ...jatka lukemista &quot;Koronavilkku p\u00e4\u00e4ll\u00e4 syksyn laulukauteen&quot;\" \/>\n<meta property=\"og:url\" content=\"https:\/\/tfk.fi\/wp1\/koronavilkku-paalla-syksyn-laulukauteen\/\" \/>\n<meta property=\"og:site_name\" content=\"TAMPEREEN FILHARMONINEN KUORO\" \/>\n<meta property=\"article:publisher\" content=\"https:\/\/fi-fi.facebook.com\/TampereenFilharmoninenKuoro\/\" \/>\n<meta property=\"article:published_time\" content=\"2020-09-02T21:19:17+00:00\" \/>\n<meta property=\"article:modified_time\" content=\"2020-09-02T21:25:46+00:00\" \/>\n<meta property=\"og:image\" content=\"https:\/\/tfk.fi\/wp1\/wp-content\/uploads\/2020\/09\/image.jpeg\" \/>\n<meta name=\"author\" content=\"by admin\" \/>\n<meta name=\"twitter:card\" content=\"summary_large_image\" \/>\n<meta name=\"twitter:creator\" content=\"@tfk_tampere\" \/>\n<meta name=\"twitter:site\" content=\"@tfk_tampere\" \/>\n<meta name=\"twitter:label1\" content=\"Kirjoittanut\" \/>\n\t<meta name=\"twitter:data1\" content=\"by admin\" \/>\n<script type=\"application\/ld+json\" class=\"yoast-schema-graph\">{\"@context\":\"https:\/\/schema.org\",\"@graph\":[{\"@type\":\"Article\",\"@id\":\"https:\/\/tfk.fi\/wp1\/koronavilkku-paalla-syksyn-laulukauteen\/#article\",\"isPartOf\":{\"@id\":\"https:\/\/tfk.fi\/wp1\/koronavilkku-paalla-syksyn-laulukauteen\/\"},\"author\":{\"name\":\"by admin\",\"@id\":\"https:\/\/tfk.fi\/wp1\/#\/schema\/person\/62082e74fe9513a38b7374d5d9ce95c2\"},\"headline\":\"Koronavilkku p\u00e4\u00e4ll\u00e4 syksyn laulukauteen\",\"datePublished\":\"2020-09-02T21:19:17+00:00\",\"dateModified\":\"2020-09-02T21:25:46+00:00\",\"mainEntityOfPage\":{\"@id\":\"https:\/\/tfk.fi\/wp1\/koronavilkku-paalla-syksyn-laulukauteen\/\"},\"wordCount\":79,\"publisher\":{\"@id\":\"https:\/\/tfk.fi\/wp1\/#organization\"},\"image\":{\"@id\":\"https:\/\/tfk.fi\/wp1\/koronavilkku-paalla-syksyn-laulukauteen\/#primaryimage\"},\"thumbnailUrl\":\"https:\/\/tfk.fi\/wp1\/wp-content\/uploads\/2020\/09\/image.jpeg\",\"articleSection\":[\"Ajankohtaista\"],\"inLanguage\":\"fi\"},{\"@type\":\"WebPage\",\"@id\":\"https:\/\/tfk.fi\/wp1\/koronavilkku-paalla-syksyn-laulukauteen\/\",\"url\":\"https:\/\/tfk.fi\/wp1\/koronavilkku-paalla-syksyn-laulukauteen\/\",\"name\":\"Koronavilkku p\u00e4\u00e4ll\u00e4 syksyn laulukauteen - TAMPEREEN FILHARMONINEN KUORO\",\"isPartOf\":{\"@id\":\"https:\/\/tfk.fi\/wp1\/#website\"},\"primaryImageOfPage\":{\"@id\":\"https:\/\/tfk.fi\/wp1\/koronavilkku-paalla-syksyn-laulukauteen\/#primaryimage\"},\"image\":{\"@id\":\"https:\/\/tfk.fi\/wp1\/koronavilkku-paalla-syksyn-laulukauteen\/#primaryimage\"},\"thumbnailUrl\":\"https:\/\/tfk.fi\/wp1\/wp-content\/uploads\/2020\/09\/image.jpeg\",\"datePublished\":\"2020-09-02T21:19:17+00:00\",\"dateModified\":\"2020-09-02T21:25:46+00:00\",\"breadcrumb\":{\"@id\":\"https:\/\/tfk.fi\/wp1\/koronavilkku-paalla-syksyn-laulukauteen\/#breadcrumb\"},\"inLanguage\":\"fi\",\"potentialAction\":[{\"@type\":\"ReadAction\",\"target\":[\"https:\/\/tfk.fi\/wp1\/koronavilkku-paalla-syksyn-laulukauteen\/\"]}]},{\"@type\":\"ImageObject\",\"inLanguage\":\"fi\",\"@id\":\"https:\/\/tfk.fi\/wp1\/koronavilkku-paalla-syksyn-laulukauteen\/#primaryimage\",\"url\":\"https:\/\/tfk.fi\/wp1\/wp-content\/uploads\/2020\/09\/image.jpeg\",\"contentUrl\":\"https:\/\/tfk.fi\/wp1\/wp-content\/uploads\/2020\/09\/image.jpeg\"},{\"@type\":\"BreadcrumbList\",\"@id\":\"https:\/\/tfk.fi\/wp1\/koronavilkku-paalla-syksyn-laulukauteen\/#breadcrumb\",\"itemListElement\":[{\"@type\":\"ListItem\",\"position\":1,\"name\":\"Home\",\"item\":\"https:\/\/tfk.fi\/wp1\/\"},{\"@type\":\"ListItem\",\"position\":2,\"name\":\"Koronavilkku p\u00e4\u00e4ll\u00e4 syksyn laulukauteen\"}]},{\"@type\":\"WebSite\",\"@id\":\"https:\/\/tfk.fi\/wp1\/#website\",\"url\":\"https:\/\/tfk.fi\/wp1\/\",\"name\":\"TAMPEREEN FILHARMONINEN KUORO\",\"description\":\"Tampere Philharmonic Choir\",\"publisher\":{\"@id\":\"https:\/\/tfk.fi\/wp1\/#organization\"},\"potentialAction\":[{\"@type\":\"SearchAction\",\"target\":{\"@type\":\"EntryPoint\",\"urlTemplate\":\"https:\/\/tfk.fi\/wp1\/?s={search_term_string}\"},\"query-input\":{\"@type\":\"PropertyValueSpecification\",\"valueRequired\":true,\"valueName\":\"search_term_string\"}}],\"inLanguage\":\"fi\"},{\"@type\":\"Organization\",\"@id\":\"https:\/\/tfk.fi\/wp1\/#organization\",\"name\":\"Tampereen Filharmoninen Kuoro\",\"url\":\"https:\/\/tfk.fi\/wp1\/\",\"logo\":{\"@type\":\"ImageObject\",\"inLanguage\":\"fi\",\"@id\":\"https:\/\/tfk.fi\/wp1\/#\/schema\/logo\/image\/\",\"url\":\"https:\/\/tfk.fi\/wp1\/wp-content\/uploads\/2018\/08\/TFK-logo_100x50.jpg\",\"contentUrl\":\"https:\/\/tfk.fi\/wp1\/wp-content\/uploads\/2018\/08\/TFK-logo_100x50.jpg\",\"width\":100,\"height\":53,\"caption\":\"Tampereen Filharmoninen Kuoro\"},\"image\":{\"@id\":\"https:\/\/tfk.fi\/wp1\/#\/schema\/logo\/image\/\"},\"sameAs\":[\"https:\/\/fi-fi.facebook.com\/TampereenFilharmoninenKuoro\/\",\"https:\/\/x.com\/tfk_tampere\",\"https:\/\/www.instagram.com\/tampereenfilharmoninenkuoro\/?hl=fi\",\"https:\/\/www.youtube.com\/channel\/UCHNsgug_VXv_-TiyOBP5_cg\/featured\",\"https:\/\/fi.wikipedia.org\/wiki\/Tampereen_Filharmoninen_Kuoro\"]},{\"@type\":\"Person\",\"@id\":\"https:\/\/tfk.fi\/wp1\/#\/schema\/person\/62082e74fe9513a38b7374d5d9ce95c2\",\"name\":\"by admin\",\"image\":{\"@type\":\"ImageObject\",\"inLanguage\":\"fi\",\"@id\":\"https:\/\/tfk.fi\/wp1\/#\/schema\/person\/image\/\",\"url\":\"https:\/\/secure.gravatar.com\/avatar\/255b2f2603a7bd1c61703ab5cf309e5426051a054a79f7d27a6296e4276329c9?s=96&d=mm&r=g\",\"contentUrl\":\"https:\/\/secure.gravatar.com\/avatar\/255b2f2603a7bd1c61703ab5cf309e5426051a054a79f7d27a6296e4276329c9?s=96&d=mm&r=g\",\"caption\":\"by admin\"},\"url\":\"https:\/\/tfk.fi\/wp1\/author\/admin\/\"}]}<\/script>\n<!-- \/ Yoast SEO plugin. -->","yoast_head_json":{"title":"Koronavilkku p\u00e4\u00e4ll\u00e4 syksyn laulukauteen - TAMPEREEN FILHARMONINEN KUORO","robots":{"index":"index","follow":"follow","max-snippet":"max-snippet:-1","max-image-preview":"max-image-preview:large","max-video-preview":"max-video-preview:-1"},"canonical":"https:\/\/tfk.fi\/wp1\/koronavilkku-paalla-syksyn-laulukauteen\/","og_locale":"fi_FI","og_type":"article","og_title":"Koronavilkku p\u00e4\u00e4ll\u00e4 syksyn laulukauteen - TAMPEREEN FILHARMONINEN KUORO","og_description":"Tampereen Filharmoninen Kuoro aloitti syksyn koronavilkku p\u00e4\u00e4ll\u00e4. Varotoimet hiljaisen kev\u00e4\u00e4n ja kes\u00e4n j\u00e4lkeen ovat tiukat, mutta \u00e4idillisen lempe\u00e4t. Osa riskirythmiin kuuluvia laulajia on ilmoittanut joka tapauksessa j\u00e4\u00e4v\u00e4ns\u00e4 kotiin, kunnes tartuntariski\u00e4 ei en\u00e4\u00e4 ole. Loput kuorosta on jaettu pienempiin harjoitusryhmiin, jotta harjoitustiloissa voidaan noudattaa turvasuosituksia. Harjoitusten seuraamiseen on j\u00e4rjestetty mahdollisuus et\u00e4yhteyden kautta. Lue lis\u00e4\u00e4 >> Syyskaudella ...jatka lukemista \"Koronavilkku p\u00e4\u00e4ll\u00e4 syksyn laulukauteen\"","og_url":"https:\/\/tfk.fi\/wp1\/koronavilkku-paalla-syksyn-laulukauteen\/","og_site_name":"TAMPEREEN FILHARMONINEN KUORO","article_publisher":"https:\/\/fi-fi.facebook.com\/TampereenFilharmoninenKuoro\/","article_published_time":"2020-09-02T21:19:17+00:00","article_modified_time":"2020-09-02T21:25:46+00:00","og_image":[{"url":"https:\/\/tfk.fi\/wp1\/wp-content\/uploads\/2020\/09\/image.jpeg"}],"author":"by admin","twitter_card":"summary_large_image","twitter_creator":"@tfk_tampere","twitter_site":"@tfk_tampere","twitter_misc":{"Kirjoittanut":"by admin"},"schema":{"@context":"https:\/\/schema.org","@graph":[{"@type":"Article","@id":"https:\/\/tfk.fi\/wp1\/koronavilkku-paalla-syksyn-laulukauteen\/#article","isPartOf":{"@id":"https:\/\/tfk.fi\/wp1\/koronavilkku-paalla-syksyn-laulukauteen\/"},"author":{"name":"by admin","@id":"https:\/\/tfk.fi\/wp1\/#\/schema\/person\/62082e74fe9513a38b7374d5d9ce95c2"},"headline":"Koronavilkku p\u00e4\u00e4ll\u00e4 syksyn laulukauteen","datePublished":"2020-09-02T21:19:17+00:00","dateModified":"2020-09-02T21:25:46+00:00","mainEntityOfPage":{"@id":"https:\/\/tfk.fi\/wp1\/koronavilkku-paalla-syksyn-laulukauteen\/"},"wordCount":79,"publisher":{"@id":"https:\/\/tfk.fi\/wp1\/#organization"},"image":{"@id":"https:\/\/tfk.fi\/wp1\/koronavilkku-paalla-syksyn-laulukauteen\/#primaryimage"},"thumbnailUrl":"https:\/\/tfk.fi\/wp1\/wp-content\/uploads\/2020\/09\/image.jpeg","articleSection":["Ajankohtaista"],"inLanguage":"fi"},{"@type":"WebPage","@id":"https:\/\/tfk.fi\/wp1\/koronavilkku-paalla-syksyn-laulukauteen\/","url":"https:\/\/tfk.fi\/wp1\/koronavilkku-paalla-syksyn-laulukauteen\/","name":"Koronavilkku p\u00e4\u00e4ll\u00e4 syksyn laulukauteen - TAMPEREEN FILHARMONINEN KUORO","isPartOf":{"@id":"https:\/\/tfk.fi\/wp1\/#website"},"primaryImageOfPage":{"@id":"https:\/\/tfk.fi\/wp1\/koronavilkku-paalla-syksyn-laulukauteen\/#primaryimage"},"image":{"@id":"https:\/\/tfk.fi\/wp1\/koronavilkku-paalla-syksyn-laulukauteen\/#primaryimage"},"thumbnailUrl":"https:\/\/tfk.fi\/wp1\/wp-content\/uploads\/2020\/09\/image.jpeg","datePublished":"2020-09-02T21:19:17+00:00","dateModified":"2020-09-02T21:25:46+00:00","breadcrumb":{"@id":"https:\/\/tfk.fi\/wp1\/koronavilkku-paalla-syksyn-laulukauteen\/#breadcrumb"},"inLanguage":"fi","potentialAction":[{"@type":"ReadAction","target":["https:\/\/tfk.fi\/wp1\/koronavilkku-paalla-syksyn-laulukauteen\/"]}]},{"@type":"ImageObject","inLanguage":"fi","@id":"https:\/\/tfk.fi\/wp1\/koronavilkku-paalla-syksyn-laulukauteen\/#primaryimage","url":"https:\/\/tfk.fi\/wp1\/wp-content\/uploads\/2020\/09\/image.jpeg","contentUrl":"https:\/\/tfk.fi\/wp1\/wp-content\/uploads\/2020\/09\/image.jpeg"},{"@type":"BreadcrumbList","@id":"https:\/\/tfk.fi\/wp1\/koronavilkku-paalla-syksyn-laulukauteen\/#breadcrumb","itemListElement":[{"@type":"ListItem","position":1,"name":"Home","item":"https:\/\/tfk.fi\/wp1\/"},{"@type":"ListItem","position":2,"name":"Koronavilkku p\u00e4\u00e4ll\u00e4 syksyn laulukauteen"}]},{"@type":"WebSite","@id":"https:\/\/tfk.fi\/wp1\/#website","url":"https:\/\/tfk.fi\/wp1\/","name":"TAMPEREEN FILHARMONINEN KUORO","description":"Tampere Philharmonic Choir","publisher":{"@id":"https:\/\/tfk.fi\/wp1\/#organization"},"potentialAction":[{"@type":"SearchAction","target":{"@type":"EntryPoint","urlTemplate":"https:\/\/tfk.fi\/wp1\/?s={search_term_string}"},"query-input":{"@type":"PropertyValueSpecification","valueRequired":true,"valueName":"search_term_string"}}],"inLanguage":"fi"},{"@type":"Organization","@id":"https:\/\/tfk.fi\/wp1\/#organization","name":"Tampereen Filharmoninen Kuoro","url":"https:\/\/tfk.fi\/wp1\/","logo":{"@type":"ImageObject","inLanguage":"fi","@id":"https:\/\/tfk.fi\/wp1\/#\/schema\/logo\/image\/","url":"https:\/\/tfk.fi\/wp1\/wp-content\/uploads\/2018\/08\/TFK-logo_100x50.jpg","contentUrl":"https:\/\/tfk.fi\/wp1\/wp-content\/uploads\/2018\/08\/TFK-logo_100x50.jpg","width":100,"height":53,"caption":"Tampereen Filharmoninen Kuoro"},"image":{"@id":"https:\/\/tfk.fi\/wp1\/#\/schema\/logo\/image\/"},"sameAs":["https:\/\/fi-fi.facebook.com\/TampereenFilharmoninenKuoro\/","https:\/\/x.com\/tfk_tampere","https:\/\/www.instagram.com\/tampereenfilharmoninenkuoro\/?hl=fi","https:\/\/www.youtube.com\/channel\/UCHNsgug_VXv_-TiyOBP5_cg\/featured","https:\/\/fi.wikipedia.org\/wiki\/Tampereen_Filharmoninen_Kuoro"]},{"@type":"Person","@id":"https:\/\/tfk.fi\/wp1\/#\/schema\/person\/62082e74fe9513a38b7374d5d9ce95c2","name":"by admin","image":{"@type":"ImageObject","inLanguage":"fi","@id":"https:\/\/tfk.fi\/wp1\/#\/schema\/person\/image\/","url":"https:\/\/secure.gravatar.com\/avatar\/255b2f2603a7bd1c61703ab5cf309e5426051a054a79f7d27a6296e4276329c9?s=96&d=mm&r=g","contentUrl":"https:\/\/secure.gravatar.com\/avatar\/255b2f2603a7bd1c61703ab5cf309e5426051a054a79f7d27a6296e4276329c9?s=96&d=mm&r=g","caption":"by admin"},"url":"https:\/\/tfk.fi\/wp1\/author\/admin\/"}]}},"_links":{"self":[{"href":"https:\/\/tfk.fi\/wp1\/wp-json\/wp\/v2\/posts\/691","targetHints":{"allow":["GET"]}}],"collection":[{"href":"https:\/\/tfk.fi\/wp1\/wp-json\/wp\/v2\/posts"}],"about":[{"href":"https:\/\/tfk.fi\/wp1\/wp-json\/wp\/v2\/types\/post"}],"author":[{"embeddable":true,"href":"https:\/\/tfk.fi\/wp1\/wp-json\/wp\/v2\/users\/1"}],"replies":[{"embeddable":true,"href":"https:\/\/tfk.fi\/wp1\/wp-json\/wp\/v2\/comments?post=691"}],"version-history":[{"count":4,"href":"https:\/\/tfk.fi\/wp1\/wp-json\/wp\/v2\/posts\/691\/revisions"}],"predecessor-version":[{"id":696,"href":"https:\/\/tfk.fi\/wp1\/wp-json\/wp\/v2\/posts\/691\/revisions\/696"}],"wp:attachment":[{"href":"https:\/\/tfk.fi\/wp1\/wp-json\/wp\/v2\/media?parent=691"}],"wp:term":[{"taxonomy":"category","embeddable":true,"href":"https:\/\/tfk.fi\/wp1\/wp-json\/wp\/v2\/categories?post=691"},{"taxonomy":"post_tag","embeddable":true,"href":"https:\/\/tfk.fi\/wp1\/wp-json\/wp\/v2\/tags?post=691"}],"curies":[{"name":"wp","href":"https:\/\/api.w.org\/{rel}","templated":true}]}}