{"id":697,"date":"2020-09-03T11:15:18","date_gmt":"2020-09-03T08:15:18","guid":{"rendered":"http:\/\/tfk.fi\/wp1\/?p=697"},"modified":"2020-09-03T12:51:09","modified_gmt":"2020-09-03T09:51:09","slug":"tfklle-uusi-johtajakaksikko","status":"publish","type":"post","link":"https:\/\/tfk.fi\/wp1\/tfklle-uusi-johtajakaksikko\/","title":{"rendered":"TFK:lle uusi johtajakaksikko"},"content":{"rendered":"\n<div class=\"wp-block-image\"><figure class=\"alignleft size-large\"><img loading=\"lazy\" decoding=\"async\" width=\"1024\" height=\"536\" src=\"https:\/\/tfk.fi\/wp1\/wp-content\/uploads\/2020\/09\/Ruut_Kiiski_Jouni_Rissanen_1200x628-1024x536.jpg\" alt=\"\" class=\"wp-image-698\" srcset=\"https:\/\/tfk.fi\/wp1\/wp-content\/uploads\/2020\/09\/Ruut_Kiiski_Jouni_Rissanen_1200x628-1024x536.jpg 1024w, https:\/\/tfk.fi\/wp1\/wp-content\/uploads\/2020\/09\/Ruut_Kiiski_Jouni_Rissanen_1200x628-300x157.jpg 300w, https:\/\/tfk.fi\/wp1\/wp-content\/uploads\/2020\/09\/Ruut_Kiiski_Jouni_Rissanen_1200x628-768x402.jpg 768w, https:\/\/tfk.fi\/wp1\/wp-content\/uploads\/2020\/09\/Ruut_Kiiski_Jouni_Rissanen_1200x628-960x503.jpg 960w, https:\/\/tfk.fi\/wp1\/wp-content\/uploads\/2020\/09\/Ruut_Kiiski_Jouni_Rissanen_1200x628.jpg 1199w\" sizes=\"auto, (max-width: 1024px) 100vw, 1024px\" \/><figcaption><em>Ruut Kiiski ja Jouni Rissanen luotsaavat yhteistuumin Tampereen Filharmonista Kuoroa seuraavan viisivuotiskauden.<\/em><\/figcaption><\/figure><\/div>\n\n\n\n<p>Tampereen Filharmonisen Kuoron uudeksi taiteelliseksi johtajaksi on valittu kapellimestari ja kuoronjohtaja <strong>Ruut Kiiski<\/strong> Helsingist\u00e4 ja kuoromestariksi kuoronjohtaja <strong>Jouni Rissanen<\/strong> Kangasalta. Uusi johtajakaksikko tuo taiteelliseen johtoon huippuosaamista ja tekemisen meininki\u00e4. Kaksikko aloitti teht\u00e4v\u00e4ss\u00e4\u00e4n heti syyskuun alusta.<\/p>\n\n\n\n<p>\u2013 Tavoitteenamme on l\u00f6yt\u00e4\u00e4 laulamisesta uusia v\u00e4rej\u00e4 mm. eri kuoromuotoja k\u00e4ytt\u00e4m\u00e4ll\u00e4 sek\u00e4 tuoda erilaisia toiminnan tapoja musiikkiyhteis\u00f6\u00f6n. Haluamme kuoron olevan tulevaisuudessakin iskuvoimainen, energinen ja kaunissointinen suurkuoro, joka vakuuttaa osaamisellaan vaativammassakin ohjelmistossa ammattiorkesterin rinnalla, Kiiski ja Rissanen linjaavat.<\/p>\n\n\n\n<p>TFK on tunnettu ydinosaamisestaan suurten kuoroteosten parissa. Kuoron t\u00e4rkein yhteisty\u00f6kumppani on Tampere Filharmonia. Lis\u00e4ksi kuorolla on omia a cappella -konsertteja. Yhteisty\u00f6ss\u00e4 Tampere Filharmonian kanssa TFK esitt\u00e4\u00e4 joulukuussa <strong>Ludwig van Beethovenin<\/strong> <em>9. sinfonian<\/em> <strong>Santtu-Matias Rouvalin<\/strong> johtamana ja p\u00e4\u00e4si\u00e4isen\u00e4 2021 <strong>Johann Sebastian Bachin<\/strong> <em>Matteus-passion<\/em>, jonka johtaa Suomen vanhan musiikin k\u00e4rkinimiin kuuluva kapellimestari ja cembalisti <strong>Aapo H\u00e4kkinen<\/strong>. Kuoro panostaa my\u00f6s a cappella -ohjelmistoon ja pienryhm\u00e4toimintaan, jonka avulla korona-aikana on mahdollista tuoda kuoromusiikin ilo l\u00e4helle kuulijoita turvallisesti.<br><\/p>\n","protected":false},"excerpt":{"rendered":"<p>Tampereen Filharmonisen Kuoron uudeksi taiteelliseksi johtajaksi on valittu kapellimestari ja kuoronjohtaja Ruut Kiiski Helsingist\u00e4 ja kuoromestariksi kuoronjohtaja Jouni Rissanen Kangasalta. Uusi johtajakaksikko tuo taiteelliseen johtoon huippuosaamista ja tekemisen meininki\u00e4. Kaksikko aloitti teht\u00e4v\u00e4ss\u00e4\u00e4n heti syyskuun alusta. \u2013 Tavoitteenamme on l\u00f6yt\u00e4\u00e4 laulamisesta uusia v\u00e4rej\u00e4 mm. eri kuoromuotoja k\u00e4ytt\u00e4m\u00e4ll\u00e4 sek\u00e4 tuoda erilaisia toiminnan tapoja musiikkiyhteis\u00f6\u00f6n. Haluamme kuoron olevan <a href=\"https:\/\/tfk.fi\/wp1\/tfklle-uusi-johtajakaksikko\/\" class=\"more-link\">...jatka lukemista<span class=\"screen-reader-text\"> \"TFK:lle uusi johtajakaksikko\"<\/span><\/a><\/p>\n","protected":false},"author":1,"featured_media":0,"comment_status":"closed","ping_status":"closed","sticky":false,"template":"","format":"standard","meta":{"footnotes":""},"categories":[5],"tags":[27,8,9,28,26,11,10],"class_list":{"0":"post-697","1":"post","2":"type-post","3":"status-publish","4":"format-standard","6":"category-ajankohtaista","7":"tag-jouni-rissanen","8":"tag-kuoro","9":"tag-kuorolaulu","10":"tag-kuoromusiikki","11":"tag-ruut-kiiski","12":"tag-tampere-filharmonia","13":"tag-tampereen-filharmoninen-kuoro","14":"h-entry","15":"hentry","16":"h-as-article"},"yoast_head":"<!-- This site is optimized with the Yoast SEO plugin v23.4 - https:\/\/yoast.com\/wordpress\/plugins\/seo\/ -->\n<title>TFK:lle uusi johtajakaksikko - TAMPEREEN FILHARMONINEN KUORO<\/title>\n<meta name=\"robots\" content=\"index, follow, max-snippet:-1, max-image-preview:large, max-video-preview:-1\" \/>\n<link rel=\"canonical\" href=\"https:\/\/tfk.fi\/wp1\/tfklle-uusi-johtajakaksikko\/\" \/>\n<meta property=\"og:locale\" content=\"fi_FI\" \/>\n<meta property=\"og:type\" content=\"article\" \/>\n<meta property=\"og:title\" content=\"TFK:lle uusi johtajakaksikko - TAMPEREEN FILHARMONINEN KUORO\" \/>\n<meta property=\"og:description\" content=\"Tampereen Filharmonisen Kuoron uudeksi taiteelliseksi johtajaksi on valittu kapellimestari ja kuoronjohtaja Ruut Kiiski Helsingist\u00e4 ja kuoromestariksi kuoronjohtaja Jouni Rissanen Kangasalta. Uusi johtajakaksikko tuo taiteelliseen johtoon huippuosaamista ja tekemisen meininki\u00e4. Kaksikko aloitti teht\u00e4v\u00e4ss\u00e4\u00e4n heti syyskuun alusta. \u2013 Tavoitteenamme on l\u00f6yt\u00e4\u00e4 laulamisesta uusia v\u00e4rej\u00e4 mm. eri kuoromuotoja k\u00e4ytt\u00e4m\u00e4ll\u00e4 sek\u00e4 tuoda erilaisia toiminnan tapoja musiikkiyhteis\u00f6\u00f6n. Haluamme kuoron olevan ...jatka lukemista &quot;TFK:lle uusi johtajakaksikko&quot;\" \/>\n<meta property=\"og:url\" content=\"https:\/\/tfk.fi\/wp1\/tfklle-uusi-johtajakaksikko\/\" \/>\n<meta property=\"og:site_name\" content=\"TAMPEREEN FILHARMONINEN KUORO\" \/>\n<meta property=\"article:publisher\" content=\"https:\/\/fi-fi.facebook.com\/TampereenFilharmoninenKuoro\/\" \/>\n<meta property=\"article:published_time\" content=\"2020-09-03T08:15:18+00:00\" \/>\n<meta property=\"article:modified_time\" content=\"2020-09-03T09:51:09+00:00\" \/>\n<meta property=\"og:image\" content=\"https:\/\/tfk.fi\/wp1\/wp-content\/uploads\/2020\/09\/Ruut_Kiiski_Jouni_Rissanen_1200x628-1024x536.jpg\" \/>\n<meta name=\"author\" content=\"by admin\" \/>\n<meta name=\"twitter:card\" content=\"summary_large_image\" \/>\n<meta name=\"twitter:creator\" content=\"@tfk_tampere\" \/>\n<meta name=\"twitter:site\" content=\"@tfk_tampere\" \/>\n<meta name=\"twitter:label1\" content=\"Kirjoittanut\" \/>\n\t<meta name=\"twitter:data1\" content=\"by admin\" \/>\n\t<meta name=\"twitter:label2\" content=\"Arvioitu lukuaika\" \/>\n\t<meta name=\"twitter:data2\" content=\"1 minuutti\" \/>\n<script type=\"application\/ld+json\" class=\"yoast-schema-graph\">{\"@context\":\"https:\/\/schema.org\",\"@graph\":[{\"@type\":\"Article\",\"@id\":\"https:\/\/tfk.fi\/wp1\/tfklle-uusi-johtajakaksikko\/#article\",\"isPartOf\":{\"@id\":\"https:\/\/tfk.fi\/wp1\/tfklle-uusi-johtajakaksikko\/\"},\"author\":{\"name\":\"by admin\",\"@id\":\"https:\/\/tfk.fi\/wp1\/#\/schema\/person\/62082e74fe9513a38b7374d5d9ce95c2\"},\"headline\":\"TFK:lle uusi johtajakaksikko\",\"datePublished\":\"2020-09-03T08:15:18+00:00\",\"dateModified\":\"2020-09-03T09:51:09+00:00\",\"mainEntityOfPage\":{\"@id\":\"https:\/\/tfk.fi\/wp1\/tfklle-uusi-johtajakaksikko\/\"},\"wordCount\":178,\"publisher\":{\"@id\":\"https:\/\/tfk.fi\/wp1\/#organization\"},\"image\":{\"@id\":\"https:\/\/tfk.fi\/wp1\/tfklle-uusi-johtajakaksikko\/#primaryimage\"},\"thumbnailUrl\":\"https:\/\/tfk.fi\/wp1\/wp-content\/uploads\/2020\/09\/Ruut_Kiiski_Jouni_Rissanen_1200x628-1024x536.jpg\",\"keywords\":[\"Jouni Rissanen\",\"kuoro\",\"kuorolaulu\",\"Kuoromusiikki\",\"Ruut Kiiski\",\"Tampere Filharmonia\",\"Tampereen Filharmoninen Kuoro\"],\"articleSection\":[\"Ajankohtaista\"],\"inLanguage\":\"fi\"},{\"@type\":\"WebPage\",\"@id\":\"https:\/\/tfk.fi\/wp1\/tfklle-uusi-johtajakaksikko\/\",\"url\":\"https:\/\/tfk.fi\/wp1\/tfklle-uusi-johtajakaksikko\/\",\"name\":\"TFK:lle uusi johtajakaksikko - TAMPEREEN FILHARMONINEN KUORO\",\"isPartOf\":{\"@id\":\"https:\/\/tfk.fi\/wp1\/#website\"},\"primaryImageOfPage\":{\"@id\":\"https:\/\/tfk.fi\/wp1\/tfklle-uusi-johtajakaksikko\/#primaryimage\"},\"image\":{\"@id\":\"https:\/\/tfk.fi\/wp1\/tfklle-uusi-johtajakaksikko\/#primaryimage\"},\"thumbnailUrl\":\"https:\/\/tfk.fi\/wp1\/wp-content\/uploads\/2020\/09\/Ruut_Kiiski_Jouni_Rissanen_1200x628-1024x536.jpg\",\"datePublished\":\"2020-09-03T08:15:18+00:00\",\"dateModified\":\"2020-09-03T09:51:09+00:00\",\"breadcrumb\":{\"@id\":\"https:\/\/tfk.fi\/wp1\/tfklle-uusi-johtajakaksikko\/#breadcrumb\"},\"inLanguage\":\"fi\",\"potentialAction\":[{\"@type\":\"ReadAction\",\"target\":[\"https:\/\/tfk.fi\/wp1\/tfklle-uusi-johtajakaksikko\/\"]}]},{\"@type\":\"ImageObject\",\"inLanguage\":\"fi\",\"@id\":\"https:\/\/tfk.fi\/wp1\/tfklle-uusi-johtajakaksikko\/#primaryimage\",\"url\":\"https:\/\/tfk.fi\/wp1\/wp-content\/uploads\/2020\/09\/Ruut_Kiiski_Jouni_Rissanen_1200x628-1024x536.jpg\",\"contentUrl\":\"https:\/\/tfk.fi\/wp1\/wp-content\/uploads\/2020\/09\/Ruut_Kiiski_Jouni_Rissanen_1200x628-1024x536.jpg\"},{\"@type\":\"BreadcrumbList\",\"@id\":\"https:\/\/tfk.fi\/wp1\/tfklle-uusi-johtajakaksikko\/#breadcrumb\",\"itemListElement\":[{\"@type\":\"ListItem\",\"position\":1,\"name\":\"Home\",\"item\":\"https:\/\/tfk.fi\/wp1\/\"},{\"@type\":\"ListItem\",\"position\":2,\"name\":\"TFK:lle uusi johtajakaksikko\"}]},{\"@type\":\"WebSite\",\"@id\":\"https:\/\/tfk.fi\/wp1\/#website\",\"url\":\"https:\/\/tfk.fi\/wp1\/\",\"name\":\"TAMPEREEN FILHARMONINEN KUORO\",\"description\":\"Tampere Philharmonic Choir\",\"publisher\":{\"@id\":\"https:\/\/tfk.fi\/wp1\/#organization\"},\"potentialAction\":[{\"@type\":\"SearchAction\",\"target\":{\"@type\":\"EntryPoint\",\"urlTemplate\":\"https:\/\/tfk.fi\/wp1\/?s={search_term_string}\"},\"query-input\":{\"@type\":\"PropertyValueSpecification\",\"valueRequired\":true,\"valueName\":\"search_term_string\"}}],\"inLanguage\":\"fi\"},{\"@type\":\"Organization\",\"@id\":\"https:\/\/tfk.fi\/wp1\/#organization\",\"name\":\"Tampereen Filharmoninen Kuoro\",\"url\":\"https:\/\/tfk.fi\/wp1\/\",\"logo\":{\"@type\":\"ImageObject\",\"inLanguage\":\"fi\",\"@id\":\"https:\/\/tfk.fi\/wp1\/#\/schema\/logo\/image\/\",\"url\":\"https:\/\/tfk.fi\/wp1\/wp-content\/uploads\/2018\/08\/TFK-logo_100x50.jpg\",\"contentUrl\":\"https:\/\/tfk.fi\/wp1\/wp-content\/uploads\/2018\/08\/TFK-logo_100x50.jpg\",\"width\":100,\"height\":53,\"caption\":\"Tampereen Filharmoninen Kuoro\"},\"image\":{\"@id\":\"https:\/\/tfk.fi\/wp1\/#\/schema\/logo\/image\/\"},\"sameAs\":[\"https:\/\/fi-fi.facebook.com\/TampereenFilharmoninenKuoro\/\",\"https:\/\/x.com\/tfk_tampere\",\"https:\/\/www.instagram.com\/tampereenfilharmoninenkuoro\/?hl=fi\",\"https:\/\/www.youtube.com\/channel\/UCHNsgug_VXv_-TiyOBP5_cg\/featured\",\"https:\/\/fi.wikipedia.org\/wiki\/Tampereen_Filharmoninen_Kuoro\"]},{\"@type\":\"Person\",\"@id\":\"https:\/\/tfk.fi\/wp1\/#\/schema\/person\/62082e74fe9513a38b7374d5d9ce95c2\",\"name\":\"by admin\",\"image\":{\"@type\":\"ImageObject\",\"inLanguage\":\"fi\",\"@id\":\"https:\/\/tfk.fi\/wp1\/#\/schema\/person\/image\/\",\"url\":\"https:\/\/secure.gravatar.com\/avatar\/255b2f2603a7bd1c61703ab5cf309e5426051a054a79f7d27a6296e4276329c9?s=96&d=mm&r=g\",\"contentUrl\":\"https:\/\/secure.gravatar.com\/avatar\/255b2f2603a7bd1c61703ab5cf309e5426051a054a79f7d27a6296e4276329c9?s=96&d=mm&r=g\",\"caption\":\"by admin\"},\"url\":\"https:\/\/tfk.fi\/wp1\/author\/admin\/\"}]}<\/script>\n<!-- \/ Yoast SEO plugin. -->","yoast_head_json":{"title":"TFK:lle uusi johtajakaksikko - TAMPEREEN FILHARMONINEN KUORO","robots":{"index":"index","follow":"follow","max-snippet":"max-snippet:-1","max-image-preview":"max-image-preview:large","max-video-preview":"max-video-preview:-1"},"canonical":"https:\/\/tfk.fi\/wp1\/tfklle-uusi-johtajakaksikko\/","og_locale":"fi_FI","og_type":"article","og_title":"TFK:lle uusi johtajakaksikko - TAMPEREEN FILHARMONINEN KUORO","og_description":"Tampereen Filharmonisen Kuoron uudeksi taiteelliseksi johtajaksi on valittu kapellimestari ja kuoronjohtaja Ruut Kiiski Helsingist\u00e4 ja kuoromestariksi kuoronjohtaja Jouni Rissanen Kangasalta. Uusi johtajakaksikko tuo taiteelliseen johtoon huippuosaamista ja tekemisen meininki\u00e4. Kaksikko aloitti teht\u00e4v\u00e4ss\u00e4\u00e4n heti syyskuun alusta. \u2013 Tavoitteenamme on l\u00f6yt\u00e4\u00e4 laulamisesta uusia v\u00e4rej\u00e4 mm. eri kuoromuotoja k\u00e4ytt\u00e4m\u00e4ll\u00e4 sek\u00e4 tuoda erilaisia toiminnan tapoja musiikkiyhteis\u00f6\u00f6n. Haluamme kuoron olevan ...jatka lukemista \"TFK:lle uusi johtajakaksikko\"","og_url":"https:\/\/tfk.fi\/wp1\/tfklle-uusi-johtajakaksikko\/","og_site_name":"TAMPEREEN FILHARMONINEN KUORO","article_publisher":"https:\/\/fi-fi.facebook.com\/TampereenFilharmoninenKuoro\/","article_published_time":"2020-09-03T08:15:18+00:00","article_modified_time":"2020-09-03T09:51:09+00:00","og_image":[{"url":"https:\/\/tfk.fi\/wp1\/wp-content\/uploads\/2020\/09\/Ruut_Kiiski_Jouni_Rissanen_1200x628-1024x536.jpg"}],"author":"by admin","twitter_card":"summary_large_image","twitter_creator":"@tfk_tampere","twitter_site":"@tfk_tampere","twitter_misc":{"Kirjoittanut":"by admin","Arvioitu lukuaika":"1 minuutti"},"schema":{"@context":"https:\/\/schema.org","@graph":[{"@type":"Article","@id":"https:\/\/tfk.fi\/wp1\/tfklle-uusi-johtajakaksikko\/#article","isPartOf":{"@id":"https:\/\/tfk.fi\/wp1\/tfklle-uusi-johtajakaksikko\/"},"author":{"name":"by admin","@id":"https:\/\/tfk.fi\/wp1\/#\/schema\/person\/62082e74fe9513a38b7374d5d9ce95c2"},"headline":"TFK:lle uusi johtajakaksikko","datePublished":"2020-09-03T08:15:18+00:00","dateModified":"2020-09-03T09:51:09+00:00","mainEntityOfPage":{"@id":"https:\/\/tfk.fi\/wp1\/tfklle-uusi-johtajakaksikko\/"},"wordCount":178,"publisher":{"@id":"https:\/\/tfk.fi\/wp1\/#organization"},"image":{"@id":"https:\/\/tfk.fi\/wp1\/tfklle-uusi-johtajakaksikko\/#primaryimage"},"thumbnailUrl":"https:\/\/tfk.fi\/wp1\/wp-content\/uploads\/2020\/09\/Ruut_Kiiski_Jouni_Rissanen_1200x628-1024x536.jpg","keywords":["Jouni Rissanen","kuoro","kuorolaulu","Kuoromusiikki","Ruut Kiiski","Tampere Filharmonia","Tampereen Filharmoninen Kuoro"],"articleSection":["Ajankohtaista"],"inLanguage":"fi"},{"@type":"WebPage","@id":"https:\/\/tfk.fi\/wp1\/tfklle-uusi-johtajakaksikko\/","url":"https:\/\/tfk.fi\/wp1\/tfklle-uusi-johtajakaksikko\/","name":"TFK:lle uusi johtajakaksikko - TAMPEREEN FILHARMONINEN KUORO","isPartOf":{"@id":"https:\/\/tfk.fi\/wp1\/#website"},"primaryImageOfPage":{"@id":"https:\/\/tfk.fi\/wp1\/tfklle-uusi-johtajakaksikko\/#primaryimage"},"image":{"@id":"https:\/\/tfk.fi\/wp1\/tfklle-uusi-johtajakaksikko\/#primaryimage"},"thumbnailUrl":"https:\/\/tfk.fi\/wp1\/wp-content\/uploads\/2020\/09\/Ruut_Kiiski_Jouni_Rissanen_1200x628-1024x536.jpg","datePublished":"2020-09-03T08:15:18+00:00","dateModified":"2020-09-03T09:51:09+00:00","breadcrumb":{"@id":"https:\/\/tfk.fi\/wp1\/tfklle-uusi-johtajakaksikko\/#breadcrumb"},"inLanguage":"fi","potentialAction":[{"@type":"ReadAction","target":["https:\/\/tfk.fi\/wp1\/tfklle-uusi-johtajakaksikko\/"]}]},{"@type":"ImageObject","inLanguage":"fi","@id":"https:\/\/tfk.fi\/wp1\/tfklle-uusi-johtajakaksikko\/#primaryimage","url":"https:\/\/tfk.fi\/wp1\/wp-content\/uploads\/2020\/09\/Ruut_Kiiski_Jouni_Rissanen_1200x628-1024x536.jpg","contentUrl":"https:\/\/tfk.fi\/wp1\/wp-content\/uploads\/2020\/09\/Ruut_Kiiski_Jouni_Rissanen_1200x628-1024x536.jpg"},{"@type":"BreadcrumbList","@id":"https:\/\/tfk.fi\/wp1\/tfklle-uusi-johtajakaksikko\/#breadcrumb","itemListElement":[{"@type":"ListItem","position":1,"name":"Home","item":"https:\/\/tfk.fi\/wp1\/"},{"@type":"ListItem","position":2,"name":"TFK:lle uusi johtajakaksikko"}]},{"@type":"WebSite","@id":"https:\/\/tfk.fi\/wp1\/#website","url":"https:\/\/tfk.fi\/wp1\/","name":"TAMPEREEN FILHARMONINEN KUORO","description":"Tampere Philharmonic Choir","publisher":{"@id":"https:\/\/tfk.fi\/wp1\/#organization"},"potentialAction":[{"@type":"SearchAction","target":{"@type":"EntryPoint","urlTemplate":"https:\/\/tfk.fi\/wp1\/?s={search_term_string}"},"query-input":{"@type":"PropertyValueSpecification","valueRequired":true,"valueName":"search_term_string"}}],"inLanguage":"fi"},{"@type":"Organization","@id":"https:\/\/tfk.fi\/wp1\/#organization","name":"Tampereen Filharmoninen Kuoro","url":"https:\/\/tfk.fi\/wp1\/","logo":{"@type":"ImageObject","inLanguage":"fi","@id":"https:\/\/tfk.fi\/wp1\/#\/schema\/logo\/image\/","url":"https:\/\/tfk.fi\/wp1\/wp-content\/uploads\/2018\/08\/TFK-logo_100x50.jpg","contentUrl":"https:\/\/tfk.fi\/wp1\/wp-content\/uploads\/2018\/08\/TFK-logo_100x50.jpg","width":100,"height":53,"caption":"Tampereen Filharmoninen Kuoro"},"image":{"@id":"https:\/\/tfk.fi\/wp1\/#\/schema\/logo\/image\/"},"sameAs":["https:\/\/fi-fi.facebook.com\/TampereenFilharmoninenKuoro\/","https:\/\/x.com\/tfk_tampere","https:\/\/www.instagram.com\/tampereenfilharmoninenkuoro\/?hl=fi","https:\/\/www.youtube.com\/channel\/UCHNsgug_VXv_-TiyOBP5_cg\/featured","https:\/\/fi.wikipedia.org\/wiki\/Tampereen_Filharmoninen_Kuoro"]},{"@type":"Person","@id":"https:\/\/tfk.fi\/wp1\/#\/schema\/person\/62082e74fe9513a38b7374d5d9ce95c2","name":"by admin","image":{"@type":"ImageObject","inLanguage":"fi","@id":"https:\/\/tfk.fi\/wp1\/#\/schema\/person\/image\/","url":"https:\/\/secure.gravatar.com\/avatar\/255b2f2603a7bd1c61703ab5cf309e5426051a054a79f7d27a6296e4276329c9?s=96&d=mm&r=g","contentUrl":"https:\/\/secure.gravatar.com\/avatar\/255b2f2603a7bd1c61703ab5cf309e5426051a054a79f7d27a6296e4276329c9?s=96&d=mm&r=g","caption":"by admin"},"url":"https:\/\/tfk.fi\/wp1\/author\/admin\/"}]}},"_links":{"self":[{"href":"https:\/\/tfk.fi\/wp1\/wp-json\/wp\/v2\/posts\/697","targetHints":{"allow":["GET"]}}],"collection":[{"href":"https:\/\/tfk.fi\/wp1\/wp-json\/wp\/v2\/posts"}],"about":[{"href":"https:\/\/tfk.fi\/wp1\/wp-json\/wp\/v2\/types\/post"}],"author":[{"embeddable":true,"href":"https:\/\/tfk.fi\/wp1\/wp-json\/wp\/v2\/users\/1"}],"replies":[{"embeddable":true,"href":"https:\/\/tfk.fi\/wp1\/wp-json\/wp\/v2\/comments?post=697"}],"version-history":[{"count":6,"href":"https:\/\/tfk.fi\/wp1\/wp-json\/wp\/v2\/posts\/697\/revisions"}],"predecessor-version":[{"id":707,"href":"https:\/\/tfk.fi\/wp1\/wp-json\/wp\/v2\/posts\/697\/revisions\/707"}],"wp:attachment":[{"href":"https:\/\/tfk.fi\/wp1\/wp-json\/wp\/v2\/media?parent=697"}],"wp:term":[{"taxonomy":"category","embeddable":true,"href":"https:\/\/tfk.fi\/wp1\/wp-json\/wp\/v2\/categories?post=697"},{"taxonomy":"post_tag","embeddable":true,"href":"https:\/\/tfk.fi\/wp1\/wp-json\/wp\/v2\/tags?post=697"}],"curies":[{"name":"wp","href":"https:\/\/api.w.org\/{rel}","templated":true}]}}