{"id":753,"date":"2020-11-20T15:10:16","date_gmt":"2020-11-20T13:10:16","guid":{"rendered":"http:\/\/tfk.fi\/wp1\/?p=753"},"modified":"2020-11-20T15:11:10","modified_gmt":"2020-11-20T13:11:10","slug":"oodi-ilolle-joulukuussa","status":"publish","type":"post","link":"https:\/\/tfk.fi\/wp1\/oodi-ilolle-joulukuussa\/","title":{"rendered":"Oodi ilolle joulukuussa"},"content":{"rendered":"\n<p>Tampereen Filharmoninen Kuoro valmistautuu syksyn synkkyydest\u00e4 ja koronarajoituksista huolimatta laulamaan 10. ja 11.12. Oodin ilolle Beethovenin 250-vuotisjuhlavuoden kunniaksi.  <a href=\"https:\/\/www.tamperefilharmonia.fi\/konsertit\/beethoven-9-i\/\">Lue lis\u00e4\u00e4 t\u00e4\u00e4lt\u00e4 >><\/a><\/p>\n\n\n\n<p>Konserttiin on varauduttu erityisj\u00e4rjestelyin viranomaisohjeiden mukaisesti. Kuoro levitt\u00e4ytyy lavalla taaemmaksi ja ottaa et\u00e4isyytt\u00e4 orkesteriin, ja kuorolla ja orkesterilla on maskit puhaltajia lukuun ottamatta.<\/p>\n\n\n\n<p><\/p>\n","protected":false},"excerpt":{"rendered":"<p>Tampereen Filharmoninen Kuoro valmistautuu syksyn synkkyydest\u00e4 ja koronarajoituksista huolimatta laulamaan 10. ja 11.12. Oodin ilolle Beethovenin 250-vuotisjuhlavuoden kunniaksi. Lue lis\u00e4\u00e4 t\u00e4\u00e4lt\u00e4 >> Konserttiin on varauduttu erityisj\u00e4rjestelyin viranomaisohjeiden mukaisesti. Kuoro levitt\u00e4ytyy lavalla taaemmaksi ja ottaa et\u00e4isyytt\u00e4 orkesteriin, ja kuorolla ja orkesterilla on maskit puhaltajia lukuun ottamatta.<\/p>\n","protected":false},"author":6,"featured_media":0,"comment_status":"closed","ping_status":"closed","sticky":false,"template":"","format":"standard","meta":{"footnotes":""},"categories":[5],"tags":[21,29,11,10],"class_list":{"0":"post-753","1":"post","2":"type-post","3":"status-publish","4":"format-standard","6":"category-ajankohtaista","7":"tag-ludvig-van-beethoven","8":"tag-santtu-matias-rouvali","9":"tag-tampere-filharmonia","10":"tag-tampereen-filharmoninen-kuoro","11":"h-entry","12":"hentry","13":"h-as-article"},"yoast_head":"<!-- This site is optimized with the Yoast SEO plugin v23.4 - https:\/\/yoast.com\/wordpress\/plugins\/seo\/ -->\n<title>Oodi ilolle joulukuussa - TAMPEREEN FILHARMONINEN KUORO<\/title>\n<meta name=\"robots\" content=\"index, follow, max-snippet:-1, max-image-preview:large, max-video-preview:-1\" \/>\n<link rel=\"canonical\" href=\"https:\/\/tfk.fi\/wp1\/oodi-ilolle-joulukuussa\/\" \/>\n<meta property=\"og:locale\" content=\"fi_FI\" \/>\n<meta property=\"og:type\" content=\"article\" \/>\n<meta property=\"og:title\" content=\"Oodi ilolle joulukuussa - TAMPEREEN FILHARMONINEN KUORO\" \/>\n<meta property=\"og:description\" content=\"Tampereen Filharmoninen Kuoro valmistautuu syksyn synkkyydest\u00e4 ja koronarajoituksista huolimatta laulamaan 10. ja 11.12. Oodin ilolle Beethovenin 250-vuotisjuhlavuoden kunniaksi. Lue lis\u00e4\u00e4 t\u00e4\u00e4lt\u00e4 &gt;&gt; Konserttiin on varauduttu erityisj\u00e4rjestelyin viranomaisohjeiden mukaisesti. Kuoro levitt\u00e4ytyy lavalla taaemmaksi ja ottaa et\u00e4isyytt\u00e4 orkesteriin, ja kuorolla ja orkesterilla on maskit puhaltajia lukuun ottamatta.\" \/>\n<meta property=\"og:url\" content=\"https:\/\/tfk.fi\/wp1\/oodi-ilolle-joulukuussa\/\" \/>\n<meta property=\"og:site_name\" content=\"TAMPEREEN FILHARMONINEN KUORO\" \/>\n<meta property=\"article:publisher\" content=\"https:\/\/fi-fi.facebook.com\/TampereenFilharmoninenKuoro\/\" \/>\n<meta property=\"article:published_time\" content=\"2020-11-20T13:10:16+00:00\" \/>\n<meta property=\"article:modified_time\" content=\"2020-11-20T13:11:10+00:00\" \/>\n<meta name=\"author\" content=\"mattisalmenkangas\" \/>\n<meta name=\"twitter:card\" content=\"summary_large_image\" \/>\n<meta name=\"twitter:creator\" content=\"@tfk_tampere\" \/>\n<meta name=\"twitter:site\" content=\"@tfk_tampere\" \/>\n<meta name=\"twitter:label1\" content=\"Kirjoittanut\" \/>\n\t<meta name=\"twitter:data1\" content=\"mattisalmenkangas\" \/>\n<script type=\"application\/ld+json\" class=\"yoast-schema-graph\">{\"@context\":\"https:\/\/schema.org\",\"@graph\":[{\"@type\":\"Article\",\"@id\":\"https:\/\/tfk.fi\/wp1\/oodi-ilolle-joulukuussa\/#article\",\"isPartOf\":{\"@id\":\"https:\/\/tfk.fi\/wp1\/oodi-ilolle-joulukuussa\/\"},\"author\":{\"name\":\"mattisalmenkangas\",\"@id\":\"https:\/\/tfk.fi\/wp1\/#\/schema\/person\/450050e359af6258fdfe3782f654cbc9\"},\"headline\":\"Oodi ilolle joulukuussa\",\"datePublished\":\"2020-11-20T13:10:16+00:00\",\"dateModified\":\"2020-11-20T13:11:10+00:00\",\"mainEntityOfPage\":{\"@id\":\"https:\/\/tfk.fi\/wp1\/oodi-ilolle-joulukuussa\/\"},\"wordCount\":49,\"publisher\":{\"@id\":\"https:\/\/tfk.fi\/wp1\/#organization\"},\"keywords\":[\"Ludvig van Beethoven\",\"Santtu-Matias Rouvali\",\"Tampere Filharmonia\",\"Tampereen Filharmoninen Kuoro\"],\"articleSection\":[\"Ajankohtaista\"],\"inLanguage\":\"fi\"},{\"@type\":\"WebPage\",\"@id\":\"https:\/\/tfk.fi\/wp1\/oodi-ilolle-joulukuussa\/\",\"url\":\"https:\/\/tfk.fi\/wp1\/oodi-ilolle-joulukuussa\/\",\"name\":\"Oodi ilolle joulukuussa - TAMPEREEN FILHARMONINEN KUORO\",\"isPartOf\":{\"@id\":\"https:\/\/tfk.fi\/wp1\/#website\"},\"datePublished\":\"2020-11-20T13:10:16+00:00\",\"dateModified\":\"2020-11-20T13:11:10+00:00\",\"breadcrumb\":{\"@id\":\"https:\/\/tfk.fi\/wp1\/oodi-ilolle-joulukuussa\/#breadcrumb\"},\"inLanguage\":\"fi\",\"potentialAction\":[{\"@type\":\"ReadAction\",\"target\":[\"https:\/\/tfk.fi\/wp1\/oodi-ilolle-joulukuussa\/\"]}]},{\"@type\":\"BreadcrumbList\",\"@id\":\"https:\/\/tfk.fi\/wp1\/oodi-ilolle-joulukuussa\/#breadcrumb\",\"itemListElement\":[{\"@type\":\"ListItem\",\"position\":1,\"name\":\"Home\",\"item\":\"https:\/\/tfk.fi\/wp1\/\"},{\"@type\":\"ListItem\",\"position\":2,\"name\":\"Oodi ilolle joulukuussa\"}]},{\"@type\":\"WebSite\",\"@id\":\"https:\/\/tfk.fi\/wp1\/#website\",\"url\":\"https:\/\/tfk.fi\/wp1\/\",\"name\":\"TAMPEREEN FILHARMONINEN KUORO\",\"description\":\"Tampere Philharmonic Choir\",\"publisher\":{\"@id\":\"https:\/\/tfk.fi\/wp1\/#organization\"},\"potentialAction\":[{\"@type\":\"SearchAction\",\"target\":{\"@type\":\"EntryPoint\",\"urlTemplate\":\"https:\/\/tfk.fi\/wp1\/?s={search_term_string}\"},\"query-input\":{\"@type\":\"PropertyValueSpecification\",\"valueRequired\":true,\"valueName\":\"search_term_string\"}}],\"inLanguage\":\"fi\"},{\"@type\":\"Organization\",\"@id\":\"https:\/\/tfk.fi\/wp1\/#organization\",\"name\":\"Tampereen Filharmoninen Kuoro\",\"url\":\"https:\/\/tfk.fi\/wp1\/\",\"logo\":{\"@type\":\"ImageObject\",\"inLanguage\":\"fi\",\"@id\":\"https:\/\/tfk.fi\/wp1\/#\/schema\/logo\/image\/\",\"url\":\"https:\/\/tfk.fi\/wp1\/wp-content\/uploads\/2018\/08\/TFK-logo_100x50.jpg\",\"contentUrl\":\"https:\/\/tfk.fi\/wp1\/wp-content\/uploads\/2018\/08\/TFK-logo_100x50.jpg\",\"width\":100,\"height\":53,\"caption\":\"Tampereen Filharmoninen Kuoro\"},\"image\":{\"@id\":\"https:\/\/tfk.fi\/wp1\/#\/schema\/logo\/image\/\"},\"sameAs\":[\"https:\/\/fi-fi.facebook.com\/TampereenFilharmoninenKuoro\/\",\"https:\/\/x.com\/tfk_tampere\",\"https:\/\/www.instagram.com\/tampereenfilharmoninenkuoro\/?hl=fi\",\"https:\/\/www.youtube.com\/channel\/UCHNsgug_VXv_-TiyOBP5_cg\/featured\",\"https:\/\/fi.wikipedia.org\/wiki\/Tampereen_Filharmoninen_Kuoro\"]},{\"@type\":\"Person\",\"@id\":\"https:\/\/tfk.fi\/wp1\/#\/schema\/person\/450050e359af6258fdfe3782f654cbc9\",\"name\":\"mattisalmenkangas\",\"image\":{\"@type\":\"ImageObject\",\"inLanguage\":\"fi\",\"@id\":\"https:\/\/tfk.fi\/wp1\/#\/schema\/person\/image\/\",\"url\":\"https:\/\/secure.gravatar.com\/avatar\/4e5df962cb625e5a45162236525aff2b9aa36416eadc7115421044673d338b1b?s=96&d=mm&r=g\",\"contentUrl\":\"https:\/\/secure.gravatar.com\/avatar\/4e5df962cb625e5a45162236525aff2b9aa36416eadc7115421044673d338b1b?s=96&d=mm&r=g\",\"caption\":\"mattisalmenkangas\"},\"url\":\"https:\/\/tfk.fi\/wp1\/author\/mattisalmenkangas\/\"}]}<\/script>\n<!-- \/ Yoast SEO plugin. -->","yoast_head_json":{"title":"Oodi ilolle joulukuussa - TAMPEREEN FILHARMONINEN KUORO","robots":{"index":"index","follow":"follow","max-snippet":"max-snippet:-1","max-image-preview":"max-image-preview:large","max-video-preview":"max-video-preview:-1"},"canonical":"https:\/\/tfk.fi\/wp1\/oodi-ilolle-joulukuussa\/","og_locale":"fi_FI","og_type":"article","og_title":"Oodi ilolle joulukuussa - TAMPEREEN FILHARMONINEN KUORO","og_description":"Tampereen Filharmoninen Kuoro valmistautuu syksyn synkkyydest\u00e4 ja koronarajoituksista huolimatta laulamaan 10. ja 11.12. Oodin ilolle Beethovenin 250-vuotisjuhlavuoden kunniaksi. Lue lis\u00e4\u00e4 t\u00e4\u00e4lt\u00e4 >> Konserttiin on varauduttu erityisj\u00e4rjestelyin viranomaisohjeiden mukaisesti. Kuoro levitt\u00e4ytyy lavalla taaemmaksi ja ottaa et\u00e4isyytt\u00e4 orkesteriin, ja kuorolla ja orkesterilla on maskit puhaltajia lukuun ottamatta.","og_url":"https:\/\/tfk.fi\/wp1\/oodi-ilolle-joulukuussa\/","og_site_name":"TAMPEREEN FILHARMONINEN KUORO","article_publisher":"https:\/\/fi-fi.facebook.com\/TampereenFilharmoninenKuoro\/","article_published_time":"2020-11-20T13:10:16+00:00","article_modified_time":"2020-11-20T13:11:10+00:00","author":"mattisalmenkangas","twitter_card":"summary_large_image","twitter_creator":"@tfk_tampere","twitter_site":"@tfk_tampere","twitter_misc":{"Kirjoittanut":"mattisalmenkangas"},"schema":{"@context":"https:\/\/schema.org","@graph":[{"@type":"Article","@id":"https:\/\/tfk.fi\/wp1\/oodi-ilolle-joulukuussa\/#article","isPartOf":{"@id":"https:\/\/tfk.fi\/wp1\/oodi-ilolle-joulukuussa\/"},"author":{"name":"mattisalmenkangas","@id":"https:\/\/tfk.fi\/wp1\/#\/schema\/person\/450050e359af6258fdfe3782f654cbc9"},"headline":"Oodi ilolle joulukuussa","datePublished":"2020-11-20T13:10:16+00:00","dateModified":"2020-11-20T13:11:10+00:00","mainEntityOfPage":{"@id":"https:\/\/tfk.fi\/wp1\/oodi-ilolle-joulukuussa\/"},"wordCount":49,"publisher":{"@id":"https:\/\/tfk.fi\/wp1\/#organization"},"keywords":["Ludvig van Beethoven","Santtu-Matias Rouvali","Tampere Filharmonia","Tampereen Filharmoninen Kuoro"],"articleSection":["Ajankohtaista"],"inLanguage":"fi"},{"@type":"WebPage","@id":"https:\/\/tfk.fi\/wp1\/oodi-ilolle-joulukuussa\/","url":"https:\/\/tfk.fi\/wp1\/oodi-ilolle-joulukuussa\/","name":"Oodi ilolle joulukuussa - TAMPEREEN FILHARMONINEN KUORO","isPartOf":{"@id":"https:\/\/tfk.fi\/wp1\/#website"},"datePublished":"2020-11-20T13:10:16+00:00","dateModified":"2020-11-20T13:11:10+00:00","breadcrumb":{"@id":"https:\/\/tfk.fi\/wp1\/oodi-ilolle-joulukuussa\/#breadcrumb"},"inLanguage":"fi","potentialAction":[{"@type":"ReadAction","target":["https:\/\/tfk.fi\/wp1\/oodi-ilolle-joulukuussa\/"]}]},{"@type":"BreadcrumbList","@id":"https:\/\/tfk.fi\/wp1\/oodi-ilolle-joulukuussa\/#breadcrumb","itemListElement":[{"@type":"ListItem","position":1,"name":"Home","item":"https:\/\/tfk.fi\/wp1\/"},{"@type":"ListItem","position":2,"name":"Oodi ilolle joulukuussa"}]},{"@type":"WebSite","@id":"https:\/\/tfk.fi\/wp1\/#website","url":"https:\/\/tfk.fi\/wp1\/","name":"TAMPEREEN FILHARMONINEN KUORO","description":"Tampere Philharmonic Choir","publisher":{"@id":"https:\/\/tfk.fi\/wp1\/#organization"},"potentialAction":[{"@type":"SearchAction","target":{"@type":"EntryPoint","urlTemplate":"https:\/\/tfk.fi\/wp1\/?s={search_term_string}"},"query-input":{"@type":"PropertyValueSpecification","valueRequired":true,"valueName":"search_term_string"}}],"inLanguage":"fi"},{"@type":"Organization","@id":"https:\/\/tfk.fi\/wp1\/#organization","name":"Tampereen Filharmoninen Kuoro","url":"https:\/\/tfk.fi\/wp1\/","logo":{"@type":"ImageObject","inLanguage":"fi","@id":"https:\/\/tfk.fi\/wp1\/#\/schema\/logo\/image\/","url":"https:\/\/tfk.fi\/wp1\/wp-content\/uploads\/2018\/08\/TFK-logo_100x50.jpg","contentUrl":"https:\/\/tfk.fi\/wp1\/wp-content\/uploads\/2018\/08\/TFK-logo_100x50.jpg","width":100,"height":53,"caption":"Tampereen Filharmoninen Kuoro"},"image":{"@id":"https:\/\/tfk.fi\/wp1\/#\/schema\/logo\/image\/"},"sameAs":["https:\/\/fi-fi.facebook.com\/TampereenFilharmoninenKuoro\/","https:\/\/x.com\/tfk_tampere","https:\/\/www.instagram.com\/tampereenfilharmoninenkuoro\/?hl=fi","https:\/\/www.youtube.com\/channel\/UCHNsgug_VXv_-TiyOBP5_cg\/featured","https:\/\/fi.wikipedia.org\/wiki\/Tampereen_Filharmoninen_Kuoro"]},{"@type":"Person","@id":"https:\/\/tfk.fi\/wp1\/#\/schema\/person\/450050e359af6258fdfe3782f654cbc9","name":"mattisalmenkangas","image":{"@type":"ImageObject","inLanguage":"fi","@id":"https:\/\/tfk.fi\/wp1\/#\/schema\/person\/image\/","url":"https:\/\/secure.gravatar.com\/avatar\/4e5df962cb625e5a45162236525aff2b9aa36416eadc7115421044673d338b1b?s=96&d=mm&r=g","contentUrl":"https:\/\/secure.gravatar.com\/avatar\/4e5df962cb625e5a45162236525aff2b9aa36416eadc7115421044673d338b1b?s=96&d=mm&r=g","caption":"mattisalmenkangas"},"url":"https:\/\/tfk.fi\/wp1\/author\/mattisalmenkangas\/"}]}},"_links":{"self":[{"href":"https:\/\/tfk.fi\/wp1\/wp-json\/wp\/v2\/posts\/753","targetHints":{"allow":["GET"]}}],"collection":[{"href":"https:\/\/tfk.fi\/wp1\/wp-json\/wp\/v2\/posts"}],"about":[{"href":"https:\/\/tfk.fi\/wp1\/wp-json\/wp\/v2\/types\/post"}],"author":[{"embeddable":true,"href":"https:\/\/tfk.fi\/wp1\/wp-json\/wp\/v2\/users\/6"}],"replies":[{"embeddable":true,"href":"https:\/\/tfk.fi\/wp1\/wp-json\/wp\/v2\/comments?post=753"}],"version-history":[{"count":2,"href":"https:\/\/tfk.fi\/wp1\/wp-json\/wp\/v2\/posts\/753\/revisions"}],"predecessor-version":[{"id":755,"href":"https:\/\/tfk.fi\/wp1\/wp-json\/wp\/v2\/posts\/753\/revisions\/755"}],"wp:attachment":[{"href":"https:\/\/tfk.fi\/wp1\/wp-json\/wp\/v2\/media?parent=753"}],"wp:term":[{"taxonomy":"category","embeddable":true,"href":"https:\/\/tfk.fi\/wp1\/wp-json\/wp\/v2\/categories?post=753"},{"taxonomy":"post_tag","embeddable":true,"href":"https:\/\/tfk.fi\/wp1\/wp-json\/wp\/v2\/tags?post=753"}],"curies":[{"name":"wp","href":"https:\/\/api.w.org\/{rel}","templated":true}]}}