{"id":769,"date":"2020-12-03T00:01:05","date_gmt":"2020-12-02T22:01:05","guid":{"rendered":"http:\/\/tfk.fi\/wp1\/?p=769"},"modified":"2020-12-02T15:16:17","modified_gmt":"2020-12-02T13:16:17","slug":"joulun-videokalenteri-3","status":"publish","type":"post","link":"https:\/\/tfk.fi\/wp1\/joulun-videokalenteri-3\/","title":{"rendered":"Joulun videokalenteri &#8211; 3"},"content":{"rendered":"\n<p>Tampereen Filharmoninen Kuoro julkaisee joulun alla Youtube-videoita kuoroteoksista, jotka ovat olleet valitsijalleen jollakin tavalla merkityksellisi\u00e4 tai rakkaita.<\/p>\n\n\n\n<p>Filharmonisen kuoron sopraano Marja Nyrhinen aikoi ensiksi ehdottaa Bachin Jouluoratoriota ja sen alkukuoroa, mutta p\u00e4\u00e4tyi  hetken mietitty\u00e4\u00e4n  kuitenkin <em><a href=\"https:\/\/fi.wikipedia.org\/wiki\/Frank_Martin\">Frank Martinin<\/a> <\/em>kaksoismessuun ja sen Gloria - osaan (Gloria alkaa videon kohdasta 5'50'').&nbsp;<\/p>\n\n\n\n<p>Nyrhisen mielest\u00e4 t\u00e4m\u00e4n a cappella-teoksen laulaminen on ollut yksi suurimpia el\u00e4myksi\u00e4 TFK:ssa. \"Sen s\u00e4velet t\u00e4yttiv\u00e4t Tuomiokirkon konserttipaikkana upeasti. Ilman kuoroa olisin tuskin koskaan tutustunut t\u00e4h\u00e4n helmeen.&nbsp;\"<\/p>\n\n\n\n<p>T\u00e4ss\u00e4 saksalaisen <a href=\"https:\/\/www.rias-kammerchor.de\/\"><em>Rias Kammerch<\/em>or<\/a>'in -versio teoksesta. <\/p>\n\n\n\n<iframe loading=\"lazy\" width=\"912\" height=\"684\" src=\"https:\/\/www.youtube.com\/embed\/arXmHAsAOSw\" frameborder=\"0\" allow=\"accelerometer; autoplay; clipboard-write; encrypted-media; gyroscope; picture-in-picture\" allowfullscreen=\"\"><\/iframe>\n","protected":false},"excerpt":{"rendered":"<p>Tampereen Filharmoninen Kuoro julkaisee joulun alla Youtube-videoita kuoroteoksista, jotka ovat olleet valitsijalleen jollakin tavalla merkityksellisi\u00e4 tai rakkaita. Filharmonisen kuoron sopraano Marja Nyrhinen aikoi ensiksi ehdottaa Bachin Jouluoratoriota ja sen alkukuoroa, mutta p\u00e4\u00e4tyi hetken mietitty\u00e4\u00e4n kuitenkin Frank Martinin kaksoismessuun ja sen Gloria - osaan (Gloria alkaa videon kohdasta 5'50'').&nbsp; Nyrhisen mielest\u00e4 t\u00e4m\u00e4n a cappella-teoksen laulaminen on <a href=\"https:\/\/tfk.fi\/wp1\/joulun-videokalenteri-3\/\" class=\"more-link\">...jatka lukemista<span class=\"screen-reader-text\"> \"Joulun videokalenteri &#8211; 3\"<\/span><\/a><\/p>\n","protected":false},"author":1,"featured_media":0,"comment_status":"closed","ping_status":"closed","sticky":false,"template":"","format":"standard","meta":{"footnotes":""},"categories":[5],"tags":[24,30,31,10],"class_list":{"0":"post-769","1":"post","2":"type-post","3":"status-publish","4":"format-standard","6":"category-ajankohtaista","7":"tag-frank-martin","8":"tag-joulu","9":"tag-joulumusiikki","10":"tag-tampereen-filharmoninen-kuoro","11":"h-entry","12":"hentry","13":"h-as-article"},"yoast_head":"<!-- This site is optimized with the Yoast SEO plugin v23.4 - https:\/\/yoast.com\/wordpress\/plugins\/seo\/ -->\n<title>Joulun videokalenteri - 3 - TAMPEREEN FILHARMONINEN KUORO<\/title>\n<meta name=\"robots\" content=\"index, follow, max-snippet:-1, max-image-preview:large, max-video-preview:-1\" \/>\n<link rel=\"canonical\" href=\"https:\/\/tfk.fi\/wp1\/joulun-videokalenteri-3\/\" \/>\n<meta property=\"og:locale\" content=\"fi_FI\" \/>\n<meta property=\"og:type\" content=\"article\" \/>\n<meta property=\"og:title\" content=\"Joulun videokalenteri - 3 - TAMPEREEN FILHARMONINEN KUORO\" \/>\n<meta property=\"og:description\" content=\"Tampereen Filharmoninen Kuoro julkaisee joulun alla Youtube-videoita kuoroteoksista, jotka ovat olleet valitsijalleen jollakin tavalla merkityksellisi\u00e4 tai rakkaita. Filharmonisen kuoron sopraano Marja Nyrhinen aikoi ensiksi ehdottaa Bachin Jouluoratoriota ja sen alkukuoroa, mutta p\u00e4\u00e4tyi hetken mietitty\u00e4\u00e4n kuitenkin Frank Martinin kaksoismessuun ja sen Gloria - osaan (Gloria alkaa videon kohdasta 5&#039;50&#039;&#039;).&nbsp; Nyrhisen mielest\u00e4 t\u00e4m\u00e4n a cappella-teoksen laulaminen on ...jatka lukemista &quot;Joulun videokalenteri &#8211; 3&quot;\" \/>\n<meta property=\"og:url\" content=\"https:\/\/tfk.fi\/wp1\/joulun-videokalenteri-3\/\" \/>\n<meta property=\"og:site_name\" content=\"TAMPEREEN FILHARMONINEN KUORO\" \/>\n<meta property=\"article:publisher\" content=\"https:\/\/fi-fi.facebook.com\/TampereenFilharmoninenKuoro\/\" \/>\n<meta property=\"article:published_time\" content=\"2020-12-02T22:01:05+00:00\" \/>\n<meta property=\"article:modified_time\" content=\"2020-12-02T13:16:17+00:00\" \/>\n<meta name=\"author\" content=\"by admin\" \/>\n<meta name=\"twitter:card\" content=\"summary_large_image\" \/>\n<meta name=\"twitter:creator\" content=\"@tfk_tampere\" \/>\n<meta name=\"twitter:site\" content=\"@tfk_tampere\" \/>\n<meta name=\"twitter:label1\" content=\"Kirjoittanut\" \/>\n\t<meta name=\"twitter:data1\" content=\"by admin\" \/>\n<script type=\"application\/ld+json\" class=\"yoast-schema-graph\">{\"@context\":\"https:\/\/schema.org\",\"@graph\":[{\"@type\":\"Article\",\"@id\":\"https:\/\/tfk.fi\/wp1\/joulun-videokalenteri-3\/#article\",\"isPartOf\":{\"@id\":\"https:\/\/tfk.fi\/wp1\/joulun-videokalenteri-3\/\"},\"author\":{\"name\":\"by admin\",\"@id\":\"https:\/\/tfk.fi\/wp1\/#\/schema\/person\/62082e74fe9513a38b7374d5d9ce95c2\"},\"headline\":\"Joulun videokalenteri &#8211; 3\",\"datePublished\":\"2020-12-02T22:01:05+00:00\",\"dateModified\":\"2020-12-02T13:16:17+00:00\",\"mainEntityOfPage\":{\"@id\":\"https:\/\/tfk.fi\/wp1\/joulun-videokalenteri-3\/\"},\"wordCount\":97,\"publisher\":{\"@id\":\"https:\/\/tfk.fi\/wp1\/#organization\"},\"keywords\":[\"Frank Martin\",\"Joulu\",\"joulumusiikki\",\"Tampereen Filharmoninen Kuoro\"],\"articleSection\":[\"Ajankohtaista\"],\"inLanguage\":\"fi\"},{\"@type\":\"WebPage\",\"@id\":\"https:\/\/tfk.fi\/wp1\/joulun-videokalenteri-3\/\",\"url\":\"https:\/\/tfk.fi\/wp1\/joulun-videokalenteri-3\/\",\"name\":\"Joulun videokalenteri - 3 - TAMPEREEN FILHARMONINEN KUORO\",\"isPartOf\":{\"@id\":\"https:\/\/tfk.fi\/wp1\/#website\"},\"datePublished\":\"2020-12-02T22:01:05+00:00\",\"dateModified\":\"2020-12-02T13:16:17+00:00\",\"breadcrumb\":{\"@id\":\"https:\/\/tfk.fi\/wp1\/joulun-videokalenteri-3\/#breadcrumb\"},\"inLanguage\":\"fi\",\"potentialAction\":[{\"@type\":\"ReadAction\",\"target\":[\"https:\/\/tfk.fi\/wp1\/joulun-videokalenteri-3\/\"]}]},{\"@type\":\"BreadcrumbList\",\"@id\":\"https:\/\/tfk.fi\/wp1\/joulun-videokalenteri-3\/#breadcrumb\",\"itemListElement\":[{\"@type\":\"ListItem\",\"position\":1,\"name\":\"Home\",\"item\":\"https:\/\/tfk.fi\/wp1\/\"},{\"@type\":\"ListItem\",\"position\":2,\"name\":\"Joulun videokalenteri &#8211; 3\"}]},{\"@type\":\"WebSite\",\"@id\":\"https:\/\/tfk.fi\/wp1\/#website\",\"url\":\"https:\/\/tfk.fi\/wp1\/\",\"name\":\"TAMPEREEN FILHARMONINEN KUORO\",\"description\":\"Tampere Philharmonic Choir\",\"publisher\":{\"@id\":\"https:\/\/tfk.fi\/wp1\/#organization\"},\"potentialAction\":[{\"@type\":\"SearchAction\",\"target\":{\"@type\":\"EntryPoint\",\"urlTemplate\":\"https:\/\/tfk.fi\/wp1\/?s={search_term_string}\"},\"query-input\":{\"@type\":\"PropertyValueSpecification\",\"valueRequired\":true,\"valueName\":\"search_term_string\"}}],\"inLanguage\":\"fi\"},{\"@type\":\"Organization\",\"@id\":\"https:\/\/tfk.fi\/wp1\/#organization\",\"name\":\"Tampereen Filharmoninen Kuoro\",\"url\":\"https:\/\/tfk.fi\/wp1\/\",\"logo\":{\"@type\":\"ImageObject\",\"inLanguage\":\"fi\",\"@id\":\"https:\/\/tfk.fi\/wp1\/#\/schema\/logo\/image\/\",\"url\":\"https:\/\/tfk.fi\/wp1\/wp-content\/uploads\/2018\/08\/TFK-logo_100x50.jpg\",\"contentUrl\":\"https:\/\/tfk.fi\/wp1\/wp-content\/uploads\/2018\/08\/TFK-logo_100x50.jpg\",\"width\":100,\"height\":53,\"caption\":\"Tampereen Filharmoninen Kuoro\"},\"image\":{\"@id\":\"https:\/\/tfk.fi\/wp1\/#\/schema\/logo\/image\/\"},\"sameAs\":[\"https:\/\/fi-fi.facebook.com\/TampereenFilharmoninenKuoro\/\",\"https:\/\/x.com\/tfk_tampere\",\"https:\/\/www.instagram.com\/tampereenfilharmoninenkuoro\/?hl=fi\",\"https:\/\/www.youtube.com\/channel\/UCHNsgug_VXv_-TiyOBP5_cg\/featured\",\"https:\/\/fi.wikipedia.org\/wiki\/Tampereen_Filharmoninen_Kuoro\"]},{\"@type\":\"Person\",\"@id\":\"https:\/\/tfk.fi\/wp1\/#\/schema\/person\/62082e74fe9513a38b7374d5d9ce95c2\",\"name\":\"by admin\",\"image\":{\"@type\":\"ImageObject\",\"inLanguage\":\"fi\",\"@id\":\"https:\/\/tfk.fi\/wp1\/#\/schema\/person\/image\/\",\"url\":\"https:\/\/secure.gravatar.com\/avatar\/255b2f2603a7bd1c61703ab5cf309e5426051a054a79f7d27a6296e4276329c9?s=96&d=mm&r=g\",\"contentUrl\":\"https:\/\/secure.gravatar.com\/avatar\/255b2f2603a7bd1c61703ab5cf309e5426051a054a79f7d27a6296e4276329c9?s=96&d=mm&r=g\",\"caption\":\"by admin\"},\"url\":\"https:\/\/tfk.fi\/wp1\/author\/admin\/\"}]}<\/script>\n<!-- \/ Yoast SEO plugin. -->","yoast_head_json":{"title":"Joulun videokalenteri - 3 - TAMPEREEN FILHARMONINEN KUORO","robots":{"index":"index","follow":"follow","max-snippet":"max-snippet:-1","max-image-preview":"max-image-preview:large","max-video-preview":"max-video-preview:-1"},"canonical":"https:\/\/tfk.fi\/wp1\/joulun-videokalenteri-3\/","og_locale":"fi_FI","og_type":"article","og_title":"Joulun videokalenteri - 3 - TAMPEREEN FILHARMONINEN KUORO","og_description":"Tampereen Filharmoninen Kuoro julkaisee joulun alla Youtube-videoita kuoroteoksista, jotka ovat olleet valitsijalleen jollakin tavalla merkityksellisi\u00e4 tai rakkaita. Filharmonisen kuoron sopraano Marja Nyrhinen aikoi ensiksi ehdottaa Bachin Jouluoratoriota ja sen alkukuoroa, mutta p\u00e4\u00e4tyi hetken mietitty\u00e4\u00e4n kuitenkin Frank Martinin kaksoismessuun ja sen Gloria - osaan (Gloria alkaa videon kohdasta 5'50'').&nbsp; Nyrhisen mielest\u00e4 t\u00e4m\u00e4n a cappella-teoksen laulaminen on ...jatka lukemista \"Joulun videokalenteri &#8211; 3\"","og_url":"https:\/\/tfk.fi\/wp1\/joulun-videokalenteri-3\/","og_site_name":"TAMPEREEN FILHARMONINEN KUORO","article_publisher":"https:\/\/fi-fi.facebook.com\/TampereenFilharmoninenKuoro\/","article_published_time":"2020-12-02T22:01:05+00:00","article_modified_time":"2020-12-02T13:16:17+00:00","author":"by admin","twitter_card":"summary_large_image","twitter_creator":"@tfk_tampere","twitter_site":"@tfk_tampere","twitter_misc":{"Kirjoittanut":"by admin"},"schema":{"@context":"https:\/\/schema.org","@graph":[{"@type":"Article","@id":"https:\/\/tfk.fi\/wp1\/joulun-videokalenteri-3\/#article","isPartOf":{"@id":"https:\/\/tfk.fi\/wp1\/joulun-videokalenteri-3\/"},"author":{"name":"by admin","@id":"https:\/\/tfk.fi\/wp1\/#\/schema\/person\/62082e74fe9513a38b7374d5d9ce95c2"},"headline":"Joulun videokalenteri &#8211; 3","datePublished":"2020-12-02T22:01:05+00:00","dateModified":"2020-12-02T13:16:17+00:00","mainEntityOfPage":{"@id":"https:\/\/tfk.fi\/wp1\/joulun-videokalenteri-3\/"},"wordCount":97,"publisher":{"@id":"https:\/\/tfk.fi\/wp1\/#organization"},"keywords":["Frank Martin","Joulu","joulumusiikki","Tampereen Filharmoninen Kuoro"],"articleSection":["Ajankohtaista"],"inLanguage":"fi"},{"@type":"WebPage","@id":"https:\/\/tfk.fi\/wp1\/joulun-videokalenteri-3\/","url":"https:\/\/tfk.fi\/wp1\/joulun-videokalenteri-3\/","name":"Joulun videokalenteri - 3 - TAMPEREEN FILHARMONINEN KUORO","isPartOf":{"@id":"https:\/\/tfk.fi\/wp1\/#website"},"datePublished":"2020-12-02T22:01:05+00:00","dateModified":"2020-12-02T13:16:17+00:00","breadcrumb":{"@id":"https:\/\/tfk.fi\/wp1\/joulun-videokalenteri-3\/#breadcrumb"},"inLanguage":"fi","potentialAction":[{"@type":"ReadAction","target":["https:\/\/tfk.fi\/wp1\/joulun-videokalenteri-3\/"]}]},{"@type":"BreadcrumbList","@id":"https:\/\/tfk.fi\/wp1\/joulun-videokalenteri-3\/#breadcrumb","itemListElement":[{"@type":"ListItem","position":1,"name":"Home","item":"https:\/\/tfk.fi\/wp1\/"},{"@type":"ListItem","position":2,"name":"Joulun videokalenteri &#8211; 3"}]},{"@type":"WebSite","@id":"https:\/\/tfk.fi\/wp1\/#website","url":"https:\/\/tfk.fi\/wp1\/","name":"TAMPEREEN FILHARMONINEN KUORO","description":"Tampere Philharmonic Choir","publisher":{"@id":"https:\/\/tfk.fi\/wp1\/#organization"},"potentialAction":[{"@type":"SearchAction","target":{"@type":"EntryPoint","urlTemplate":"https:\/\/tfk.fi\/wp1\/?s={search_term_string}"},"query-input":{"@type":"PropertyValueSpecification","valueRequired":true,"valueName":"search_term_string"}}],"inLanguage":"fi"},{"@type":"Organization","@id":"https:\/\/tfk.fi\/wp1\/#organization","name":"Tampereen Filharmoninen Kuoro","url":"https:\/\/tfk.fi\/wp1\/","logo":{"@type":"ImageObject","inLanguage":"fi","@id":"https:\/\/tfk.fi\/wp1\/#\/schema\/logo\/image\/","url":"https:\/\/tfk.fi\/wp1\/wp-content\/uploads\/2018\/08\/TFK-logo_100x50.jpg","contentUrl":"https:\/\/tfk.fi\/wp1\/wp-content\/uploads\/2018\/08\/TFK-logo_100x50.jpg","width":100,"height":53,"caption":"Tampereen Filharmoninen Kuoro"},"image":{"@id":"https:\/\/tfk.fi\/wp1\/#\/schema\/logo\/image\/"},"sameAs":["https:\/\/fi-fi.facebook.com\/TampereenFilharmoninenKuoro\/","https:\/\/x.com\/tfk_tampere","https:\/\/www.instagram.com\/tampereenfilharmoninenkuoro\/?hl=fi","https:\/\/www.youtube.com\/channel\/UCHNsgug_VXv_-TiyOBP5_cg\/featured","https:\/\/fi.wikipedia.org\/wiki\/Tampereen_Filharmoninen_Kuoro"]},{"@type":"Person","@id":"https:\/\/tfk.fi\/wp1\/#\/schema\/person\/62082e74fe9513a38b7374d5d9ce95c2","name":"by admin","image":{"@type":"ImageObject","inLanguage":"fi","@id":"https:\/\/tfk.fi\/wp1\/#\/schema\/person\/image\/","url":"https:\/\/secure.gravatar.com\/avatar\/255b2f2603a7bd1c61703ab5cf309e5426051a054a79f7d27a6296e4276329c9?s=96&d=mm&r=g","contentUrl":"https:\/\/secure.gravatar.com\/avatar\/255b2f2603a7bd1c61703ab5cf309e5426051a054a79f7d27a6296e4276329c9?s=96&d=mm&r=g","caption":"by admin"},"url":"https:\/\/tfk.fi\/wp1\/author\/admin\/"}]}},"_links":{"self":[{"href":"https:\/\/tfk.fi\/wp1\/wp-json\/wp\/v2\/posts\/769","targetHints":{"allow":["GET"]}}],"collection":[{"href":"https:\/\/tfk.fi\/wp1\/wp-json\/wp\/v2\/posts"}],"about":[{"href":"https:\/\/tfk.fi\/wp1\/wp-json\/wp\/v2\/types\/post"}],"author":[{"embeddable":true,"href":"https:\/\/tfk.fi\/wp1\/wp-json\/wp\/v2\/users\/1"}],"replies":[{"embeddable":true,"href":"https:\/\/tfk.fi\/wp1\/wp-json\/wp\/v2\/comments?post=769"}],"version-history":[{"count":4,"href":"https:\/\/tfk.fi\/wp1\/wp-json\/wp\/v2\/posts\/769\/revisions"}],"predecessor-version":[{"id":777,"href":"https:\/\/tfk.fi\/wp1\/wp-json\/wp\/v2\/posts\/769\/revisions\/777"}],"wp:attachment":[{"href":"https:\/\/tfk.fi\/wp1\/wp-json\/wp\/v2\/media?parent=769"}],"wp:term":[{"taxonomy":"category","embeddable":true,"href":"https:\/\/tfk.fi\/wp1\/wp-json\/wp\/v2\/categories?post=769"},{"taxonomy":"post_tag","embeddable":true,"href":"https:\/\/tfk.fi\/wp1\/wp-json\/wp\/v2\/tags?post=769"}],"curies":[{"name":"wp","href":"https:\/\/api.w.org\/{rel}","templated":true}]}}