{"id":789,"date":"2020-12-05T00:01:00","date_gmt":"2020-12-04T22:01:00","guid":{"rendered":"http:\/\/tfk.fi\/wp1\/?p=789"},"modified":"2020-12-02T15:17:06","modified_gmt":"2020-12-02T13:17:06","slug":"joulun-videokalenteri-5","status":"publish","type":"post","link":"https:\/\/tfk.fi\/wp1\/joulun-videokalenteri-5\/","title":{"rendered":"Joulun videokalenteri &#8211; 5"},"content":{"rendered":"\n<p>Tampereen Filharmoninen Kuoro julkaisee joulun alla Youtube-videoita kuoroteoksista, jotka ovat olleet valitsijalleen jollakin tavalla merkityksellisi\u00e4 tai rakkaita.<\/p>\n\n\n\n<p>Altto <em>Aino Holman <\/em> suosikki kuoro-orkesteriteoksista on  <em><a href=\"https:\/\/en.wikipedia.org\/wiki\/Giuseppe_Verdi\">Giuseppe Verdin<\/a><\/em> <em><a href=\"https:\/\/en.wikipedia.org\/wiki\/Requiem_(Verdi)\">Requiem<\/a><\/em>. <\/p>\n\n\n\n<p>\"Osallistuin toista kertaa Oriveden opiston Nuorison orkesterikurssille vuonna 1990. Viulistina soitin tietenkin sinfoniaorkesterissa, jota johti kapellimestari Pertti Pekkanen. Ohjelmassa oli Verdin Requiem ja kuorona varmaankin Klemetti-Opiston kamarikuoro tai sen osa.<br>En ikin\u00e4 unohda tuota kes\u00e4\u00e4, enk\u00e4 sit\u00e4 tunnetta, kun kuulin kuoron ensimm\u00e4ist\u00e4 kertaa ja soitin itse orkesterissa, kaiken sen musiikin voiman ja tunteen sis\u00e4ll\u00e4. Erityisen pys\u00e4ytt\u00e4v\u00e4\u00e4 oli n\u00e4hd\u00e4, kuinka harjoitusten edetess\u00e4 musiikki alkoi vaikuttaa my\u00f6s kapellimestariin. \"\u00c4lk\u00e4\u00e4 kiinnitt\u00e4k\u00f6 mit\u00e4\u00e4n huomiota siihen, kun taas itken Lacrimosa-osassa\", h\u00e4n varoitti. Olikin koskettava hetki, kun p\u00e4\u00e4sin laulamaan teosta uudelleen Tampereen Filharmonisen kuoron riveiss\u00e4 Tampere Filharmonian kanssa vuonna 2014, l\u00e4hes 25 vuotta ensitutustumisen j\u00e4lkeen. Odotan kovasti my\u00f6s teoksen seuraavaa esityst\u00e4 8.-9.10.2021. Kuorolaisena jokainen esitys vaatii minulta aina hiukan ponnistuksia, sill\u00e4 teoksen Dies Irae (Vihan p\u00e4iv\u00e4) -osan alussa mieleeni tulee aina kaunis, aurinkoinen kes\u00e4p\u00e4iv\u00e4 Orivedell\u00e4, jollaisia nuorison orkesterikurssilla tuntui riitt\u00e4v\u00e4n loputtomiin tuona kes\u00e4n\u00e4 1990.\"<\/p>\n\n\n\n<p>T\u00e4ss\u00e4 Giuseppe Verdin Messa da Requiemin Lacrymosa-osa. Berliinin Filharmoniaa johtaa  Herbert von Karajan. <br>Linkki koko Requiemiin Frankfurtin Radion Sinfoniaorkesterin esitt\u00e4m\u00e4n\u00e4:&nbsp;<a href=\"https:\/\/www.youtube.com\/watch?v=Nlq9lJRElBk\" target=\"_blank\" rel=\"noreferrer noopener\">https:\/\/www.youtube.com\/watch?v=Nlq9lJRElBk<\/a><\/p>\n\n\n\n<iframe loading=\"lazy\" width=\"100%\" height=\"400\" src=\"https:\/\/www.youtube.com\/embed\/lLTCQ8BRhes\" frameborder=\"0\" allow=\"accelerometer; autoplay; clipboard-write; encrypted-media; gyroscope; picture-in-picture\" allowfullscreen=\"\"><\/iframe>\n","protected":false},"excerpt":{"rendered":"<p>Tampereen Filharmoninen Kuoro julkaisee joulun alla Youtube-videoita kuoroteoksista, jotka ovat olleet valitsijalleen jollakin tavalla merkityksellisi\u00e4 tai rakkaita. Altto Aino Holman suosikki kuoro-orkesteriteoksista on Giuseppe Verdin Requiem. \"Osallistuin toista kertaa Oriveden opiston Nuorison orkesterikurssille vuonna 1990. Viulistina soitin tietenkin sinfoniaorkesterissa, jota johti kapellimestari Pertti Pekkanen. Ohjelmassa oli Verdin Requiem ja kuorona varmaankin Klemetti-Opiston kamarikuoro tai sen <a href=\"https:\/\/tfk.fi\/wp1\/joulun-videokalenteri-5\/\" class=\"more-link\">...jatka lukemista<span class=\"screen-reader-text\"> \"Joulun videokalenteri &#8211; 5\"<\/span><\/a><\/p>\n","protected":false},"author":1,"featured_media":0,"comment_status":"closed","ping_status":"closed","sticky":false,"template":"","format":"standard","meta":{"footnotes":""},"categories":[5],"tags":[39,23,30,31,8,9,28,40,10],"class_list":{"0":"post-789","1":"post","2":"type-post","3":"status-publish","4":"format-standard","6":"category-ajankohtaista","7":"tag-berliner-philharmoniker","8":"tag-giuseppe-verdi","9":"tag-joulu","10":"tag-joulumusiikki","11":"tag-kuoro","12":"tag-kuorolaulu","13":"tag-kuoromusiikki","14":"tag-messa-da-requiem","15":"tag-tampereen-filharmoninen-kuoro","16":"h-entry","17":"hentry","18":"h-as-article"},"yoast_head":"<!-- This site is optimized with the Yoast SEO plugin v23.4 - https:\/\/yoast.com\/wordpress\/plugins\/seo\/ -->\n<title>Joulun videokalenteri - 5 - TAMPEREEN FILHARMONINEN KUORO<\/title>\n<meta name=\"robots\" content=\"index, follow, max-snippet:-1, max-image-preview:large, max-video-preview:-1\" \/>\n<link rel=\"canonical\" href=\"https:\/\/tfk.fi\/wp1\/joulun-videokalenteri-5\/\" \/>\n<meta property=\"og:locale\" content=\"fi_FI\" \/>\n<meta property=\"og:type\" content=\"article\" \/>\n<meta property=\"og:title\" content=\"Joulun videokalenteri - 5 - TAMPEREEN FILHARMONINEN KUORO\" \/>\n<meta property=\"og:description\" content=\"Tampereen Filharmoninen Kuoro julkaisee joulun alla Youtube-videoita kuoroteoksista, jotka ovat olleet valitsijalleen jollakin tavalla merkityksellisi\u00e4 tai rakkaita. Altto Aino Holman suosikki kuoro-orkesteriteoksista on Giuseppe Verdin Requiem. &quot;Osallistuin toista kertaa Oriveden opiston Nuorison orkesterikurssille vuonna 1990. Viulistina soitin tietenkin sinfoniaorkesterissa, jota johti kapellimestari Pertti Pekkanen. Ohjelmassa oli Verdin Requiem ja kuorona varmaankin Klemetti-Opiston kamarikuoro tai sen ...jatka lukemista &quot;Joulun videokalenteri &#8211; 5&quot;\" \/>\n<meta property=\"og:url\" content=\"https:\/\/tfk.fi\/wp1\/joulun-videokalenteri-5\/\" \/>\n<meta property=\"og:site_name\" content=\"TAMPEREEN FILHARMONINEN KUORO\" \/>\n<meta property=\"article:publisher\" content=\"https:\/\/fi-fi.facebook.com\/TampereenFilharmoninenKuoro\/\" \/>\n<meta property=\"article:published_time\" content=\"2020-12-04T22:01:00+00:00\" \/>\n<meta property=\"article:modified_time\" content=\"2020-12-02T13:17:06+00:00\" \/>\n<meta name=\"author\" content=\"by admin\" \/>\n<meta name=\"twitter:card\" content=\"summary_large_image\" \/>\n<meta name=\"twitter:creator\" content=\"@tfk_tampere\" \/>\n<meta name=\"twitter:site\" content=\"@tfk_tampere\" \/>\n<meta name=\"twitter:label1\" content=\"Kirjoittanut\" \/>\n\t<meta name=\"twitter:data1\" content=\"by admin\" \/>\n\t<meta name=\"twitter:label2\" content=\"Arvioitu lukuaika\" \/>\n\t<meta name=\"twitter:data2\" content=\"1 minuutti\" \/>\n<script type=\"application\/ld+json\" class=\"yoast-schema-graph\">{\"@context\":\"https:\/\/schema.org\",\"@graph\":[{\"@type\":\"Article\",\"@id\":\"https:\/\/tfk.fi\/wp1\/joulun-videokalenteri-5\/#article\",\"isPartOf\":{\"@id\":\"https:\/\/tfk.fi\/wp1\/joulun-videokalenteri-5\/\"},\"author\":{\"name\":\"by admin\",\"@id\":\"https:\/\/tfk.fi\/wp1\/#\/schema\/person\/62082e74fe9513a38b7374d5d9ce95c2\"},\"headline\":\"Joulun videokalenteri &#8211; 5\",\"datePublished\":\"2020-12-04T22:01:00+00:00\",\"dateModified\":\"2020-12-02T13:17:06+00:00\",\"mainEntityOfPage\":{\"@id\":\"https:\/\/tfk.fi\/wp1\/joulun-videokalenteri-5\/\"},\"wordCount\":214,\"publisher\":{\"@id\":\"https:\/\/tfk.fi\/wp1\/#organization\"},\"keywords\":[\"Berliner Philharmoniker\",\"Giuseppe Verdi\",\"Joulu\",\"joulumusiikki\",\"kuoro\",\"kuorolaulu\",\"Kuoromusiikki\",\"Messa da Requiem\",\"Tampereen Filharmoninen Kuoro\"],\"articleSection\":[\"Ajankohtaista\"],\"inLanguage\":\"fi\"},{\"@type\":\"WebPage\",\"@id\":\"https:\/\/tfk.fi\/wp1\/joulun-videokalenteri-5\/\",\"url\":\"https:\/\/tfk.fi\/wp1\/joulun-videokalenteri-5\/\",\"name\":\"Joulun videokalenteri - 5 - TAMPEREEN FILHARMONINEN KUORO\",\"isPartOf\":{\"@id\":\"https:\/\/tfk.fi\/wp1\/#website\"},\"datePublished\":\"2020-12-04T22:01:00+00:00\",\"dateModified\":\"2020-12-02T13:17:06+00:00\",\"breadcrumb\":{\"@id\":\"https:\/\/tfk.fi\/wp1\/joulun-videokalenteri-5\/#breadcrumb\"},\"inLanguage\":\"fi\",\"potentialAction\":[{\"@type\":\"ReadAction\",\"target\":[\"https:\/\/tfk.fi\/wp1\/joulun-videokalenteri-5\/\"]}]},{\"@type\":\"BreadcrumbList\",\"@id\":\"https:\/\/tfk.fi\/wp1\/joulun-videokalenteri-5\/#breadcrumb\",\"itemListElement\":[{\"@type\":\"ListItem\",\"position\":1,\"name\":\"Home\",\"item\":\"https:\/\/tfk.fi\/wp1\/\"},{\"@type\":\"ListItem\",\"position\":2,\"name\":\"Joulun videokalenteri &#8211; 5\"}]},{\"@type\":\"WebSite\",\"@id\":\"https:\/\/tfk.fi\/wp1\/#website\",\"url\":\"https:\/\/tfk.fi\/wp1\/\",\"name\":\"TAMPEREEN FILHARMONINEN KUORO\",\"description\":\"Tampere Philharmonic Choir\",\"publisher\":{\"@id\":\"https:\/\/tfk.fi\/wp1\/#organization\"},\"potentialAction\":[{\"@type\":\"SearchAction\",\"target\":{\"@type\":\"EntryPoint\",\"urlTemplate\":\"https:\/\/tfk.fi\/wp1\/?s={search_term_string}\"},\"query-input\":{\"@type\":\"PropertyValueSpecification\",\"valueRequired\":true,\"valueName\":\"search_term_string\"}}],\"inLanguage\":\"fi\"},{\"@type\":\"Organization\",\"@id\":\"https:\/\/tfk.fi\/wp1\/#organization\",\"name\":\"Tampereen Filharmoninen Kuoro\",\"url\":\"https:\/\/tfk.fi\/wp1\/\",\"logo\":{\"@type\":\"ImageObject\",\"inLanguage\":\"fi\",\"@id\":\"https:\/\/tfk.fi\/wp1\/#\/schema\/logo\/image\/\",\"url\":\"https:\/\/tfk.fi\/wp1\/wp-content\/uploads\/2018\/08\/TFK-logo_100x50.jpg\",\"contentUrl\":\"https:\/\/tfk.fi\/wp1\/wp-content\/uploads\/2018\/08\/TFK-logo_100x50.jpg\",\"width\":100,\"height\":53,\"caption\":\"Tampereen Filharmoninen Kuoro\"},\"image\":{\"@id\":\"https:\/\/tfk.fi\/wp1\/#\/schema\/logo\/image\/\"},\"sameAs\":[\"https:\/\/fi-fi.facebook.com\/TampereenFilharmoninenKuoro\/\",\"https:\/\/x.com\/tfk_tampere\",\"https:\/\/www.instagram.com\/tampereenfilharmoninenkuoro\/?hl=fi\",\"https:\/\/www.youtube.com\/channel\/UCHNsgug_VXv_-TiyOBP5_cg\/featured\",\"https:\/\/fi.wikipedia.org\/wiki\/Tampereen_Filharmoninen_Kuoro\"]},{\"@type\":\"Person\",\"@id\":\"https:\/\/tfk.fi\/wp1\/#\/schema\/person\/62082e74fe9513a38b7374d5d9ce95c2\",\"name\":\"by admin\",\"image\":{\"@type\":\"ImageObject\",\"inLanguage\":\"fi\",\"@id\":\"https:\/\/tfk.fi\/wp1\/#\/schema\/person\/image\/\",\"url\":\"https:\/\/secure.gravatar.com\/avatar\/255b2f2603a7bd1c61703ab5cf309e5426051a054a79f7d27a6296e4276329c9?s=96&d=mm&r=g\",\"contentUrl\":\"https:\/\/secure.gravatar.com\/avatar\/255b2f2603a7bd1c61703ab5cf309e5426051a054a79f7d27a6296e4276329c9?s=96&d=mm&r=g\",\"caption\":\"by admin\"},\"url\":\"https:\/\/tfk.fi\/wp1\/author\/admin\/\"}]}<\/script>\n<!-- \/ Yoast SEO plugin. -->","yoast_head_json":{"title":"Joulun videokalenteri - 5 - TAMPEREEN FILHARMONINEN KUORO","robots":{"index":"index","follow":"follow","max-snippet":"max-snippet:-1","max-image-preview":"max-image-preview:large","max-video-preview":"max-video-preview:-1"},"canonical":"https:\/\/tfk.fi\/wp1\/joulun-videokalenteri-5\/","og_locale":"fi_FI","og_type":"article","og_title":"Joulun videokalenteri - 5 - TAMPEREEN FILHARMONINEN KUORO","og_description":"Tampereen Filharmoninen Kuoro julkaisee joulun alla Youtube-videoita kuoroteoksista, jotka ovat olleet valitsijalleen jollakin tavalla merkityksellisi\u00e4 tai rakkaita. Altto Aino Holman suosikki kuoro-orkesteriteoksista on Giuseppe Verdin Requiem. \"Osallistuin toista kertaa Oriveden opiston Nuorison orkesterikurssille vuonna 1990. Viulistina soitin tietenkin sinfoniaorkesterissa, jota johti kapellimestari Pertti Pekkanen. Ohjelmassa oli Verdin Requiem ja kuorona varmaankin Klemetti-Opiston kamarikuoro tai sen ...jatka lukemista \"Joulun videokalenteri &#8211; 5\"","og_url":"https:\/\/tfk.fi\/wp1\/joulun-videokalenteri-5\/","og_site_name":"TAMPEREEN FILHARMONINEN KUORO","article_publisher":"https:\/\/fi-fi.facebook.com\/TampereenFilharmoninenKuoro\/","article_published_time":"2020-12-04T22:01:00+00:00","article_modified_time":"2020-12-02T13:17:06+00:00","author":"by admin","twitter_card":"summary_large_image","twitter_creator":"@tfk_tampere","twitter_site":"@tfk_tampere","twitter_misc":{"Kirjoittanut":"by admin","Arvioitu lukuaika":"1 minuutti"},"schema":{"@context":"https:\/\/schema.org","@graph":[{"@type":"Article","@id":"https:\/\/tfk.fi\/wp1\/joulun-videokalenteri-5\/#article","isPartOf":{"@id":"https:\/\/tfk.fi\/wp1\/joulun-videokalenteri-5\/"},"author":{"name":"by admin","@id":"https:\/\/tfk.fi\/wp1\/#\/schema\/person\/62082e74fe9513a38b7374d5d9ce95c2"},"headline":"Joulun videokalenteri &#8211; 5","datePublished":"2020-12-04T22:01:00+00:00","dateModified":"2020-12-02T13:17:06+00:00","mainEntityOfPage":{"@id":"https:\/\/tfk.fi\/wp1\/joulun-videokalenteri-5\/"},"wordCount":214,"publisher":{"@id":"https:\/\/tfk.fi\/wp1\/#organization"},"keywords":["Berliner Philharmoniker","Giuseppe Verdi","Joulu","joulumusiikki","kuoro","kuorolaulu","Kuoromusiikki","Messa da Requiem","Tampereen Filharmoninen Kuoro"],"articleSection":["Ajankohtaista"],"inLanguage":"fi"},{"@type":"WebPage","@id":"https:\/\/tfk.fi\/wp1\/joulun-videokalenteri-5\/","url":"https:\/\/tfk.fi\/wp1\/joulun-videokalenteri-5\/","name":"Joulun videokalenteri - 5 - TAMPEREEN FILHARMONINEN KUORO","isPartOf":{"@id":"https:\/\/tfk.fi\/wp1\/#website"},"datePublished":"2020-12-04T22:01:00+00:00","dateModified":"2020-12-02T13:17:06+00:00","breadcrumb":{"@id":"https:\/\/tfk.fi\/wp1\/joulun-videokalenteri-5\/#breadcrumb"},"inLanguage":"fi","potentialAction":[{"@type":"ReadAction","target":["https:\/\/tfk.fi\/wp1\/joulun-videokalenteri-5\/"]}]},{"@type":"BreadcrumbList","@id":"https:\/\/tfk.fi\/wp1\/joulun-videokalenteri-5\/#breadcrumb","itemListElement":[{"@type":"ListItem","position":1,"name":"Home","item":"https:\/\/tfk.fi\/wp1\/"},{"@type":"ListItem","position":2,"name":"Joulun videokalenteri &#8211; 5"}]},{"@type":"WebSite","@id":"https:\/\/tfk.fi\/wp1\/#website","url":"https:\/\/tfk.fi\/wp1\/","name":"TAMPEREEN FILHARMONINEN KUORO","description":"Tampere Philharmonic Choir","publisher":{"@id":"https:\/\/tfk.fi\/wp1\/#organization"},"potentialAction":[{"@type":"SearchAction","target":{"@type":"EntryPoint","urlTemplate":"https:\/\/tfk.fi\/wp1\/?s={search_term_string}"},"query-input":{"@type":"PropertyValueSpecification","valueRequired":true,"valueName":"search_term_string"}}],"inLanguage":"fi"},{"@type":"Organization","@id":"https:\/\/tfk.fi\/wp1\/#organization","name":"Tampereen Filharmoninen Kuoro","url":"https:\/\/tfk.fi\/wp1\/","logo":{"@type":"ImageObject","inLanguage":"fi","@id":"https:\/\/tfk.fi\/wp1\/#\/schema\/logo\/image\/","url":"https:\/\/tfk.fi\/wp1\/wp-content\/uploads\/2018\/08\/TFK-logo_100x50.jpg","contentUrl":"https:\/\/tfk.fi\/wp1\/wp-content\/uploads\/2018\/08\/TFK-logo_100x50.jpg","width":100,"height":53,"caption":"Tampereen Filharmoninen Kuoro"},"image":{"@id":"https:\/\/tfk.fi\/wp1\/#\/schema\/logo\/image\/"},"sameAs":["https:\/\/fi-fi.facebook.com\/TampereenFilharmoninenKuoro\/","https:\/\/x.com\/tfk_tampere","https:\/\/www.instagram.com\/tampereenfilharmoninenkuoro\/?hl=fi","https:\/\/www.youtube.com\/channel\/UCHNsgug_VXv_-TiyOBP5_cg\/featured","https:\/\/fi.wikipedia.org\/wiki\/Tampereen_Filharmoninen_Kuoro"]},{"@type":"Person","@id":"https:\/\/tfk.fi\/wp1\/#\/schema\/person\/62082e74fe9513a38b7374d5d9ce95c2","name":"by admin","image":{"@type":"ImageObject","inLanguage":"fi","@id":"https:\/\/tfk.fi\/wp1\/#\/schema\/person\/image\/","url":"https:\/\/secure.gravatar.com\/avatar\/255b2f2603a7bd1c61703ab5cf309e5426051a054a79f7d27a6296e4276329c9?s=96&d=mm&r=g","contentUrl":"https:\/\/secure.gravatar.com\/avatar\/255b2f2603a7bd1c61703ab5cf309e5426051a054a79f7d27a6296e4276329c9?s=96&d=mm&r=g","caption":"by admin"},"url":"https:\/\/tfk.fi\/wp1\/author\/admin\/"}]}},"_links":{"self":[{"href":"https:\/\/tfk.fi\/wp1\/wp-json\/wp\/v2\/posts\/789","targetHints":{"allow":["GET"]}}],"collection":[{"href":"https:\/\/tfk.fi\/wp1\/wp-json\/wp\/v2\/posts"}],"about":[{"href":"https:\/\/tfk.fi\/wp1\/wp-json\/wp\/v2\/types\/post"}],"author":[{"embeddable":true,"href":"https:\/\/tfk.fi\/wp1\/wp-json\/wp\/v2\/users\/1"}],"replies":[{"embeddable":true,"href":"https:\/\/tfk.fi\/wp1\/wp-json\/wp\/v2\/comments?post=789"}],"version-history":[{"count":4,"href":"https:\/\/tfk.fi\/wp1\/wp-json\/wp\/v2\/posts\/789\/revisions"}],"predecessor-version":[{"id":806,"href":"https:\/\/tfk.fi\/wp1\/wp-json\/wp\/v2\/posts\/789\/revisions\/806"}],"wp:attachment":[{"href":"https:\/\/tfk.fi\/wp1\/wp-json\/wp\/v2\/media?parent=789"}],"wp:term":[{"taxonomy":"category","embeddable":true,"href":"https:\/\/tfk.fi\/wp1\/wp-json\/wp\/v2\/categories?post=789"},{"taxonomy":"post_tag","embeddable":true,"href":"https:\/\/tfk.fi\/wp1\/wp-json\/wp\/v2\/tags?post=789"}],"curies":[{"name":"wp","href":"https:\/\/api.w.org\/{rel}","templated":true}]}}