{"id":794,"date":"2020-12-07T00:01:00","date_gmt":"2020-12-06T22:01:00","guid":{"rendered":"http:\/\/tfk.fi\/wp1\/?p=794"},"modified":"2020-12-02T15:01:24","modified_gmt":"2020-12-02T13:01:24","slug":"joulun-videokalenteri-7","status":"publish","type":"post","link":"https:\/\/tfk.fi\/wp1\/joulun-videokalenteri-7\/","title":{"rendered":"Joulun videokalenteri &#8211; 7"},"content":{"rendered":"\n<p>Tampereen Filharmoninen Kuoro julkaisee joulun alla Youtube-videoita kuoroteoksista, jotka ovat olleet valitsijalleen jollakin tavalla merkityksellisi\u00e4 tai rakkaita.<\/p>\n\n\n\n<p>Altto <em>Eija Koivusalo<\/em> valitsi videokalenterin suosikikseen vanhaa musiikkia. Teos on italialaisen s\u00e4velt\u00e4j\u00e4n <em><a href=\"https:\/\/fi.wikipedia.org\/wiki\/Gregorio_Allegri\">Gregorio Allegrin<\/a><\/em> teos <em><a href=\"https:\/\/en.wikipedia.org\/wiki\/Miserere_(Allegri)\">Miserere mei, Deus<\/a><\/em>. \"Juurikaan mit\u00e4\u00e4n t\u00e4m\u00e4n kauniimpaa\u00a0ei voi olla\", h\u00e4n sanoo.<\/p>\n\n\n\n<p>Videossa teoksen esitt\u00e4\u00e4 brittil\u00e4inen Tenebrae Choir johtajanaan Nigel Short.<\/p>\n\n\n\n<iframe loading=\"lazy\" width=\"1216\" height=\"684\" src=\"https:\/\/www.youtube.com\/embed\/H3v9unphfi0\" frameborder=\"0\" allow=\"accelerometer; autoplay; clipboard-write; encrypted-media; gyroscope; picture-in-picture\" allowfullscreen><\/iframe>\n\n\n\n<p> <\/p>\n","protected":false},"excerpt":{"rendered":"<p>Tampereen Filharmoninen Kuoro julkaisee joulun alla Youtube-videoita kuoroteoksista, jotka ovat olleet valitsijalleen jollakin tavalla merkityksellisi\u00e4 tai rakkaita. Altto Eija Koivusalo valitsi videokalenterin suosikikseen vanhaa musiikkia. Teos on italialaisen s\u00e4velt\u00e4j\u00e4n Gregorio Allegrin teos Miserere mei, Deus. \"Juurikaan mit\u00e4\u00e4n t\u00e4m\u00e4n kauniimpaa\u00a0ei voi olla\", h\u00e4n sanoo. Videossa teoksen esitt\u00e4\u00e4 brittil\u00e4inen Tenebrae Choir johtajanaan Nigel Short.<\/p>\n","protected":false},"author":1,"featured_media":0,"comment_status":"closed","ping_status":"closed","sticky":false,"template":"","format":"standard","meta":{"footnotes":""},"categories":[5],"tags":[41,30,31,8,9,28,10,43],"class_list":{"0":"post-794","1":"post","2":"type-post","3":"status-publish","4":"format-standard","6":"category-ajankohtaista","7":"tag-gregorio-allegri","8":"tag-joulu","9":"tag-joulumusiikki","10":"tag-kuoro","11":"tag-kuorolaulu","12":"tag-kuoromusiikki","13":"tag-tampereen-filharmoninen-kuoro","14":"tag-tenebrae-choir","15":"h-entry","16":"hentry","17":"h-as-article"},"yoast_head":"<!-- This site is optimized with the Yoast SEO plugin v23.4 - https:\/\/yoast.com\/wordpress\/plugins\/seo\/ -->\n<title>Joulun videokalenteri - 7 - TAMPEREEN FILHARMONINEN KUORO<\/title>\n<meta name=\"robots\" content=\"index, follow, max-snippet:-1, max-image-preview:large, max-video-preview:-1\" \/>\n<link rel=\"canonical\" href=\"https:\/\/tfk.fi\/wp1\/joulun-videokalenteri-7\/\" \/>\n<meta property=\"og:locale\" content=\"fi_FI\" \/>\n<meta property=\"og:type\" content=\"article\" \/>\n<meta property=\"og:title\" content=\"Joulun videokalenteri - 7 - TAMPEREEN FILHARMONINEN KUORO\" \/>\n<meta property=\"og:description\" content=\"Tampereen Filharmoninen Kuoro julkaisee joulun alla Youtube-videoita kuoroteoksista, jotka ovat olleet valitsijalleen jollakin tavalla merkityksellisi\u00e4 tai rakkaita. Altto Eija Koivusalo valitsi videokalenterin suosikikseen vanhaa musiikkia. Teos on italialaisen s\u00e4velt\u00e4j\u00e4n Gregorio Allegrin teos Miserere mei, Deus. &quot;Juurikaan mit\u00e4\u00e4n t\u00e4m\u00e4n kauniimpaa\u00a0ei voi olla&quot;, h\u00e4n sanoo. Videossa teoksen esitt\u00e4\u00e4 brittil\u00e4inen Tenebrae Choir johtajanaan Nigel Short.\" \/>\n<meta property=\"og:url\" content=\"https:\/\/tfk.fi\/wp1\/joulun-videokalenteri-7\/\" \/>\n<meta property=\"og:site_name\" content=\"TAMPEREEN FILHARMONINEN KUORO\" \/>\n<meta property=\"article:publisher\" content=\"https:\/\/fi-fi.facebook.com\/TampereenFilharmoninenKuoro\/\" \/>\n<meta property=\"article:published_time\" content=\"2020-12-06T22:01:00+00:00\" \/>\n<meta property=\"article:modified_time\" content=\"2020-12-02T13:01:24+00:00\" \/>\n<meta name=\"author\" content=\"by admin\" \/>\n<meta name=\"twitter:card\" content=\"summary_large_image\" \/>\n<meta name=\"twitter:creator\" content=\"@tfk_tampere\" \/>\n<meta name=\"twitter:site\" content=\"@tfk_tampere\" \/>\n<meta name=\"twitter:label1\" content=\"Kirjoittanut\" \/>\n\t<meta name=\"twitter:data1\" content=\"by admin\" \/>\n<script type=\"application\/ld+json\" class=\"yoast-schema-graph\">{\"@context\":\"https:\/\/schema.org\",\"@graph\":[{\"@type\":\"Article\",\"@id\":\"https:\/\/tfk.fi\/wp1\/joulun-videokalenteri-7\/#article\",\"isPartOf\":{\"@id\":\"https:\/\/tfk.fi\/wp1\/joulun-videokalenteri-7\/\"},\"author\":{\"name\":\"by admin\",\"@id\":\"https:\/\/tfk.fi\/wp1\/#\/schema\/person\/62082e74fe9513a38b7374d5d9ce95c2\"},\"headline\":\"Joulun videokalenteri &#8211; 7\",\"datePublished\":\"2020-12-06T22:01:00+00:00\",\"dateModified\":\"2020-12-02T13:01:24+00:00\",\"mainEntityOfPage\":{\"@id\":\"https:\/\/tfk.fi\/wp1\/joulun-videokalenteri-7\/\"},\"wordCount\":64,\"publisher\":{\"@id\":\"https:\/\/tfk.fi\/wp1\/#organization\"},\"keywords\":[\"Gregorio Allegri\",\"Joulu\",\"joulumusiikki\",\"kuoro\",\"kuorolaulu\",\"Kuoromusiikki\",\"Tampereen Filharmoninen Kuoro\",\"tenebrae choir\"],\"articleSection\":[\"Ajankohtaista\"],\"inLanguage\":\"fi\"},{\"@type\":\"WebPage\",\"@id\":\"https:\/\/tfk.fi\/wp1\/joulun-videokalenteri-7\/\",\"url\":\"https:\/\/tfk.fi\/wp1\/joulun-videokalenteri-7\/\",\"name\":\"Joulun videokalenteri - 7 - TAMPEREEN FILHARMONINEN KUORO\",\"isPartOf\":{\"@id\":\"https:\/\/tfk.fi\/wp1\/#website\"},\"datePublished\":\"2020-12-06T22:01:00+00:00\",\"dateModified\":\"2020-12-02T13:01:24+00:00\",\"breadcrumb\":{\"@id\":\"https:\/\/tfk.fi\/wp1\/joulun-videokalenteri-7\/#breadcrumb\"},\"inLanguage\":\"fi\",\"potentialAction\":[{\"@type\":\"ReadAction\",\"target\":[\"https:\/\/tfk.fi\/wp1\/joulun-videokalenteri-7\/\"]}]},{\"@type\":\"BreadcrumbList\",\"@id\":\"https:\/\/tfk.fi\/wp1\/joulun-videokalenteri-7\/#breadcrumb\",\"itemListElement\":[{\"@type\":\"ListItem\",\"position\":1,\"name\":\"Home\",\"item\":\"https:\/\/tfk.fi\/wp1\/\"},{\"@type\":\"ListItem\",\"position\":2,\"name\":\"Joulun videokalenteri &#8211; 7\"}]},{\"@type\":\"WebSite\",\"@id\":\"https:\/\/tfk.fi\/wp1\/#website\",\"url\":\"https:\/\/tfk.fi\/wp1\/\",\"name\":\"TAMPEREEN FILHARMONINEN KUORO\",\"description\":\"Tampere Philharmonic Choir\",\"publisher\":{\"@id\":\"https:\/\/tfk.fi\/wp1\/#organization\"},\"potentialAction\":[{\"@type\":\"SearchAction\",\"target\":{\"@type\":\"EntryPoint\",\"urlTemplate\":\"https:\/\/tfk.fi\/wp1\/?s={search_term_string}\"},\"query-input\":{\"@type\":\"PropertyValueSpecification\",\"valueRequired\":true,\"valueName\":\"search_term_string\"}}],\"inLanguage\":\"fi\"},{\"@type\":\"Organization\",\"@id\":\"https:\/\/tfk.fi\/wp1\/#organization\",\"name\":\"Tampereen Filharmoninen Kuoro\",\"url\":\"https:\/\/tfk.fi\/wp1\/\",\"logo\":{\"@type\":\"ImageObject\",\"inLanguage\":\"fi\",\"@id\":\"https:\/\/tfk.fi\/wp1\/#\/schema\/logo\/image\/\",\"url\":\"https:\/\/tfk.fi\/wp1\/wp-content\/uploads\/2018\/08\/TFK-logo_100x50.jpg\",\"contentUrl\":\"https:\/\/tfk.fi\/wp1\/wp-content\/uploads\/2018\/08\/TFK-logo_100x50.jpg\",\"width\":100,\"height\":53,\"caption\":\"Tampereen Filharmoninen Kuoro\"},\"image\":{\"@id\":\"https:\/\/tfk.fi\/wp1\/#\/schema\/logo\/image\/\"},\"sameAs\":[\"https:\/\/fi-fi.facebook.com\/TampereenFilharmoninenKuoro\/\",\"https:\/\/x.com\/tfk_tampere\",\"https:\/\/www.instagram.com\/tampereenfilharmoninenkuoro\/?hl=fi\",\"https:\/\/www.youtube.com\/channel\/UCHNsgug_VXv_-TiyOBP5_cg\/featured\",\"https:\/\/fi.wikipedia.org\/wiki\/Tampereen_Filharmoninen_Kuoro\"]},{\"@type\":\"Person\",\"@id\":\"https:\/\/tfk.fi\/wp1\/#\/schema\/person\/62082e74fe9513a38b7374d5d9ce95c2\",\"name\":\"by admin\",\"image\":{\"@type\":\"ImageObject\",\"inLanguage\":\"fi\",\"@id\":\"https:\/\/tfk.fi\/wp1\/#\/schema\/person\/image\/\",\"url\":\"https:\/\/secure.gravatar.com\/avatar\/255b2f2603a7bd1c61703ab5cf309e5426051a054a79f7d27a6296e4276329c9?s=96&d=mm&r=g\",\"contentUrl\":\"https:\/\/secure.gravatar.com\/avatar\/255b2f2603a7bd1c61703ab5cf309e5426051a054a79f7d27a6296e4276329c9?s=96&d=mm&r=g\",\"caption\":\"by admin\"},\"url\":\"https:\/\/tfk.fi\/wp1\/author\/admin\/\"}]}<\/script>\n<!-- \/ Yoast SEO plugin. -->","yoast_head_json":{"title":"Joulun videokalenteri - 7 - TAMPEREEN FILHARMONINEN KUORO","robots":{"index":"index","follow":"follow","max-snippet":"max-snippet:-1","max-image-preview":"max-image-preview:large","max-video-preview":"max-video-preview:-1"},"canonical":"https:\/\/tfk.fi\/wp1\/joulun-videokalenteri-7\/","og_locale":"fi_FI","og_type":"article","og_title":"Joulun videokalenteri - 7 - TAMPEREEN FILHARMONINEN KUORO","og_description":"Tampereen Filharmoninen Kuoro julkaisee joulun alla Youtube-videoita kuoroteoksista, jotka ovat olleet valitsijalleen jollakin tavalla merkityksellisi\u00e4 tai rakkaita. Altto Eija Koivusalo valitsi videokalenterin suosikikseen vanhaa musiikkia. Teos on italialaisen s\u00e4velt\u00e4j\u00e4n Gregorio Allegrin teos Miserere mei, Deus. \"Juurikaan mit\u00e4\u00e4n t\u00e4m\u00e4n kauniimpaa\u00a0ei voi olla\", h\u00e4n sanoo. Videossa teoksen esitt\u00e4\u00e4 brittil\u00e4inen Tenebrae Choir johtajanaan Nigel Short.","og_url":"https:\/\/tfk.fi\/wp1\/joulun-videokalenteri-7\/","og_site_name":"TAMPEREEN FILHARMONINEN KUORO","article_publisher":"https:\/\/fi-fi.facebook.com\/TampereenFilharmoninenKuoro\/","article_published_time":"2020-12-06T22:01:00+00:00","article_modified_time":"2020-12-02T13:01:24+00:00","author":"by admin","twitter_card":"summary_large_image","twitter_creator":"@tfk_tampere","twitter_site":"@tfk_tampere","twitter_misc":{"Kirjoittanut":"by admin"},"schema":{"@context":"https:\/\/schema.org","@graph":[{"@type":"Article","@id":"https:\/\/tfk.fi\/wp1\/joulun-videokalenteri-7\/#article","isPartOf":{"@id":"https:\/\/tfk.fi\/wp1\/joulun-videokalenteri-7\/"},"author":{"name":"by admin","@id":"https:\/\/tfk.fi\/wp1\/#\/schema\/person\/62082e74fe9513a38b7374d5d9ce95c2"},"headline":"Joulun videokalenteri &#8211; 7","datePublished":"2020-12-06T22:01:00+00:00","dateModified":"2020-12-02T13:01:24+00:00","mainEntityOfPage":{"@id":"https:\/\/tfk.fi\/wp1\/joulun-videokalenteri-7\/"},"wordCount":64,"publisher":{"@id":"https:\/\/tfk.fi\/wp1\/#organization"},"keywords":["Gregorio Allegri","Joulu","joulumusiikki","kuoro","kuorolaulu","Kuoromusiikki","Tampereen Filharmoninen Kuoro","tenebrae choir"],"articleSection":["Ajankohtaista"],"inLanguage":"fi"},{"@type":"WebPage","@id":"https:\/\/tfk.fi\/wp1\/joulun-videokalenteri-7\/","url":"https:\/\/tfk.fi\/wp1\/joulun-videokalenteri-7\/","name":"Joulun videokalenteri - 7 - TAMPEREEN FILHARMONINEN KUORO","isPartOf":{"@id":"https:\/\/tfk.fi\/wp1\/#website"},"datePublished":"2020-12-06T22:01:00+00:00","dateModified":"2020-12-02T13:01:24+00:00","breadcrumb":{"@id":"https:\/\/tfk.fi\/wp1\/joulun-videokalenteri-7\/#breadcrumb"},"inLanguage":"fi","potentialAction":[{"@type":"ReadAction","target":["https:\/\/tfk.fi\/wp1\/joulun-videokalenteri-7\/"]}]},{"@type":"BreadcrumbList","@id":"https:\/\/tfk.fi\/wp1\/joulun-videokalenteri-7\/#breadcrumb","itemListElement":[{"@type":"ListItem","position":1,"name":"Home","item":"https:\/\/tfk.fi\/wp1\/"},{"@type":"ListItem","position":2,"name":"Joulun videokalenteri &#8211; 7"}]},{"@type":"WebSite","@id":"https:\/\/tfk.fi\/wp1\/#website","url":"https:\/\/tfk.fi\/wp1\/","name":"TAMPEREEN FILHARMONINEN KUORO","description":"Tampere Philharmonic Choir","publisher":{"@id":"https:\/\/tfk.fi\/wp1\/#organization"},"potentialAction":[{"@type":"SearchAction","target":{"@type":"EntryPoint","urlTemplate":"https:\/\/tfk.fi\/wp1\/?s={search_term_string}"},"query-input":{"@type":"PropertyValueSpecification","valueRequired":true,"valueName":"search_term_string"}}],"inLanguage":"fi"},{"@type":"Organization","@id":"https:\/\/tfk.fi\/wp1\/#organization","name":"Tampereen Filharmoninen Kuoro","url":"https:\/\/tfk.fi\/wp1\/","logo":{"@type":"ImageObject","inLanguage":"fi","@id":"https:\/\/tfk.fi\/wp1\/#\/schema\/logo\/image\/","url":"https:\/\/tfk.fi\/wp1\/wp-content\/uploads\/2018\/08\/TFK-logo_100x50.jpg","contentUrl":"https:\/\/tfk.fi\/wp1\/wp-content\/uploads\/2018\/08\/TFK-logo_100x50.jpg","width":100,"height":53,"caption":"Tampereen Filharmoninen Kuoro"},"image":{"@id":"https:\/\/tfk.fi\/wp1\/#\/schema\/logo\/image\/"},"sameAs":["https:\/\/fi-fi.facebook.com\/TampereenFilharmoninenKuoro\/","https:\/\/x.com\/tfk_tampere","https:\/\/www.instagram.com\/tampereenfilharmoninenkuoro\/?hl=fi","https:\/\/www.youtube.com\/channel\/UCHNsgug_VXv_-TiyOBP5_cg\/featured","https:\/\/fi.wikipedia.org\/wiki\/Tampereen_Filharmoninen_Kuoro"]},{"@type":"Person","@id":"https:\/\/tfk.fi\/wp1\/#\/schema\/person\/62082e74fe9513a38b7374d5d9ce95c2","name":"by admin","image":{"@type":"ImageObject","inLanguage":"fi","@id":"https:\/\/tfk.fi\/wp1\/#\/schema\/person\/image\/","url":"https:\/\/secure.gravatar.com\/avatar\/255b2f2603a7bd1c61703ab5cf309e5426051a054a79f7d27a6296e4276329c9?s=96&d=mm&r=g","contentUrl":"https:\/\/secure.gravatar.com\/avatar\/255b2f2603a7bd1c61703ab5cf309e5426051a054a79f7d27a6296e4276329c9?s=96&d=mm&r=g","caption":"by admin"},"url":"https:\/\/tfk.fi\/wp1\/author\/admin\/"}]}},"_links":{"self":[{"href":"https:\/\/tfk.fi\/wp1\/wp-json\/wp\/v2\/posts\/794","targetHints":{"allow":["GET"]}}],"collection":[{"href":"https:\/\/tfk.fi\/wp1\/wp-json\/wp\/v2\/posts"}],"about":[{"href":"https:\/\/tfk.fi\/wp1\/wp-json\/wp\/v2\/types\/post"}],"author":[{"embeddable":true,"href":"https:\/\/tfk.fi\/wp1\/wp-json\/wp\/v2\/users\/1"}],"replies":[{"embeddable":true,"href":"https:\/\/tfk.fi\/wp1\/wp-json\/wp\/v2\/comments?post=794"}],"version-history":[{"count":1,"href":"https:\/\/tfk.fi\/wp1\/wp-json\/wp\/v2\/posts\/794\/revisions"}],"predecessor-version":[{"id":795,"href":"https:\/\/tfk.fi\/wp1\/wp-json\/wp\/v2\/posts\/794\/revisions\/795"}],"wp:attachment":[{"href":"https:\/\/tfk.fi\/wp1\/wp-json\/wp\/v2\/media?parent=794"}],"wp:term":[{"taxonomy":"category","embeddable":true,"href":"https:\/\/tfk.fi\/wp1\/wp-json\/wp\/v2\/categories?post=794"},{"taxonomy":"post_tag","embeddable":true,"href":"https:\/\/tfk.fi\/wp1\/wp-json\/wp\/v2\/tags?post=794"}],"curies":[{"name":"wp","href":"https:\/\/api.w.org\/{rel}","templated":true}]}}