{"id":829,"date":"2020-12-13T00:01:03","date_gmt":"2020-12-12T22:01:03","guid":{"rendered":"http:\/\/tfk.fi\/wp1\/?p=829"},"modified":"2020-12-05T00:35:58","modified_gmt":"2020-12-04T22:35:58","slug":"joulun-videokalenteri-13","status":"publish","type":"post","link":"https:\/\/tfk.fi\/wp1\/joulun-videokalenteri-13\/","title":{"rendered":"Joulun videokalenteri &#8211; 13"},"content":{"rendered":"\n<p>Tampereen Filharmoninen Kuoro julkaisee joulun alla Youtube-videoita kuoroteoksista, jotka ovat olleet valitsijalleen jollakin tavalla merkityksellisi\u00e4 tai rakkaita.<\/p>\n\n\n\n<p>Altto Anna Lyyran ehdotus kalenteriin on <em><a href=\"https:\/\/fi.wikipedia.org\/wiki\/Francis_Poulenc\">Francis Poulencin<\/a><\/em> <em><a href=\"https:\/\/en.wikipedia.org\/wiki\/Gloria_(Poulenc)\">Gloria<\/a><\/em>, 3. osa Domine Deus, Rex Celestis. <\/p>\n\n\n\n<p>\"Minua koskettaa teoksen harras, yht\u00e4aikaa hauras ja juhlallinen soinnikkuus ja yksinkertainen Kuninkaan kaipuu. Osan loppu on erityinen: p\u00e4\u00e4t\u00f6ssointu muuttuu septimiksi, ihan kuin sanoen, ett\u00e4 toivoa on eik\u00e4 kaikki lopukaan. Ovi on auki - mihin?\"<\/p>\n\n\n\n<p>Videolla esiintyv\u00e4t <em><a href=\"https:\/\/www.voicesofascension.org\/\">Voices of Ascension<\/a><\/em> Chorus &amp; Orchestra, johtajana <em><a href=\"https:\/\/en.wikipedia.org\/wiki\/Dennis_Keene\">Dennis Keene<\/a><\/em>, sopraanosolistina on Vanessa Vasquez ja urkurina Ren\u00e9e Anne Louprette.<\/p>\n\n\n\n<iframe loading=\"lazy\" width=\"100%\" height=\"400\" src=\"https:\/\/www.youtube.com\/embed\/4vdEF4GtXVI?list=PLDXsI8Zvj15IPqB5Msg5Oe93ZVdcVCktP\" frameborder=\"0\" allow=\"accelerometer; autoplay; clipboard-write; encrypted-media; gyroscope; picture-in-picture\" allowfullscreen=\"\"><\/iframe>\n\n\n\n<p><\/p>\n","protected":false},"excerpt":{"rendered":"<p>Tampereen Filharmoninen Kuoro julkaisee joulun alla Youtube-videoita kuoroteoksista, jotka ovat olleet valitsijalleen jollakin tavalla merkityksellisi\u00e4 tai rakkaita. Altto Anna Lyyran ehdotus kalenteriin on Francis Poulencin Gloria, 3. osa Domine Deus, Rex Celestis. \"Minua koskettaa teoksen harras, yht\u00e4aikaa hauras ja juhlallinen soinnikkuus ja yksinkertainen Kuninkaan kaipuu. Osan loppu on erityinen: p\u00e4\u00e4t\u00f6ssointu muuttuu septimiksi, ihan kuin sanoen, <a href=\"https:\/\/tfk.fi\/wp1\/joulun-videokalenteri-13\/\" class=\"more-link\">...jatka lukemista<span class=\"screen-reader-text\"> \"Joulun videokalenteri &#8211; 13\"<\/span><\/a><\/p>\n","protected":false},"author":1,"featured_media":0,"comment_status":"closed","ping_status":"closed","sticky":false,"template":"","format":"standard","meta":{"footnotes":""},"categories":[5],"tags":[20,30,31,8,9,28,10,53],"class_list":{"0":"post-829","1":"post","2":"type-post","3":"status-publish","4":"format-standard","6":"category-ajankohtaista","7":"tag-francis-poulenc","8":"tag-joulu","9":"tag-joulumusiikki","10":"tag-kuoro","11":"tag-kuorolaulu","12":"tag-kuoromusiikki","13":"tag-tampereen-filharmoninen-kuoro","14":"tag-voices-of-ascension","15":"h-entry","16":"hentry","17":"h-as-article"},"yoast_head":"<!-- This site is optimized with the Yoast SEO plugin v23.4 - https:\/\/yoast.com\/wordpress\/plugins\/seo\/ -->\n<title>Joulun videokalenteri - 13 - TAMPEREEN FILHARMONINEN KUORO<\/title>\n<meta name=\"robots\" content=\"index, follow, max-snippet:-1, max-image-preview:large, max-video-preview:-1\" \/>\n<link rel=\"canonical\" href=\"https:\/\/tfk.fi\/wp1\/joulun-videokalenteri-13\/\" \/>\n<meta property=\"og:locale\" content=\"fi_FI\" \/>\n<meta property=\"og:type\" content=\"article\" \/>\n<meta property=\"og:title\" content=\"Joulun videokalenteri - 13 - TAMPEREEN FILHARMONINEN KUORO\" \/>\n<meta property=\"og:description\" content=\"Tampereen Filharmoninen Kuoro julkaisee joulun alla Youtube-videoita kuoroteoksista, jotka ovat olleet valitsijalleen jollakin tavalla merkityksellisi\u00e4 tai rakkaita. Altto Anna Lyyran ehdotus kalenteriin on Francis Poulencin Gloria, 3. osa Domine Deus, Rex Celestis. &quot;Minua koskettaa teoksen harras, yht\u00e4aikaa hauras ja juhlallinen soinnikkuus ja yksinkertainen Kuninkaan kaipuu. Osan loppu on erityinen: p\u00e4\u00e4t\u00f6ssointu muuttuu septimiksi, ihan kuin sanoen, ...jatka lukemista &quot;Joulun videokalenteri &#8211; 13&quot;\" \/>\n<meta property=\"og:url\" content=\"https:\/\/tfk.fi\/wp1\/joulun-videokalenteri-13\/\" \/>\n<meta property=\"og:site_name\" content=\"TAMPEREEN FILHARMONINEN KUORO\" \/>\n<meta property=\"article:publisher\" content=\"https:\/\/fi-fi.facebook.com\/TampereenFilharmoninenKuoro\/\" \/>\n<meta property=\"article:published_time\" content=\"2020-12-12T22:01:03+00:00\" \/>\n<meta property=\"article:modified_time\" content=\"2020-12-04T22:35:58+00:00\" \/>\n<meta name=\"author\" content=\"by admin\" \/>\n<meta name=\"twitter:card\" content=\"summary_large_image\" \/>\n<meta name=\"twitter:creator\" content=\"@tfk_tampere\" \/>\n<meta name=\"twitter:site\" content=\"@tfk_tampere\" \/>\n<meta name=\"twitter:label1\" content=\"Kirjoittanut\" \/>\n\t<meta name=\"twitter:data1\" content=\"by admin\" \/>\n<script type=\"application\/ld+json\" class=\"yoast-schema-graph\">{\"@context\":\"https:\/\/schema.org\",\"@graph\":[{\"@type\":\"Article\",\"@id\":\"https:\/\/tfk.fi\/wp1\/joulun-videokalenteri-13\/#article\",\"isPartOf\":{\"@id\":\"https:\/\/tfk.fi\/wp1\/joulun-videokalenteri-13\/\"},\"author\":{\"name\":\"by admin\",\"@id\":\"https:\/\/tfk.fi\/wp1\/#\/schema\/person\/62082e74fe9513a38b7374d5d9ce95c2\"},\"headline\":\"Joulun videokalenteri &#8211; 13\",\"datePublished\":\"2020-12-12T22:01:03+00:00\",\"dateModified\":\"2020-12-04T22:35:58+00:00\",\"mainEntityOfPage\":{\"@id\":\"https:\/\/tfk.fi\/wp1\/joulun-videokalenteri-13\/\"},\"wordCount\":93,\"publisher\":{\"@id\":\"https:\/\/tfk.fi\/wp1\/#organization\"},\"keywords\":[\"Francis Poulenc\",\"Joulu\",\"joulumusiikki\",\"kuoro\",\"kuorolaulu\",\"Kuoromusiikki\",\"Tampereen Filharmoninen Kuoro\",\"Voices of Ascension\"],\"articleSection\":[\"Ajankohtaista\"],\"inLanguage\":\"fi\"},{\"@type\":\"WebPage\",\"@id\":\"https:\/\/tfk.fi\/wp1\/joulun-videokalenteri-13\/\",\"url\":\"https:\/\/tfk.fi\/wp1\/joulun-videokalenteri-13\/\",\"name\":\"Joulun videokalenteri - 13 - TAMPEREEN FILHARMONINEN KUORO\",\"isPartOf\":{\"@id\":\"https:\/\/tfk.fi\/wp1\/#website\"},\"datePublished\":\"2020-12-12T22:01:03+00:00\",\"dateModified\":\"2020-12-04T22:35:58+00:00\",\"breadcrumb\":{\"@id\":\"https:\/\/tfk.fi\/wp1\/joulun-videokalenteri-13\/#breadcrumb\"},\"inLanguage\":\"fi\",\"potentialAction\":[{\"@type\":\"ReadAction\",\"target\":[\"https:\/\/tfk.fi\/wp1\/joulun-videokalenteri-13\/\"]}]},{\"@type\":\"BreadcrumbList\",\"@id\":\"https:\/\/tfk.fi\/wp1\/joulun-videokalenteri-13\/#breadcrumb\",\"itemListElement\":[{\"@type\":\"ListItem\",\"position\":1,\"name\":\"Home\",\"item\":\"https:\/\/tfk.fi\/wp1\/\"},{\"@type\":\"ListItem\",\"position\":2,\"name\":\"Joulun videokalenteri &#8211; 13\"}]},{\"@type\":\"WebSite\",\"@id\":\"https:\/\/tfk.fi\/wp1\/#website\",\"url\":\"https:\/\/tfk.fi\/wp1\/\",\"name\":\"TAMPEREEN FILHARMONINEN KUORO\",\"description\":\"Tampere Philharmonic Choir\",\"publisher\":{\"@id\":\"https:\/\/tfk.fi\/wp1\/#organization\"},\"potentialAction\":[{\"@type\":\"SearchAction\",\"target\":{\"@type\":\"EntryPoint\",\"urlTemplate\":\"https:\/\/tfk.fi\/wp1\/?s={search_term_string}\"},\"query-input\":{\"@type\":\"PropertyValueSpecification\",\"valueRequired\":true,\"valueName\":\"search_term_string\"}}],\"inLanguage\":\"fi\"},{\"@type\":\"Organization\",\"@id\":\"https:\/\/tfk.fi\/wp1\/#organization\",\"name\":\"Tampereen Filharmoninen Kuoro\",\"url\":\"https:\/\/tfk.fi\/wp1\/\",\"logo\":{\"@type\":\"ImageObject\",\"inLanguage\":\"fi\",\"@id\":\"https:\/\/tfk.fi\/wp1\/#\/schema\/logo\/image\/\",\"url\":\"https:\/\/tfk.fi\/wp1\/wp-content\/uploads\/2018\/08\/TFK-logo_100x50.jpg\",\"contentUrl\":\"https:\/\/tfk.fi\/wp1\/wp-content\/uploads\/2018\/08\/TFK-logo_100x50.jpg\",\"width\":100,\"height\":53,\"caption\":\"Tampereen Filharmoninen Kuoro\"},\"image\":{\"@id\":\"https:\/\/tfk.fi\/wp1\/#\/schema\/logo\/image\/\"},\"sameAs\":[\"https:\/\/fi-fi.facebook.com\/TampereenFilharmoninenKuoro\/\",\"https:\/\/x.com\/tfk_tampere\",\"https:\/\/www.instagram.com\/tampereenfilharmoninenkuoro\/?hl=fi\",\"https:\/\/www.youtube.com\/channel\/UCHNsgug_VXv_-TiyOBP5_cg\/featured\",\"https:\/\/fi.wikipedia.org\/wiki\/Tampereen_Filharmoninen_Kuoro\"]},{\"@type\":\"Person\",\"@id\":\"https:\/\/tfk.fi\/wp1\/#\/schema\/person\/62082e74fe9513a38b7374d5d9ce95c2\",\"name\":\"by admin\",\"image\":{\"@type\":\"ImageObject\",\"inLanguage\":\"fi\",\"@id\":\"https:\/\/tfk.fi\/wp1\/#\/schema\/person\/image\/\",\"url\":\"https:\/\/secure.gravatar.com\/avatar\/255b2f2603a7bd1c61703ab5cf309e5426051a054a79f7d27a6296e4276329c9?s=96&d=mm&r=g\",\"contentUrl\":\"https:\/\/secure.gravatar.com\/avatar\/255b2f2603a7bd1c61703ab5cf309e5426051a054a79f7d27a6296e4276329c9?s=96&d=mm&r=g\",\"caption\":\"by admin\"},\"url\":\"https:\/\/tfk.fi\/wp1\/author\/admin\/\"}]}<\/script>\n<!-- \/ Yoast SEO plugin. -->","yoast_head_json":{"title":"Joulun videokalenteri - 13 - TAMPEREEN FILHARMONINEN KUORO","robots":{"index":"index","follow":"follow","max-snippet":"max-snippet:-1","max-image-preview":"max-image-preview:large","max-video-preview":"max-video-preview:-1"},"canonical":"https:\/\/tfk.fi\/wp1\/joulun-videokalenteri-13\/","og_locale":"fi_FI","og_type":"article","og_title":"Joulun videokalenteri - 13 - TAMPEREEN FILHARMONINEN KUORO","og_description":"Tampereen Filharmoninen Kuoro julkaisee joulun alla Youtube-videoita kuoroteoksista, jotka ovat olleet valitsijalleen jollakin tavalla merkityksellisi\u00e4 tai rakkaita. Altto Anna Lyyran ehdotus kalenteriin on Francis Poulencin Gloria, 3. osa Domine Deus, Rex Celestis. \"Minua koskettaa teoksen harras, yht\u00e4aikaa hauras ja juhlallinen soinnikkuus ja yksinkertainen Kuninkaan kaipuu. Osan loppu on erityinen: p\u00e4\u00e4t\u00f6ssointu muuttuu septimiksi, ihan kuin sanoen, ...jatka lukemista \"Joulun videokalenteri &#8211; 13\"","og_url":"https:\/\/tfk.fi\/wp1\/joulun-videokalenteri-13\/","og_site_name":"TAMPEREEN FILHARMONINEN KUORO","article_publisher":"https:\/\/fi-fi.facebook.com\/TampereenFilharmoninenKuoro\/","article_published_time":"2020-12-12T22:01:03+00:00","article_modified_time":"2020-12-04T22:35:58+00:00","author":"by admin","twitter_card":"summary_large_image","twitter_creator":"@tfk_tampere","twitter_site":"@tfk_tampere","twitter_misc":{"Kirjoittanut":"by admin"},"schema":{"@context":"https:\/\/schema.org","@graph":[{"@type":"Article","@id":"https:\/\/tfk.fi\/wp1\/joulun-videokalenteri-13\/#article","isPartOf":{"@id":"https:\/\/tfk.fi\/wp1\/joulun-videokalenteri-13\/"},"author":{"name":"by admin","@id":"https:\/\/tfk.fi\/wp1\/#\/schema\/person\/62082e74fe9513a38b7374d5d9ce95c2"},"headline":"Joulun videokalenteri &#8211; 13","datePublished":"2020-12-12T22:01:03+00:00","dateModified":"2020-12-04T22:35:58+00:00","mainEntityOfPage":{"@id":"https:\/\/tfk.fi\/wp1\/joulun-videokalenteri-13\/"},"wordCount":93,"publisher":{"@id":"https:\/\/tfk.fi\/wp1\/#organization"},"keywords":["Francis Poulenc","Joulu","joulumusiikki","kuoro","kuorolaulu","Kuoromusiikki","Tampereen Filharmoninen Kuoro","Voices of Ascension"],"articleSection":["Ajankohtaista"],"inLanguage":"fi"},{"@type":"WebPage","@id":"https:\/\/tfk.fi\/wp1\/joulun-videokalenteri-13\/","url":"https:\/\/tfk.fi\/wp1\/joulun-videokalenteri-13\/","name":"Joulun videokalenteri - 13 - TAMPEREEN FILHARMONINEN KUORO","isPartOf":{"@id":"https:\/\/tfk.fi\/wp1\/#website"},"datePublished":"2020-12-12T22:01:03+00:00","dateModified":"2020-12-04T22:35:58+00:00","breadcrumb":{"@id":"https:\/\/tfk.fi\/wp1\/joulun-videokalenteri-13\/#breadcrumb"},"inLanguage":"fi","potentialAction":[{"@type":"ReadAction","target":["https:\/\/tfk.fi\/wp1\/joulun-videokalenteri-13\/"]}]},{"@type":"BreadcrumbList","@id":"https:\/\/tfk.fi\/wp1\/joulun-videokalenteri-13\/#breadcrumb","itemListElement":[{"@type":"ListItem","position":1,"name":"Home","item":"https:\/\/tfk.fi\/wp1\/"},{"@type":"ListItem","position":2,"name":"Joulun videokalenteri &#8211; 13"}]},{"@type":"WebSite","@id":"https:\/\/tfk.fi\/wp1\/#website","url":"https:\/\/tfk.fi\/wp1\/","name":"TAMPEREEN FILHARMONINEN KUORO","description":"Tampere Philharmonic Choir","publisher":{"@id":"https:\/\/tfk.fi\/wp1\/#organization"},"potentialAction":[{"@type":"SearchAction","target":{"@type":"EntryPoint","urlTemplate":"https:\/\/tfk.fi\/wp1\/?s={search_term_string}"},"query-input":{"@type":"PropertyValueSpecification","valueRequired":true,"valueName":"search_term_string"}}],"inLanguage":"fi"},{"@type":"Organization","@id":"https:\/\/tfk.fi\/wp1\/#organization","name":"Tampereen Filharmoninen Kuoro","url":"https:\/\/tfk.fi\/wp1\/","logo":{"@type":"ImageObject","inLanguage":"fi","@id":"https:\/\/tfk.fi\/wp1\/#\/schema\/logo\/image\/","url":"https:\/\/tfk.fi\/wp1\/wp-content\/uploads\/2018\/08\/TFK-logo_100x50.jpg","contentUrl":"https:\/\/tfk.fi\/wp1\/wp-content\/uploads\/2018\/08\/TFK-logo_100x50.jpg","width":100,"height":53,"caption":"Tampereen Filharmoninen Kuoro"},"image":{"@id":"https:\/\/tfk.fi\/wp1\/#\/schema\/logo\/image\/"},"sameAs":["https:\/\/fi-fi.facebook.com\/TampereenFilharmoninenKuoro\/","https:\/\/x.com\/tfk_tampere","https:\/\/www.instagram.com\/tampereenfilharmoninenkuoro\/?hl=fi","https:\/\/www.youtube.com\/channel\/UCHNsgug_VXv_-TiyOBP5_cg\/featured","https:\/\/fi.wikipedia.org\/wiki\/Tampereen_Filharmoninen_Kuoro"]},{"@type":"Person","@id":"https:\/\/tfk.fi\/wp1\/#\/schema\/person\/62082e74fe9513a38b7374d5d9ce95c2","name":"by admin","image":{"@type":"ImageObject","inLanguage":"fi","@id":"https:\/\/tfk.fi\/wp1\/#\/schema\/person\/image\/","url":"https:\/\/secure.gravatar.com\/avatar\/255b2f2603a7bd1c61703ab5cf309e5426051a054a79f7d27a6296e4276329c9?s=96&d=mm&r=g","contentUrl":"https:\/\/secure.gravatar.com\/avatar\/255b2f2603a7bd1c61703ab5cf309e5426051a054a79f7d27a6296e4276329c9?s=96&d=mm&r=g","caption":"by admin"},"url":"https:\/\/tfk.fi\/wp1\/author\/admin\/"}]}},"_links":{"self":[{"href":"https:\/\/tfk.fi\/wp1\/wp-json\/wp\/v2\/posts\/829","targetHints":{"allow":["GET"]}}],"collection":[{"href":"https:\/\/tfk.fi\/wp1\/wp-json\/wp\/v2\/posts"}],"about":[{"href":"https:\/\/tfk.fi\/wp1\/wp-json\/wp\/v2\/types\/post"}],"author":[{"embeddable":true,"href":"https:\/\/tfk.fi\/wp1\/wp-json\/wp\/v2\/users\/1"}],"replies":[{"embeddable":true,"href":"https:\/\/tfk.fi\/wp1\/wp-json\/wp\/v2\/comments?post=829"}],"version-history":[{"count":3,"href":"https:\/\/tfk.fi\/wp1\/wp-json\/wp\/v2\/posts\/829\/revisions"}],"predecessor-version":[{"id":842,"href":"https:\/\/tfk.fi\/wp1\/wp-json\/wp\/v2\/posts\/829\/revisions\/842"}],"wp:attachment":[{"href":"https:\/\/tfk.fi\/wp1\/wp-json\/wp\/v2\/media?parent=829"}],"wp:term":[{"taxonomy":"category","embeddable":true,"href":"https:\/\/tfk.fi\/wp1\/wp-json\/wp\/v2\/categories?post=829"},{"taxonomy":"post_tag","embeddable":true,"href":"https:\/\/tfk.fi\/wp1\/wp-json\/wp\/v2\/tags?post=829"}],"curies":[{"name":"wp","href":"https:\/\/api.w.org\/{rel}","templated":true}]}}