{"id":874,"date":"2020-12-16T00:01:00","date_gmt":"2020-12-15T22:01:00","guid":{"rendered":"http:\/\/tfk.fi\/wp1\/?p=874"},"modified":"2020-12-15T16:14:31","modified_gmt":"2020-12-15T14:14:31","slug":"joulun-videokalenteri-16-2","status":"publish","type":"post","link":"https:\/\/tfk.fi\/wp1\/joulun-videokalenteri-16-2\/","title":{"rendered":"Joulun videokalenteri &#8211; 16"},"content":{"rendered":"\n<p>Tampereen Filharmoninen Kuoro julkaisee joulun alla Youtube-videoita kuoroteoksista, jotka ovat olleet valitsijalleen jollakin tavalla merkityksellisi\u00e4 tai rakkaita.<\/p>\n\n\n\n<p>Tarja Reijosen tuore joulusuosikki on tunnelmaa tihkuva Kopp\u00e5ngen. Kappaleen on s\u00e4velt\u00e4nyt <em><a href=\"https:\/\/sv.wikipedia.org\/wiki\/Per-Erik_Moraeus\">Pererik Moraeus<\/a><\/em> ja sovittanut  <em><a href=\"https:\/\/sv.wikipedia.org\/wiki\/Robert_Sund\">Robert Sund<\/a><\/em>. Laulun sanat ovat <em><a href=\"https:\/\/en.wikipedia.org\/wiki\/Py_B%C3%A4ckman\">Py B\u00e4ckmanin<\/a><\/em>:<br><em>\"Och ett sken ifr\u00e5n ljusen<br>Bakom f\u00f6nstrets v\u00e4lvda ram<br>Har f\u00f6renat de sj\u00e4lar<br>Som finns med oss h\u00e4r i tiden<br>Och jag vet att de som har l\u00e4mnat oss<br>Har f\u00f6rst\u00e5tt att vi \u00e4r<br>Liksom fladdrande l\u00e5gor<br>S\u00e5 l\u00e4nge vi \u00e4r h\u00e4r\"<\/em><\/p>\n\n\n\n<p>Laulun esitt\u00e4\u00e4 videolla <em><a href=\"https:\/\/www.helsinginseurakunnat.fi\/meilahdenkirkko.html.stx\">Meilahden kirkossa<\/a><\/em> hieno kotimainen <em><a href=\"https:\/\/spiraensemble.fi\/fi\/kuoro\/\">Spira Ensemble<\/a><\/em>.<\/p>\n\n\n\n<iframe loading=\"lazy\" width=\"100%\" height=\"400\" src=\"https:\/\/www.youtube.com\/embed\/ueA-ljolHDk\" frameborder=\"0\" allow=\"accelerometer; autoplay; clipboard-write; encrypted-media; gyroscope; picture-in-picture\" allowfullscreen><\/iframe>\n","protected":false},"excerpt":{"rendered":"<p>Tampereen Filharmoninen Kuoro julkaisee joulun alla Youtube-videoita kuoroteoksista, jotka ovat olleet valitsijalleen jollakin tavalla merkityksellisi\u00e4 tai rakkaita. Tarja Reijosen tuore joulusuosikki on tunnelmaa tihkuva Kopp\u00e5ngen. Kappaleen on s\u00e4velt\u00e4nyt Pererik Moraeus ja sovittanut Robert Sund. Laulun sanat ovat Py B\u00e4ckmanin:\"Och ett sken ifr\u00e5n ljusenBakom f\u00f6nstrets v\u00e4lvda ramHar f\u00f6renat de sj\u00e4larSom finns med oss h\u00e4r i tidenOch <a href=\"https:\/\/tfk.fi\/wp1\/joulun-videokalenteri-16-2\/\" class=\"more-link\">...jatka lukemista<span class=\"screen-reader-text\"> \"Joulun videokalenteri &#8211; 16\"<\/span><\/a><\/p>\n","protected":false},"author":1,"featured_media":0,"comment_status":"closed","ping_status":"closed","sticky":false,"template":"","format":"standard","meta":{"footnotes":""},"categories":[5],"tags":[30,31,8,9,28,62,10],"class_list":{"0":"post-874","1":"post","2":"type-post","3":"status-publish","4":"format-standard","6":"category-ajankohtaista","7":"tag-joulu","8":"tag-joulumusiikki","9":"tag-kuoro","10":"tag-kuorolaulu","11":"tag-kuoromusiikki","12":"tag-spira-ensemble","13":"tag-tampereen-filharmoninen-kuoro","14":"h-entry","15":"hentry","16":"h-as-article"},"yoast_head":"<!-- This site is optimized with the Yoast SEO plugin v23.4 - https:\/\/yoast.com\/wordpress\/plugins\/seo\/ -->\n<title>Joulun videokalenteri - 16 - TAMPEREEN FILHARMONINEN KUORO<\/title>\n<meta name=\"robots\" content=\"index, follow, max-snippet:-1, max-image-preview:large, max-video-preview:-1\" \/>\n<link rel=\"canonical\" href=\"https:\/\/tfk.fi\/wp1\/joulun-videokalenteri-16-2\/\" \/>\n<meta property=\"og:locale\" content=\"fi_FI\" \/>\n<meta property=\"og:type\" content=\"article\" \/>\n<meta property=\"og:title\" content=\"Joulun videokalenteri - 16 - TAMPEREEN FILHARMONINEN KUORO\" \/>\n<meta property=\"og:description\" content=\"Tampereen Filharmoninen Kuoro julkaisee joulun alla Youtube-videoita kuoroteoksista, jotka ovat olleet valitsijalleen jollakin tavalla merkityksellisi\u00e4 tai rakkaita. Tarja Reijosen tuore joulusuosikki on tunnelmaa tihkuva Kopp\u00e5ngen. Kappaleen on s\u00e4velt\u00e4nyt Pererik Moraeus ja sovittanut Robert Sund. Laulun sanat ovat Py B\u00e4ckmanin:&quot;Och ett sken ifr\u00e5n ljusenBakom f\u00f6nstrets v\u00e4lvda ramHar f\u00f6renat de sj\u00e4larSom finns med oss h\u00e4r i tidenOch ...jatka lukemista &quot;Joulun videokalenteri &#8211; 16&quot;\" \/>\n<meta property=\"og:url\" content=\"https:\/\/tfk.fi\/wp1\/joulun-videokalenteri-16-2\/\" \/>\n<meta property=\"og:site_name\" content=\"TAMPEREEN FILHARMONINEN KUORO\" \/>\n<meta property=\"article:publisher\" content=\"https:\/\/fi-fi.facebook.com\/TampereenFilharmoninenKuoro\/\" \/>\n<meta property=\"article:published_time\" content=\"2020-12-15T22:01:00+00:00\" \/>\n<meta property=\"article:modified_time\" content=\"2020-12-15T14:14:31+00:00\" \/>\n<meta name=\"author\" content=\"by admin\" \/>\n<meta name=\"twitter:card\" content=\"summary_large_image\" \/>\n<meta name=\"twitter:creator\" content=\"@tfk_tampere\" \/>\n<meta name=\"twitter:site\" content=\"@tfk_tampere\" \/>\n<meta name=\"twitter:label1\" content=\"Kirjoittanut\" \/>\n\t<meta name=\"twitter:data1\" content=\"by admin\" \/>\n<script type=\"application\/ld+json\" class=\"yoast-schema-graph\">{\"@context\":\"https:\/\/schema.org\",\"@graph\":[{\"@type\":\"Article\",\"@id\":\"https:\/\/tfk.fi\/wp1\/joulun-videokalenteri-16-2\/#article\",\"isPartOf\":{\"@id\":\"https:\/\/tfk.fi\/wp1\/joulun-videokalenteri-16-2\/\"},\"author\":{\"name\":\"by admin\",\"@id\":\"https:\/\/tfk.fi\/wp1\/#\/schema\/person\/62082e74fe9513a38b7374d5d9ce95c2\"},\"headline\":\"Joulun videokalenteri &#8211; 16\",\"datePublished\":\"2020-12-15T22:01:00+00:00\",\"dateModified\":\"2020-12-15T14:14:31+00:00\",\"mainEntityOfPage\":{\"@id\":\"https:\/\/tfk.fi\/wp1\/joulun-videokalenteri-16-2\/\"},\"wordCount\":102,\"publisher\":{\"@id\":\"https:\/\/tfk.fi\/wp1\/#organization\"},\"keywords\":[\"Joulu\",\"joulumusiikki\",\"kuoro\",\"kuorolaulu\",\"Kuoromusiikki\",\"Spira Ensemble\",\"Tampereen Filharmoninen Kuoro\"],\"articleSection\":[\"Ajankohtaista\"],\"inLanguage\":\"fi\"},{\"@type\":\"WebPage\",\"@id\":\"https:\/\/tfk.fi\/wp1\/joulun-videokalenteri-16-2\/\",\"url\":\"https:\/\/tfk.fi\/wp1\/joulun-videokalenteri-16-2\/\",\"name\":\"Joulun videokalenteri - 16 - TAMPEREEN FILHARMONINEN KUORO\",\"isPartOf\":{\"@id\":\"https:\/\/tfk.fi\/wp1\/#website\"},\"datePublished\":\"2020-12-15T22:01:00+00:00\",\"dateModified\":\"2020-12-15T14:14:31+00:00\",\"breadcrumb\":{\"@id\":\"https:\/\/tfk.fi\/wp1\/joulun-videokalenteri-16-2\/#breadcrumb\"},\"inLanguage\":\"fi\",\"potentialAction\":[{\"@type\":\"ReadAction\",\"target\":[\"https:\/\/tfk.fi\/wp1\/joulun-videokalenteri-16-2\/\"]}]},{\"@type\":\"BreadcrumbList\",\"@id\":\"https:\/\/tfk.fi\/wp1\/joulun-videokalenteri-16-2\/#breadcrumb\",\"itemListElement\":[{\"@type\":\"ListItem\",\"position\":1,\"name\":\"Home\",\"item\":\"https:\/\/tfk.fi\/wp1\/\"},{\"@type\":\"ListItem\",\"position\":2,\"name\":\"Joulun videokalenteri &#8211; 16\"}]},{\"@type\":\"WebSite\",\"@id\":\"https:\/\/tfk.fi\/wp1\/#website\",\"url\":\"https:\/\/tfk.fi\/wp1\/\",\"name\":\"TAMPEREEN FILHARMONINEN KUORO\",\"description\":\"Tampere Philharmonic Choir\",\"publisher\":{\"@id\":\"https:\/\/tfk.fi\/wp1\/#organization\"},\"potentialAction\":[{\"@type\":\"SearchAction\",\"target\":{\"@type\":\"EntryPoint\",\"urlTemplate\":\"https:\/\/tfk.fi\/wp1\/?s={search_term_string}\"},\"query-input\":{\"@type\":\"PropertyValueSpecification\",\"valueRequired\":true,\"valueName\":\"search_term_string\"}}],\"inLanguage\":\"fi\"},{\"@type\":\"Organization\",\"@id\":\"https:\/\/tfk.fi\/wp1\/#organization\",\"name\":\"Tampereen Filharmoninen Kuoro\",\"url\":\"https:\/\/tfk.fi\/wp1\/\",\"logo\":{\"@type\":\"ImageObject\",\"inLanguage\":\"fi\",\"@id\":\"https:\/\/tfk.fi\/wp1\/#\/schema\/logo\/image\/\",\"url\":\"https:\/\/tfk.fi\/wp1\/wp-content\/uploads\/2018\/08\/TFK-logo_100x50.jpg\",\"contentUrl\":\"https:\/\/tfk.fi\/wp1\/wp-content\/uploads\/2018\/08\/TFK-logo_100x50.jpg\",\"width\":100,\"height\":53,\"caption\":\"Tampereen Filharmoninen Kuoro\"},\"image\":{\"@id\":\"https:\/\/tfk.fi\/wp1\/#\/schema\/logo\/image\/\"},\"sameAs\":[\"https:\/\/fi-fi.facebook.com\/TampereenFilharmoninenKuoro\/\",\"https:\/\/x.com\/tfk_tampere\",\"https:\/\/www.instagram.com\/tampereenfilharmoninenkuoro\/?hl=fi\",\"https:\/\/www.youtube.com\/channel\/UCHNsgug_VXv_-TiyOBP5_cg\/featured\",\"https:\/\/fi.wikipedia.org\/wiki\/Tampereen_Filharmoninen_Kuoro\"]},{\"@type\":\"Person\",\"@id\":\"https:\/\/tfk.fi\/wp1\/#\/schema\/person\/62082e74fe9513a38b7374d5d9ce95c2\",\"name\":\"by admin\",\"image\":{\"@type\":\"ImageObject\",\"inLanguage\":\"fi\",\"@id\":\"https:\/\/tfk.fi\/wp1\/#\/schema\/person\/image\/\",\"url\":\"https:\/\/secure.gravatar.com\/avatar\/255b2f2603a7bd1c61703ab5cf309e5426051a054a79f7d27a6296e4276329c9?s=96&d=mm&r=g\",\"contentUrl\":\"https:\/\/secure.gravatar.com\/avatar\/255b2f2603a7bd1c61703ab5cf309e5426051a054a79f7d27a6296e4276329c9?s=96&d=mm&r=g\",\"caption\":\"by admin\"},\"url\":\"https:\/\/tfk.fi\/wp1\/author\/admin\/\"}]}<\/script>\n<!-- \/ Yoast SEO plugin. -->","yoast_head_json":{"title":"Joulun videokalenteri - 16 - TAMPEREEN FILHARMONINEN KUORO","robots":{"index":"index","follow":"follow","max-snippet":"max-snippet:-1","max-image-preview":"max-image-preview:large","max-video-preview":"max-video-preview:-1"},"canonical":"https:\/\/tfk.fi\/wp1\/joulun-videokalenteri-16-2\/","og_locale":"fi_FI","og_type":"article","og_title":"Joulun videokalenteri - 16 - TAMPEREEN FILHARMONINEN KUORO","og_description":"Tampereen Filharmoninen Kuoro julkaisee joulun alla Youtube-videoita kuoroteoksista, jotka ovat olleet valitsijalleen jollakin tavalla merkityksellisi\u00e4 tai rakkaita. Tarja Reijosen tuore joulusuosikki on tunnelmaa tihkuva Kopp\u00e5ngen. Kappaleen on s\u00e4velt\u00e4nyt Pererik Moraeus ja sovittanut Robert Sund. Laulun sanat ovat Py B\u00e4ckmanin:\"Och ett sken ifr\u00e5n ljusenBakom f\u00f6nstrets v\u00e4lvda ramHar f\u00f6renat de sj\u00e4larSom finns med oss h\u00e4r i tidenOch ...jatka lukemista \"Joulun videokalenteri &#8211; 16\"","og_url":"https:\/\/tfk.fi\/wp1\/joulun-videokalenteri-16-2\/","og_site_name":"TAMPEREEN FILHARMONINEN KUORO","article_publisher":"https:\/\/fi-fi.facebook.com\/TampereenFilharmoninenKuoro\/","article_published_time":"2020-12-15T22:01:00+00:00","article_modified_time":"2020-12-15T14:14:31+00:00","author":"by admin","twitter_card":"summary_large_image","twitter_creator":"@tfk_tampere","twitter_site":"@tfk_tampere","twitter_misc":{"Kirjoittanut":"by admin"},"schema":{"@context":"https:\/\/schema.org","@graph":[{"@type":"Article","@id":"https:\/\/tfk.fi\/wp1\/joulun-videokalenteri-16-2\/#article","isPartOf":{"@id":"https:\/\/tfk.fi\/wp1\/joulun-videokalenteri-16-2\/"},"author":{"name":"by admin","@id":"https:\/\/tfk.fi\/wp1\/#\/schema\/person\/62082e74fe9513a38b7374d5d9ce95c2"},"headline":"Joulun videokalenteri &#8211; 16","datePublished":"2020-12-15T22:01:00+00:00","dateModified":"2020-12-15T14:14:31+00:00","mainEntityOfPage":{"@id":"https:\/\/tfk.fi\/wp1\/joulun-videokalenteri-16-2\/"},"wordCount":102,"publisher":{"@id":"https:\/\/tfk.fi\/wp1\/#organization"},"keywords":["Joulu","joulumusiikki","kuoro","kuorolaulu","Kuoromusiikki","Spira Ensemble","Tampereen Filharmoninen Kuoro"],"articleSection":["Ajankohtaista"],"inLanguage":"fi"},{"@type":"WebPage","@id":"https:\/\/tfk.fi\/wp1\/joulun-videokalenteri-16-2\/","url":"https:\/\/tfk.fi\/wp1\/joulun-videokalenteri-16-2\/","name":"Joulun videokalenteri - 16 - TAMPEREEN FILHARMONINEN KUORO","isPartOf":{"@id":"https:\/\/tfk.fi\/wp1\/#website"},"datePublished":"2020-12-15T22:01:00+00:00","dateModified":"2020-12-15T14:14:31+00:00","breadcrumb":{"@id":"https:\/\/tfk.fi\/wp1\/joulun-videokalenteri-16-2\/#breadcrumb"},"inLanguage":"fi","potentialAction":[{"@type":"ReadAction","target":["https:\/\/tfk.fi\/wp1\/joulun-videokalenteri-16-2\/"]}]},{"@type":"BreadcrumbList","@id":"https:\/\/tfk.fi\/wp1\/joulun-videokalenteri-16-2\/#breadcrumb","itemListElement":[{"@type":"ListItem","position":1,"name":"Home","item":"https:\/\/tfk.fi\/wp1\/"},{"@type":"ListItem","position":2,"name":"Joulun videokalenteri &#8211; 16"}]},{"@type":"WebSite","@id":"https:\/\/tfk.fi\/wp1\/#website","url":"https:\/\/tfk.fi\/wp1\/","name":"TAMPEREEN FILHARMONINEN KUORO","description":"Tampere Philharmonic Choir","publisher":{"@id":"https:\/\/tfk.fi\/wp1\/#organization"},"potentialAction":[{"@type":"SearchAction","target":{"@type":"EntryPoint","urlTemplate":"https:\/\/tfk.fi\/wp1\/?s={search_term_string}"},"query-input":{"@type":"PropertyValueSpecification","valueRequired":true,"valueName":"search_term_string"}}],"inLanguage":"fi"},{"@type":"Organization","@id":"https:\/\/tfk.fi\/wp1\/#organization","name":"Tampereen Filharmoninen Kuoro","url":"https:\/\/tfk.fi\/wp1\/","logo":{"@type":"ImageObject","inLanguage":"fi","@id":"https:\/\/tfk.fi\/wp1\/#\/schema\/logo\/image\/","url":"https:\/\/tfk.fi\/wp1\/wp-content\/uploads\/2018\/08\/TFK-logo_100x50.jpg","contentUrl":"https:\/\/tfk.fi\/wp1\/wp-content\/uploads\/2018\/08\/TFK-logo_100x50.jpg","width":100,"height":53,"caption":"Tampereen Filharmoninen Kuoro"},"image":{"@id":"https:\/\/tfk.fi\/wp1\/#\/schema\/logo\/image\/"},"sameAs":["https:\/\/fi-fi.facebook.com\/TampereenFilharmoninenKuoro\/","https:\/\/x.com\/tfk_tampere","https:\/\/www.instagram.com\/tampereenfilharmoninenkuoro\/?hl=fi","https:\/\/www.youtube.com\/channel\/UCHNsgug_VXv_-TiyOBP5_cg\/featured","https:\/\/fi.wikipedia.org\/wiki\/Tampereen_Filharmoninen_Kuoro"]},{"@type":"Person","@id":"https:\/\/tfk.fi\/wp1\/#\/schema\/person\/62082e74fe9513a38b7374d5d9ce95c2","name":"by admin","image":{"@type":"ImageObject","inLanguage":"fi","@id":"https:\/\/tfk.fi\/wp1\/#\/schema\/person\/image\/","url":"https:\/\/secure.gravatar.com\/avatar\/255b2f2603a7bd1c61703ab5cf309e5426051a054a79f7d27a6296e4276329c9?s=96&d=mm&r=g","contentUrl":"https:\/\/secure.gravatar.com\/avatar\/255b2f2603a7bd1c61703ab5cf309e5426051a054a79f7d27a6296e4276329c9?s=96&d=mm&r=g","caption":"by admin"},"url":"https:\/\/tfk.fi\/wp1\/author\/admin\/"}]}},"_links":{"self":[{"href":"https:\/\/tfk.fi\/wp1\/wp-json\/wp\/v2\/posts\/874","targetHints":{"allow":["GET"]}}],"collection":[{"href":"https:\/\/tfk.fi\/wp1\/wp-json\/wp\/v2\/posts"}],"about":[{"href":"https:\/\/tfk.fi\/wp1\/wp-json\/wp\/v2\/types\/post"}],"author":[{"embeddable":true,"href":"https:\/\/tfk.fi\/wp1\/wp-json\/wp\/v2\/users\/1"}],"replies":[{"embeddable":true,"href":"https:\/\/tfk.fi\/wp1\/wp-json\/wp\/v2\/comments?post=874"}],"version-history":[{"count":2,"href":"https:\/\/tfk.fi\/wp1\/wp-json\/wp\/v2\/posts\/874\/revisions"}],"predecessor-version":[{"id":877,"href":"https:\/\/tfk.fi\/wp1\/wp-json\/wp\/v2\/posts\/874\/revisions\/877"}],"wp:attachment":[{"href":"https:\/\/tfk.fi\/wp1\/wp-json\/wp\/v2\/media?parent=874"}],"wp:term":[{"taxonomy":"category","embeddable":true,"href":"https:\/\/tfk.fi\/wp1\/wp-json\/wp\/v2\/categories?post=874"},{"taxonomy":"post_tag","embeddable":true,"href":"https:\/\/tfk.fi\/wp1\/wp-json\/wp\/v2\/tags?post=874"}],"curies":[{"name":"wp","href":"https:\/\/api.w.org\/{rel}","templated":true}]}}